{"id":832,"date":"2023-04-12T11:36:37","date_gmt":"2023-04-12T09:36:37","guid":{"rendered":"https:\/\/baptistetellier.fr\/?p=832"},"modified":"2023-04-12T11:39:58","modified_gmt":"2023-04-12T09:39:58","slug":"veeam-backup-replication-v12-pret-a-sauter-le-pas","status":"publish","type":"post","link":"https:\/\/baptistetellier.fr\/index.php\/2023\/04\/12\/veeam-backup-replication-v12-pret-a-sauter-le-pas\/","title":{"rendered":"Veeam Backup &#038; Replication V12 &#8211; Pr\u00eat \u00e0 sauter le pas ?"},"content":{"rendered":"<p>Bonjour \u00e0 tous,<\/p>\n<p>Je vous propose dans cette vid\u00e9o de voir ou revoir le processus d&rsquo;upgrade en v12 pour Veeam Backup &amp; Replication ainsi que les sp\u00e9cificit\u00e9s li\u00e9es aux diff\u00e9rents composants.<\/p>\n<p>Cette vid\u00e9o est extraite du Veeam Technical Cloud Club 2023 h1 !<\/p>\n<p><iframe loading=\"lazy\" title=\"YouTube video player\" src=\"https:\/\/www.youtube.com\/embed\/o1ky4BuPlMY\" width=\"560\" height=\"315\" frameborder=\"0\" allowfullscreen=\"allowfullscreen\"><\/iframe><\/p>\n","protected":false},"excerpt":{"rendered":"<p>Bonjour \u00e0 tous, Je vous propose dans cette vid\u00e9o de voir ou revoir le processus d&rsquo;upgrade en v12 pour Veeam Backup &amp; Replication ainsi que les sp\u00e9cificit\u00e9s li\u00e9es aux diff\u00e9rents composants. Cette vid\u00e9o est extraite du Veeam Technical Cloud Club 2023 h1 !<\/p>\n","protected":false},"author":1,"featured_media":837,"comment_status":"open","ping_status":"open","sticky":false,"template":"","format":"standard","meta":{"_monsterinsights_skip_tracking":false,"_monsterinsights_sitenote_active":false,"_monsterinsights_sitenote_note":"","_monsterinsights_sitenote_category":0,"footnotes":""},"categories":[5,2],"tags":[26,19,42,54,55,17,25,89,40],"class_list":["post-832","post","type-post","status-publish","format-standard","has-post-thumbnail","hentry","category-vbr","category-veeam","tag-backup-replication","tag-cloud-provider","tag-update","tag-vbr","tag-vbr-v12","tag-veeam","tag-veeam-backup","tag-veeam-v12","tag-veille-technologique"],"yoast_head":"<!-- This site is optimized with the Yoast SEO plugin v27.5 - https:\/\/yoast.com\/product\/yoast-seo-wordpress\/ -->\n<title>Veeam Backup &amp; Replication V12 - Pr\u00eat \u00e0 sauter le pas ? - Baptiste Tellier<\/title>\n<meta name=\"description\" content=\"Baptiste Tellier Veeam Backup &amp; Replication V12 - Pr\u00eat \u00e0 sauter le pas ? - VBR - Focus sur les VCSP - Veeam Cloud Service Provider about Veeam Cloud Connect and more !\" \/>\n<meta name=\"robots\" content=\"index, follow, max-snippet:-1, max-image-preview:large, max-video-preview:-1\" \/>\n<link rel=\"canonical\" href=\"https:\/\/baptistetellier.fr\/index.php\/2023\/04\/12\/veeam-backup-replication-v12-pret-a-sauter-le-pas\/\" \/>\n<meta property=\"og:locale\" content=\"fr_FR\" \/>\n<meta property=\"og:type\" content=\"article\" \/>\n<meta property=\"og:title\" content=\"Veeam Backup &amp; Replication V12 - Pr\u00eat \u00e0 sauter le pas ? - Baptiste Tellier\" \/>\n<meta property=\"og:description\" content=\"Baptiste Tellier Veeam Backup &amp; Replication V12 - Pr\u00eat \u00e0 sauter le pas ? - VBR - Focus sur les VCSP - Veeam Cloud Service Provider about Veeam Cloud Connect and more !\" \/>\n<meta property=\"og:url\" content=\"https:\/\/baptistetellier.fr\/index.php\/2023\/04\/12\/veeam-backup-replication-v12-pret-a-sauter-le-pas\/\" \/>\n<meta property=\"og:site_name\" content=\"Baptiste Tellier\" \/>\n<meta property=\"article:published_time\" content=\"2023-04-12T09:36:37+00:00\" \/>\n<meta property=\"article:modified_time\" content=\"2023-04-12T09:39:58+00:00\" \/>\n<meta property=\"og:image\" content=\"https:\/\/baptistetellier.fr\/wp-content\/uploads\/2023\/04\/POWERPNT_bj7CqNOb6i.png\" \/>\n\t<meta property=\"og:image:width\" content=\"1116\" \/>\n\t<meta property=\"og:image:height\" content=\"338\" \/>\n\t<meta property=\"og:image:type\" content=\"image\/png\" \/>\n<meta name=\"author\" content=\"Baptiste Tellier\" \/>\n<meta name=\"twitter:card\" content=\"summary_large_image\" \/>\n<meta name=\"twitter:label1\" content=\"\u00c9crit par\" \/>\n\t<meta name=\"twitter:data1\" content=\"Baptiste Tellier\" \/>\n\t<meta name=\"twitter:label2\" content=\"Dur\u00e9e de lecture estim\u00e9e\" \/>\n\t<meta name=\"twitter:data2\" content=\"1 minute\" \/>\n<script type=\"application\/ld+json\" class=\"yoast-schema-graph\">{\"@context\":\"https:\\\/\\\/schema.org\",\"@graph\":[{\"@type\":\"Article\",\"@id\":\"https:\\\/\\\/baptistetellier.fr\\\/index.php\\\/2023\\\/04\\\/12\\\/veeam-backup-replication-v12-pret-a-sauter-le-pas\\\/#article\",\"isPartOf\":{\"@id\":\"https:\\\/\\\/baptistetellier.fr\\\/index.php\\\/2023\\\/04\\\/12\\\/veeam-backup-replication-v12-pret-a-sauter-le-pas\\\/\"},\"author\":{\"name\":\"Baptiste Tellier\",\"@id\":\"https:\\\/\\\/baptistetellier.fr\\\/#\\\/schema\\\/person\\\/0e3e43784261c58dd916e9f0a1673541\"},\"headline\":\"Veeam Backup &#038; Replication V12 &#8211; Pr\u00eat \u00e0 sauter le pas ?\",\"datePublished\":\"2023-04-12T09:36:37+00:00\",\"dateModified\":\"2023-04-12T09:39:58+00:00\",\"mainEntityOfPage\":{\"@id\":\"https:\\\/\\\/baptistetellier.fr\\\/index.php\\\/2023\\\/04\\\/12\\\/veeam-backup-replication-v12-pret-a-sauter-le-pas\\\/\"},\"wordCount\":57,\"commentCount\":0,\"publisher\":{\"@id\":\"https:\\\/\\\/baptistetellier.fr\\\/#\\\/schema\\\/person\\\/0e3e43784261c58dd916e9f0a1673541\"},\"image\":{\"@id\":\"https:\\\/\\\/baptistetellier.fr\\\/index.php\\\/2023\\\/04\\\/12\\\/veeam-backup-replication-v12-pret-a-sauter-le-pas\\\/#primaryimage\"},\"thumbnailUrl\":\"https:\\\/\\\/baptistetellier.fr\\\/wp-content\\\/uploads\\\/2023\\\/04\\\/POWERPNT_bj7CqNOb6i.png\",\"keywords\":[\"backup &amp; replication\",\"Cloud provider\",\"update\",\"VBR\",\"VBR v12\",\"Veeam\",\"Veeam Backup\",\"veeam v12\",\"veille technologique\"],\"articleSection\":[\"VBR\",\"Veeam\"],\"inLanguage\":\"fr-FR\",\"potentialAction\":[{\"@type\":\"CommentAction\",\"name\":\"Comment\",\"target\":[\"https:\\\/\\\/baptistetellier.fr\\\/index.php\\\/2023\\\/04\\\/12\\\/veeam-backup-replication-v12-pret-a-sauter-le-pas\\\/#respond\"]}]},{\"@type\":\"WebPage\",\"@id\":\"https:\\\/\\\/baptistetellier.fr\\\/index.php\\\/2023\\\/04\\\/12\\\/veeam-backup-replication-v12-pret-a-sauter-le-pas\\\/\",\"url\":\"https:\\\/\\\/baptistetellier.fr\\\/index.php\\\/2023\\\/04\\\/12\\\/veeam-backup-replication-v12-pret-a-sauter-le-pas\\\/\",\"name\":\"Veeam Backup & Replication V12 - Pr\u00eat \u00e0 sauter le pas ? - Baptiste Tellier\",\"isPartOf\":{\"@id\":\"https:\\\/\\\/baptistetellier.fr\\\/#website\"},\"primaryImageOfPage\":{\"@id\":\"https:\\\/\\\/baptistetellier.fr\\\/index.php\\\/2023\\\/04\\\/12\\\/veeam-backup-replication-v12-pret-a-sauter-le-pas\\\/#primaryimage\"},\"image\":{\"@id\":\"https:\\\/\\\/baptistetellier.fr\\\/index.php\\\/2023\\\/04\\\/12\\\/veeam-backup-replication-v12-pret-a-sauter-le-pas\\\/#primaryimage\"},\"thumbnailUrl\":\"https:\\\/\\\/baptistetellier.fr\\\/wp-content\\\/uploads\\\/2023\\\/04\\\/POWERPNT_bj7CqNOb6i.png\",\"datePublished\":\"2023-04-12T09:36:37+00:00\",\"dateModified\":\"2023-04-12T09:39:58+00:00\",\"description\":\"Baptiste Tellier Veeam Backup & Replication V12 - Pr\u00eat \u00e0 sauter le pas ? - VBR - Focus sur les VCSP - Veeam Cloud Service Provider about Veeam Cloud Connect and more !\",\"breadcrumb\":{\"@id\":\"https:\\\/\\\/baptistetellier.fr\\\/index.php\\\/2023\\\/04\\\/12\\\/veeam-backup-replication-v12-pret-a-sauter-le-pas\\\/#breadcrumb\"},\"inLanguage\":\"fr-FR\",\"potentialAction\":[{\"@type\":\"ReadAction\",\"target\":[\"https:\\\/\\\/baptistetellier.fr\\\/index.php\\\/2023\\\/04\\\/12\\\/veeam-backup-replication-v12-pret-a-sauter-le-pas\\\/\"]}]},{\"@type\":\"ImageObject\",\"inLanguage\":\"fr-FR\",\"@id\":\"https:\\\/\\\/baptistetellier.fr\\\/index.php\\\/2023\\\/04\\\/12\\\/veeam-backup-replication-v12-pret-a-sauter-le-pas\\\/#primaryimage\",\"url\":\"https:\\\/\\\/baptistetellier.fr\\\/wp-content\\\/uploads\\\/2023\\\/04\\\/POWERPNT_bj7CqNOb6i.png\",\"contentUrl\":\"https:\\\/\\\/baptistetellier.fr\\\/wp-content\\\/uploads\\\/2023\\\/04\\\/POWERPNT_bj7CqNOb6i.png\",\"width\":1116,\"height\":338},{\"@type\":\"BreadcrumbList\",\"@id\":\"https:\\\/\\\/baptistetellier.fr\\\/index.php\\\/2023\\\/04\\\/12\\\/veeam-backup-replication-v12-pret-a-sauter-le-pas\\\/#breadcrumb\",\"itemListElement\":[{\"@type\":\"ListItem\",\"position\":1,\"name\":\"Accueil\",\"item\":\"https:\\\/\\\/baptistetellier.fr\\\/\"},{\"@type\":\"ListItem\",\"position\":2,\"name\":\"Veeam Backup &#038; Replication V12 &#8211; Pr\u00eat \u00e0 sauter le pas ?\"}]},{\"@type\":\"WebSite\",\"@id\":\"https:\\\/\\\/baptistetellier.fr\\\/#website\",\"url\":\"https:\\\/\\\/baptistetellier.fr\\\/\",\"name\":\"Baptiste Tellier\",\"description\":\"\",\"publisher\":{\"@id\":\"https:\\\/\\\/baptistetellier.fr\\\/#\\\/schema\\\/person\\\/0e3e43784261c58dd916e9f0a1673541\"},\"potentialAction\":[{\"@type\":\"SearchAction\",\"target\":{\"@type\":\"EntryPoint\",\"urlTemplate\":\"https:\\\/\\\/baptistetellier.fr\\\/?s={search_term_string}\"},\"query-input\":{\"@type\":\"PropertyValueSpecification\",\"valueRequired\":true,\"valueName\":\"search_term_string\"}}],\"inLanguage\":\"fr-FR\"},{\"@type\":[\"Person\",\"Organization\"],\"@id\":\"https:\\\/\\\/baptistetellier.fr\\\/#\\\/schema\\\/person\\\/0e3e43784261c58dd916e9f0a1673541\",\"name\":\"Baptiste Tellier\",\"image\":{\"@type\":\"ImageObject\",\"inLanguage\":\"fr-FR\",\"@id\":\"https:\\\/\\\/baptistetellier.fr\\\/wp-content\\\/uploads\\\/2020\\\/09\\\/20190315_110256-2.jpg\",\"url\":\"https:\\\/\\\/baptistetellier.fr\\\/wp-content\\\/uploads\\\/2020\\\/09\\\/20190315_110256-2.jpg\",\"contentUrl\":\"https:\\\/\\\/baptistetellier.fr\\\/wp-content\\\/uploads\\\/2020\\\/09\\\/20190315_110256-2.jpg\",\"width\":2025,\"height\":1562,\"caption\":\"Baptiste Tellier\"},\"logo\":{\"@id\":\"https:\\\/\\\/baptistetellier.fr\\\/wp-content\\\/uploads\\\/2020\\\/09\\\/20190315_110256-2.jpg\"}}]}<\/script>\n<!-- \/ Yoast SEO plugin. -->","yoast_head_json":{"title":"Veeam Backup & Replication V12 - Pr\u00eat \u00e0 sauter le pas ? - Baptiste Tellier","description":"Baptiste Tellier Veeam Backup & Replication V12 - Pr\u00eat \u00e0 sauter le pas ? - VBR - Focus sur les VCSP - Veeam Cloud Service Provider about Veeam Cloud Connect and more !","robots":{"index":"index","follow":"follow","max-snippet":"max-snippet:-1","max-image-preview":"max-image-preview:large","max-video-preview":"max-video-preview:-1"},"canonical":"https:\/\/baptistetellier.fr\/index.php\/2023\/04\/12\/veeam-backup-replication-v12-pret-a-sauter-le-pas\/","og_locale":"fr_FR","og_type":"article","og_title":"Veeam Backup & Replication V12 - Pr\u00eat \u00e0 sauter le pas ? - Baptiste Tellier","og_description":"Baptiste Tellier Veeam Backup & Replication V12 - Pr\u00eat \u00e0 sauter le pas ? - VBR - Focus sur les VCSP - Veeam Cloud Service Provider about Veeam Cloud Connect and more !","og_url":"https:\/\/baptistetellier.fr\/index.php\/2023\/04\/12\/veeam-backup-replication-v12-pret-a-sauter-le-pas\/","og_site_name":"Baptiste Tellier","article_published_time":"2023-04-12T09:36:37+00:00","article_modified_time":"2023-04-12T09:39:58+00:00","og_image":[{"width":1116,"height":338,"url":"https:\/\/baptistetellier.fr\/wp-content\/uploads\/2023\/04\/POWERPNT_bj7CqNOb6i.png","type":"image\/png"}],"author":"Baptiste Tellier","twitter_card":"summary_large_image","twitter_misc":{"\u00c9crit par":"Baptiste Tellier","Dur\u00e9e de lecture estim\u00e9e":"1 minute"},"schema":{"@context":"https:\/\/schema.org","@graph":[{"@type":"Article","@id":"https:\/\/baptistetellier.fr\/index.php\/2023\/04\/12\/veeam-backup-replication-v12-pret-a-sauter-le-pas\/#article","isPartOf":{"@id":"https:\/\/baptistetellier.fr\/index.php\/2023\/04\/12\/veeam-backup-replication-v12-pret-a-sauter-le-pas\/"},"author":{"name":"Baptiste Tellier","@id":"https:\/\/baptistetellier.fr\/#\/schema\/person\/0e3e43784261c58dd916e9f0a1673541"},"headline":"Veeam Backup &#038; Replication V12 &#8211; Pr\u00eat \u00e0 sauter le pas ?","datePublished":"2023-04-12T09:36:37+00:00","dateModified":"2023-04-12T09:39:58+00:00","mainEntityOfPage":{"@id":"https:\/\/baptistetellier.fr\/index.php\/2023\/04\/12\/veeam-backup-replication-v12-pret-a-sauter-le-pas\/"},"wordCount":57,"commentCount":0,"publisher":{"@id":"https:\/\/baptistetellier.fr\/#\/schema\/person\/0e3e43784261c58dd916e9f0a1673541"},"image":{"@id":"https:\/\/baptistetellier.fr\/index.php\/2023\/04\/12\/veeam-backup-replication-v12-pret-a-sauter-le-pas\/#primaryimage"},"thumbnailUrl":"https:\/\/baptistetellier.fr\/wp-content\/uploads\/2023\/04\/POWERPNT_bj7CqNOb6i.png","keywords":["backup &amp; replication","Cloud provider","update","VBR","VBR v12","Veeam","Veeam Backup","veeam v12","veille technologique"],"articleSection":["VBR","Veeam"],"inLanguage":"fr-FR","potentialAction":[{"@type":"CommentAction","name":"Comment","target":["https:\/\/baptistetellier.fr\/index.php\/2023\/04\/12\/veeam-backup-replication-v12-pret-a-sauter-le-pas\/#respond"]}]},{"@type":"WebPage","@id":"https:\/\/baptistetellier.fr\/index.php\/2023\/04\/12\/veeam-backup-replication-v12-pret-a-sauter-le-pas\/","url":"https:\/\/baptistetellier.fr\/index.php\/2023\/04\/12\/veeam-backup-replication-v12-pret-a-sauter-le-pas\/","name":"Veeam Backup & Replication V12 - Pr\u00eat \u00e0 sauter le pas ? - Baptiste Tellier","isPartOf":{"@id":"https:\/\/baptistetellier.fr\/#website"},"primaryImageOfPage":{"@id":"https:\/\/baptistetellier.fr\/index.php\/2023\/04\/12\/veeam-backup-replication-v12-pret-a-sauter-le-pas\/#primaryimage"},"image":{"@id":"https:\/\/baptistetellier.fr\/index.php\/2023\/04\/12\/veeam-backup-replication-v12-pret-a-sauter-le-pas\/#primaryimage"},"thumbnailUrl":"https:\/\/baptistetellier.fr\/wp-content\/uploads\/2023\/04\/POWERPNT_bj7CqNOb6i.png","datePublished":"2023-04-12T09:36:37+00:00","dateModified":"2023-04-12T09:39:58+00:00","description":"Baptiste Tellier Veeam Backup & Replication V12 - Pr\u00eat \u00e0 sauter le pas ? - VBR - Focus sur les VCSP - Veeam Cloud Service Provider about Veeam Cloud Connect and more !","breadcrumb":{"@id":"https:\/\/baptistetellier.fr\/index.php\/2023\/04\/12\/veeam-backup-replication-v12-pret-a-sauter-le-pas\/#breadcrumb"},"inLanguage":"fr-FR","potentialAction":[{"@type":"ReadAction","target":["https:\/\/baptistetellier.fr\/index.php\/2023\/04\/12\/veeam-backup-replication-v12-pret-a-sauter-le-pas\/"]}]},{"@type":"ImageObject","inLanguage":"fr-FR","@id":"https:\/\/baptistetellier.fr\/index.php\/2023\/04\/12\/veeam-backup-replication-v12-pret-a-sauter-le-pas\/#primaryimage","url":"https:\/\/baptistetellier.fr\/wp-content\/uploads\/2023\/04\/POWERPNT_bj7CqNOb6i.png","contentUrl":"https:\/\/baptistetellier.fr\/wp-content\/uploads\/2023\/04\/POWERPNT_bj7CqNOb6i.png","width":1116,"height":338},{"@type":"BreadcrumbList","@id":"https:\/\/baptistetellier.fr\/index.php\/2023\/04\/12\/veeam-backup-replication-v12-pret-a-sauter-le-pas\/#breadcrumb","itemListElement":[{"@type":"ListItem","position":1,"name":"Accueil","item":"https:\/\/baptistetellier.fr\/"},{"@type":"ListItem","position":2,"name":"Veeam Backup &#038; Replication V12 &#8211; Pr\u00eat \u00e0 sauter le pas ?"}]},{"@type":"WebSite","@id":"https:\/\/baptistetellier.fr\/#website","url":"https:\/\/baptistetellier.fr\/","name":"Baptiste Tellier","description":"","publisher":{"@id":"https:\/\/baptistetellier.fr\/#\/schema\/person\/0e3e43784261c58dd916e9f0a1673541"},"potentialAction":[{"@type":"SearchAction","target":{"@type":"EntryPoint","urlTemplate":"https:\/\/baptistetellier.fr\/?s={search_term_string}"},"query-input":{"@type":"PropertyValueSpecification","valueRequired":true,"valueName":"search_term_string"}}],"inLanguage":"fr-FR"},{"@type":["Person","Organization"],"@id":"https:\/\/baptistetellier.fr\/#\/schema\/person\/0e3e43784261c58dd916e9f0a1673541","name":"Baptiste Tellier","image":{"@type":"ImageObject","inLanguage":"fr-FR","@id":"https:\/\/baptistetellier.fr\/wp-content\/uploads\/2020\/09\/20190315_110256-2.jpg","url":"https:\/\/baptistetellier.fr\/wp-content\/uploads\/2020\/09\/20190315_110256-2.jpg","contentUrl":"https:\/\/baptistetellier.fr\/wp-content\/uploads\/2020\/09\/20190315_110256-2.jpg","width":2025,"height":1562,"caption":"Baptiste Tellier"},"logo":{"@id":"https:\/\/baptistetellier.fr\/wp-content\/uploads\/2020\/09\/20190315_110256-2.jpg"}}]}},"_links":{"self":[{"href":"https:\/\/baptistetellier.fr\/index.php\/wp-json\/wp\/v2\/posts\/832","targetHints":{"allow":["GET"]}}],"collection":[{"href":"https:\/\/baptistetellier.fr\/index.php\/wp-json\/wp\/v2\/posts"}],"about":[{"href":"https:\/\/baptistetellier.fr\/index.php\/wp-json\/wp\/v2\/types\/post"}],"author":[{"embeddable":true,"href":"https:\/\/baptistetellier.fr\/index.php\/wp-json\/wp\/v2\/users\/1"}],"replies":[{"embeddable":true,"href":"https:\/\/baptistetellier.fr\/index.php\/wp-json\/wp\/v2\/comments?post=832"}],"version-history":[{"count":1,"href":"https:\/\/baptistetellier.fr\/index.php\/wp-json\/wp\/v2\/posts\/832\/revisions"}],"predecessor-version":[{"id":834,"href":"https:\/\/baptistetellier.fr\/index.php\/wp-json\/wp\/v2\/posts\/832\/revisions\/834"}],"wp:featuredmedia":[{"embeddable":true,"href":"https:\/\/baptistetellier.fr\/index.php\/wp-json\/wp\/v2\/media\/837"}],"wp:attachment":[{"href":"https:\/\/baptistetellier.fr\/index.php\/wp-json\/wp\/v2\/media?parent=832"}],"wp:term":[{"taxonomy":"category","embeddable":true,"href":"https:\/\/baptistetellier.fr\/index.php\/wp-json\/wp\/v2\/categories?post=832"},{"taxonomy":"post_tag","embeddable":true,"href":"https:\/\/baptistetellier.fr\/index.php\/wp-json\/wp\/v2\/tags?post=832"}],"curies":[{"name":"wp","href":"https:\/\/api.w.org\/{rel}","templated":true}]}}