{"id":782,"date":"2022-11-16T15:47:37","date_gmt":"2022-11-16T14:47:37","guid":{"rendered":"https:\/\/baptistetellier.fr\/?p=782"},"modified":"2022-11-16T15:50:06","modified_gmt":"2022-11-16T14:50:06","slug":"veeam-cloud-connect-replication-configuration","status":"publish","type":"post","link":"https:\/\/baptistetellier.fr\/index.php\/2022\/11\/16\/veeam-cloud-connect-replication-configuration\/","title":{"rendered":"Veeam Cloud Connect Replication : Configuration"},"content":{"rendered":"<p>Bonjour tout le monde,<\/p>\n<p>C\u2019est parti pour la vid\u00e9o de formation N\u00b02 sur Veeam Cloud Connect Replication, nous allons parler de la configuration vSphere et vCD !<\/p>\n<p><iframe loading=\"lazy\" width=\"560\" height=\"315\" src=\"https:\/\/www.youtube.com\/embed\/vorGSnX4zzg\" title=\"YouTube video player\" frameborder=\"0\" allow=\" clipboard-write; encrypted-media; picture-in-picture\" allowfullscreen><\/iframe><\/p>\n<p>Si vous les avez rat\u00e9, voici :<\/p>\n<p><a href=\"https:\/\/baptistetellier.fr\/index.php\/2022\/11\/15\/veeam-cloud-connect-replication-fonctionnement-et-sizing\/\">la vid\u00e9os n\u00b01 sur Cloud Connect Replication<\/a><\/p>\n<p>Les vid\u00e9os sur Cloud Connect Backup :<\/p>\n<p><a href=\"https:\/\/baptistetellier.fr\/index.php\/2021\/07\/16\/veeam-cloud-connect-en-formation-video\/\" target=\"_blank\" rel=\"noopener\">Veeam Cloud Connect Backup : vid\u00e9o de formation<\/a><\/p>\n","protected":false},"excerpt":{"rendered":"<p>Bonjour tout le monde, C\u2019est parti pour la vid\u00e9o de formation N\u00b02 sur Veeam Cloud Connect Replication, nous allons parler de la configuration vSphere et vCD ! Si vous les avez rat\u00e9, voici : la vid\u00e9os n\u00b01 sur Cloud Connect Replication Les vid\u00e9os sur Cloud Connect Backup : Veeam Cloud Connect Backup : vid\u00e9o de formation<\/p>\n","protected":false},"author":1,"featured_media":474,"comment_status":"open","ping_status":"open","sticky":false,"template":"","format":"standard","meta":{"_monsterinsights_skip_tracking":false,"_monsterinsights_sitenote_active":false,"_monsterinsights_sitenote_note":"","_monsterinsights_sitenote_category":0,"footnotes":""},"categories":[49,2],"tags":[26,16,13,19,86,12,88,87,18,17,25,15,11],"class_list":["post-782","post","type-post","status-publish","format-standard","has-post-thumbnail","hentry","category-vcc","category-veeam","tag-backup-replication","tag-cloud","tag-cloud-connect","tag-cloud-provider","tag-replication","tag-vcc","tag-vcc-replication","tag-vcc-r","tag-vcsp","tag-veeam","tag-veeam-backup","tag-veeam-service-provider-console","tag-vspc"],"yoast_head":"<!-- This site is optimized with the Yoast SEO plugin v27.4 - https:\/\/yoast.com\/product\/yoast-seo-wordpress\/ -->\n<title>Veeam Cloud Connect Replication : Configuration - Baptiste Tellier<\/title>\n<meta name=\"description\" content=\"Baptiste Tellier Veeam Cloud Connect Replication : Configuration - VCC - Focus sur les VCSP - Veeam Cloud Service Provider about Veeam Cloud Connect and more !\" \/>\n<meta name=\"robots\" content=\"index, follow, max-snippet:-1, max-image-preview:large, max-video-preview:-1\" \/>\n<link rel=\"canonical\" href=\"https:\/\/baptistetellier.fr\/index.php\/2022\/11\/16\/veeam-cloud-connect-replication-configuration\/\" \/>\n<meta property=\"og:locale\" content=\"fr_FR\" \/>\n<meta property=\"og:type\" content=\"article\" \/>\n<meta property=\"og:title\" content=\"Veeam Cloud Connect Replication : Configuration - Baptiste Tellier\" \/>\n<meta property=\"og:description\" content=\"Baptiste Tellier Veeam Cloud Connect Replication : Configuration - VCC - Focus sur les VCSP - Veeam Cloud Service Provider about Veeam Cloud Connect and more !\" \/>\n<meta property=\"og:url\" content=\"https:\/\/baptistetellier.fr\/index.php\/2022\/11\/16\/veeam-cloud-connect-replication-configuration\/\" \/>\n<meta property=\"og:site_name\" content=\"Baptiste Tellier\" \/>\n<meta property=\"article:published_time\" content=\"2022-11-16T14:47:37+00:00\" \/>\n<meta property=\"article:modified_time\" content=\"2022-11-16T14:50:06+00:00\" \/>\n<meta property=\"og:image\" content=\"https:\/\/baptistetellier.fr\/wp-content\/uploads\/2021\/04\/2021-04-29-12_24_36-VCC-Formation-N\u00b01-Presentation-et-Sizing-de-Veeam-Cloud-Connect-Backup-YouTu-1.png\" \/>\n\t<meta property=\"og:image:width\" content=\"1272\" \/>\n\t<meta property=\"og:image:height\" content=\"706\" \/>\n\t<meta property=\"og:image:type\" content=\"image\/png\" \/>\n<meta name=\"author\" content=\"Baptiste Tellier\" \/>\n<meta name=\"twitter:card\" content=\"summary_large_image\" \/>\n<meta name=\"twitter:label1\" content=\"\u00c9crit par\" \/>\n\t<meta name=\"twitter:data1\" content=\"Baptiste Tellier\" \/>\n\t<meta name=\"twitter:label2\" content=\"Dur\u00e9e de lecture estim\u00e9e\" \/>\n\t<meta name=\"twitter:data2\" content=\"1 minute\" \/>\n<script type=\"application\/ld+json\" class=\"yoast-schema-graph\">{\"@context\":\"https:\\\/\\\/schema.org\",\"@graph\":[{\"@type\":\"Article\",\"@id\":\"https:\\\/\\\/baptistetellier.fr\\\/index.php\\\/2022\\\/11\\\/16\\\/veeam-cloud-connect-replication-configuration\\\/#article\",\"isPartOf\":{\"@id\":\"https:\\\/\\\/baptistetellier.fr\\\/index.php\\\/2022\\\/11\\\/16\\\/veeam-cloud-connect-replication-configuration\\\/\"},\"author\":{\"name\":\"Baptiste Tellier\",\"@id\":\"https:\\\/\\\/baptistetellier.fr\\\/#\\\/schema\\\/person\\\/0e3e43784261c58dd916e9f0a1673541\"},\"headline\":\"Veeam Cloud Connect Replication : Configuration\",\"datePublished\":\"2022-11-16T14:47:37+00:00\",\"dateModified\":\"2022-11-16T14:50:06+00:00\",\"mainEntityOfPage\":{\"@id\":\"https:\\\/\\\/baptistetellier.fr\\\/index.php\\\/2022\\\/11\\\/16\\\/veeam-cloud-connect-replication-configuration\\\/\"},\"wordCount\":62,\"commentCount\":4,\"publisher\":{\"@id\":\"https:\\\/\\\/baptistetellier.fr\\\/#\\\/schema\\\/person\\\/0e3e43784261c58dd916e9f0a1673541\"},\"image\":{\"@id\":\"https:\\\/\\\/baptistetellier.fr\\\/index.php\\\/2022\\\/11\\\/16\\\/veeam-cloud-connect-replication-configuration\\\/#primaryimage\"},\"thumbnailUrl\":\"https:\\\/\\\/baptistetellier.fr\\\/wp-content\\\/uploads\\\/2021\\\/04\\\/2021-04-29-12_24_36-VCC-Formation-N\u00b01-Presentation-et-Sizing-de-Veeam-Cloud-Connect-Backup-YouTu-1.png\",\"keywords\":[\"backup &amp; replication\",\"Cloud\",\"Cloud Connect\",\"Cloud provider\",\"replication\",\"VCC\",\"VCC Replication\",\"VCC-R\",\"VCSP\",\"Veeam\",\"Veeam Backup\",\"Veeam service provider console\",\"VSPC\"],\"articleSection\":[\"VCC\",\"Veeam\"],\"inLanguage\":\"fr-FR\",\"potentialAction\":[{\"@type\":\"CommentAction\",\"name\":\"Comment\",\"target\":[\"https:\\\/\\\/baptistetellier.fr\\\/index.php\\\/2022\\\/11\\\/16\\\/veeam-cloud-connect-replication-configuration\\\/#respond\"]}]},{\"@type\":\"WebPage\",\"@id\":\"https:\\\/\\\/baptistetellier.fr\\\/index.php\\\/2022\\\/11\\\/16\\\/veeam-cloud-connect-replication-configuration\\\/\",\"url\":\"https:\\\/\\\/baptistetellier.fr\\\/index.php\\\/2022\\\/11\\\/16\\\/veeam-cloud-connect-replication-configuration\\\/\",\"name\":\"Veeam Cloud Connect Replication : Configuration - Baptiste Tellier\",\"isPartOf\":{\"@id\":\"https:\\\/\\\/baptistetellier.fr\\\/#website\"},\"primaryImageOfPage\":{\"@id\":\"https:\\\/\\\/baptistetellier.fr\\\/index.php\\\/2022\\\/11\\\/16\\\/veeam-cloud-connect-replication-configuration\\\/#primaryimage\"},\"image\":{\"@id\":\"https:\\\/\\\/baptistetellier.fr\\\/index.php\\\/2022\\\/11\\\/16\\\/veeam-cloud-connect-replication-configuration\\\/#primaryimage\"},\"thumbnailUrl\":\"https:\\\/\\\/baptistetellier.fr\\\/wp-content\\\/uploads\\\/2021\\\/04\\\/2021-04-29-12_24_36-VCC-Formation-N\u00b01-Presentation-et-Sizing-de-Veeam-Cloud-Connect-Backup-YouTu-1.png\",\"datePublished\":\"2022-11-16T14:47:37+00:00\",\"dateModified\":\"2022-11-16T14:50:06+00:00\",\"description\":\"Baptiste Tellier Veeam Cloud Connect Replication : Configuration - VCC - Focus sur les VCSP - Veeam Cloud Service Provider about Veeam Cloud Connect and more !\",\"breadcrumb\":{\"@id\":\"https:\\\/\\\/baptistetellier.fr\\\/index.php\\\/2022\\\/11\\\/16\\\/veeam-cloud-connect-replication-configuration\\\/#breadcrumb\"},\"inLanguage\":\"fr-FR\",\"potentialAction\":[{\"@type\":\"ReadAction\",\"target\":[\"https:\\\/\\\/baptistetellier.fr\\\/index.php\\\/2022\\\/11\\\/16\\\/veeam-cloud-connect-replication-configuration\\\/\"]}]},{\"@type\":\"ImageObject\",\"inLanguage\":\"fr-FR\",\"@id\":\"https:\\\/\\\/baptistetellier.fr\\\/index.php\\\/2022\\\/11\\\/16\\\/veeam-cloud-connect-replication-configuration\\\/#primaryimage\",\"url\":\"https:\\\/\\\/baptistetellier.fr\\\/wp-content\\\/uploads\\\/2021\\\/04\\\/2021-04-29-12_24_36-VCC-Formation-N\u00b01-Presentation-et-Sizing-de-Veeam-Cloud-Connect-Backup-YouTu-1.png\",\"contentUrl\":\"https:\\\/\\\/baptistetellier.fr\\\/wp-content\\\/uploads\\\/2021\\\/04\\\/2021-04-29-12_24_36-VCC-Formation-N\u00b01-Presentation-et-Sizing-de-Veeam-Cloud-Connect-Backup-YouTu-1.png\",\"width\":1272,\"height\":706},{\"@type\":\"BreadcrumbList\",\"@id\":\"https:\\\/\\\/baptistetellier.fr\\\/index.php\\\/2022\\\/11\\\/16\\\/veeam-cloud-connect-replication-configuration\\\/#breadcrumb\",\"itemListElement\":[{\"@type\":\"ListItem\",\"position\":1,\"name\":\"Accueil\",\"item\":\"https:\\\/\\\/baptistetellier.fr\\\/\"},{\"@type\":\"ListItem\",\"position\":2,\"name\":\"Veeam Cloud Connect Replication : Configuration\"}]},{\"@type\":\"WebSite\",\"@id\":\"https:\\\/\\\/baptistetellier.fr\\\/#website\",\"url\":\"https:\\\/\\\/baptistetellier.fr\\\/\",\"name\":\"Baptiste Tellier\",\"description\":\"\",\"publisher\":{\"@id\":\"https:\\\/\\\/baptistetellier.fr\\\/#\\\/schema\\\/person\\\/0e3e43784261c58dd916e9f0a1673541\"},\"potentialAction\":[{\"@type\":\"SearchAction\",\"target\":{\"@type\":\"EntryPoint\",\"urlTemplate\":\"https:\\\/\\\/baptistetellier.fr\\\/?s={search_term_string}\"},\"query-input\":{\"@type\":\"PropertyValueSpecification\",\"valueRequired\":true,\"valueName\":\"search_term_string\"}}],\"inLanguage\":\"fr-FR\"},{\"@type\":[\"Person\",\"Organization\"],\"@id\":\"https:\\\/\\\/baptistetellier.fr\\\/#\\\/schema\\\/person\\\/0e3e43784261c58dd916e9f0a1673541\",\"name\":\"Baptiste Tellier\",\"image\":{\"@type\":\"ImageObject\",\"inLanguage\":\"fr-FR\",\"@id\":\"https:\\\/\\\/baptistetellier.fr\\\/wp-content\\\/uploads\\\/2020\\\/09\\\/20190315_110256-2.jpg\",\"url\":\"https:\\\/\\\/baptistetellier.fr\\\/wp-content\\\/uploads\\\/2020\\\/09\\\/20190315_110256-2.jpg\",\"contentUrl\":\"https:\\\/\\\/baptistetellier.fr\\\/wp-content\\\/uploads\\\/2020\\\/09\\\/20190315_110256-2.jpg\",\"width\":2025,\"height\":1562,\"caption\":\"Baptiste Tellier\"},\"logo\":{\"@id\":\"https:\\\/\\\/baptistetellier.fr\\\/wp-content\\\/uploads\\\/2020\\\/09\\\/20190315_110256-2.jpg\"}}]}<\/script>\n<!-- \/ Yoast SEO plugin. -->","yoast_head_json":{"title":"Veeam Cloud Connect Replication : Configuration - Baptiste Tellier","description":"Baptiste Tellier Veeam Cloud Connect Replication : Configuration - VCC - Focus sur les VCSP - Veeam Cloud Service Provider about Veeam Cloud Connect and more !","robots":{"index":"index","follow":"follow","max-snippet":"max-snippet:-1","max-image-preview":"max-image-preview:large","max-video-preview":"max-video-preview:-1"},"canonical":"https:\/\/baptistetellier.fr\/index.php\/2022\/11\/16\/veeam-cloud-connect-replication-configuration\/","og_locale":"fr_FR","og_type":"article","og_title":"Veeam Cloud Connect Replication : Configuration - Baptiste Tellier","og_description":"Baptiste Tellier Veeam Cloud Connect Replication : Configuration - VCC - Focus sur les VCSP - Veeam Cloud Service Provider about Veeam Cloud Connect and more !","og_url":"https:\/\/baptistetellier.fr\/index.php\/2022\/11\/16\/veeam-cloud-connect-replication-configuration\/","og_site_name":"Baptiste Tellier","article_published_time":"2022-11-16T14:47:37+00:00","article_modified_time":"2022-11-16T14:50:06+00:00","og_image":[{"width":1272,"height":706,"url":"https:\/\/baptistetellier.fr\/wp-content\/uploads\/2021\/04\/2021-04-29-12_24_36-VCC-Formation-N\u00b01-Presentation-et-Sizing-de-Veeam-Cloud-Connect-Backup-YouTu-1.png","type":"image\/png"}],"author":"Baptiste Tellier","twitter_card":"summary_large_image","twitter_misc":{"\u00c9crit par":"Baptiste Tellier","Dur\u00e9e de lecture estim\u00e9e":"1 minute"},"schema":{"@context":"https:\/\/schema.org","@graph":[{"@type":"Article","@id":"https:\/\/baptistetellier.fr\/index.php\/2022\/11\/16\/veeam-cloud-connect-replication-configuration\/#article","isPartOf":{"@id":"https:\/\/baptistetellier.fr\/index.php\/2022\/11\/16\/veeam-cloud-connect-replication-configuration\/"},"author":{"name":"Baptiste Tellier","@id":"https:\/\/baptistetellier.fr\/#\/schema\/person\/0e3e43784261c58dd916e9f0a1673541"},"headline":"Veeam Cloud Connect Replication : Configuration","datePublished":"2022-11-16T14:47:37+00:00","dateModified":"2022-11-16T14:50:06+00:00","mainEntityOfPage":{"@id":"https:\/\/baptistetellier.fr\/index.php\/2022\/11\/16\/veeam-cloud-connect-replication-configuration\/"},"wordCount":62,"commentCount":4,"publisher":{"@id":"https:\/\/baptistetellier.fr\/#\/schema\/person\/0e3e43784261c58dd916e9f0a1673541"},"image":{"@id":"https:\/\/baptistetellier.fr\/index.php\/2022\/11\/16\/veeam-cloud-connect-replication-configuration\/#primaryimage"},"thumbnailUrl":"https:\/\/baptistetellier.fr\/wp-content\/uploads\/2021\/04\/2021-04-29-12_24_36-VCC-Formation-N\u00b01-Presentation-et-Sizing-de-Veeam-Cloud-Connect-Backup-YouTu-1.png","keywords":["backup &amp; replication","Cloud","Cloud Connect","Cloud provider","replication","VCC","VCC Replication","VCC-R","VCSP","Veeam","Veeam Backup","Veeam service provider console","VSPC"],"articleSection":["VCC","Veeam"],"inLanguage":"fr-FR","potentialAction":[{"@type":"CommentAction","name":"Comment","target":["https:\/\/baptistetellier.fr\/index.php\/2022\/11\/16\/veeam-cloud-connect-replication-configuration\/#respond"]}]},{"@type":"WebPage","@id":"https:\/\/baptistetellier.fr\/index.php\/2022\/11\/16\/veeam-cloud-connect-replication-configuration\/","url":"https:\/\/baptistetellier.fr\/index.php\/2022\/11\/16\/veeam-cloud-connect-replication-configuration\/","name":"Veeam Cloud Connect Replication : Configuration - Baptiste Tellier","isPartOf":{"@id":"https:\/\/baptistetellier.fr\/#website"},"primaryImageOfPage":{"@id":"https:\/\/baptistetellier.fr\/index.php\/2022\/11\/16\/veeam-cloud-connect-replication-configuration\/#primaryimage"},"image":{"@id":"https:\/\/baptistetellier.fr\/index.php\/2022\/11\/16\/veeam-cloud-connect-replication-configuration\/#primaryimage"},"thumbnailUrl":"https:\/\/baptistetellier.fr\/wp-content\/uploads\/2021\/04\/2021-04-29-12_24_36-VCC-Formation-N\u00b01-Presentation-et-Sizing-de-Veeam-Cloud-Connect-Backup-YouTu-1.png","datePublished":"2022-11-16T14:47:37+00:00","dateModified":"2022-11-16T14:50:06+00:00","description":"Baptiste Tellier Veeam Cloud Connect Replication : Configuration - VCC - Focus sur les VCSP - Veeam Cloud Service Provider about Veeam Cloud Connect and more !","breadcrumb":{"@id":"https:\/\/baptistetellier.fr\/index.php\/2022\/11\/16\/veeam-cloud-connect-replication-configuration\/#breadcrumb"},"inLanguage":"fr-FR","potentialAction":[{"@type":"ReadAction","target":["https:\/\/baptistetellier.fr\/index.php\/2022\/11\/16\/veeam-cloud-connect-replication-configuration\/"]}]},{"@type":"ImageObject","inLanguage":"fr-FR","@id":"https:\/\/baptistetellier.fr\/index.php\/2022\/11\/16\/veeam-cloud-connect-replication-configuration\/#primaryimage","url":"https:\/\/baptistetellier.fr\/wp-content\/uploads\/2021\/04\/2021-04-29-12_24_36-VCC-Formation-N\u00b01-Presentation-et-Sizing-de-Veeam-Cloud-Connect-Backup-YouTu-1.png","contentUrl":"https:\/\/baptistetellier.fr\/wp-content\/uploads\/2021\/04\/2021-04-29-12_24_36-VCC-Formation-N\u00b01-Presentation-et-Sizing-de-Veeam-Cloud-Connect-Backup-YouTu-1.png","width":1272,"height":706},{"@type":"BreadcrumbList","@id":"https:\/\/baptistetellier.fr\/index.php\/2022\/11\/16\/veeam-cloud-connect-replication-configuration\/#breadcrumb","itemListElement":[{"@type":"ListItem","position":1,"name":"Accueil","item":"https:\/\/baptistetellier.fr\/"},{"@type":"ListItem","position":2,"name":"Veeam Cloud Connect Replication : Configuration"}]},{"@type":"WebSite","@id":"https:\/\/baptistetellier.fr\/#website","url":"https:\/\/baptistetellier.fr\/","name":"Baptiste Tellier","description":"","publisher":{"@id":"https:\/\/baptistetellier.fr\/#\/schema\/person\/0e3e43784261c58dd916e9f0a1673541"},"potentialAction":[{"@type":"SearchAction","target":{"@type":"EntryPoint","urlTemplate":"https:\/\/baptistetellier.fr\/?s={search_term_string}"},"query-input":{"@type":"PropertyValueSpecification","valueRequired":true,"valueName":"search_term_string"}}],"inLanguage":"fr-FR"},{"@type":["Person","Organization"],"@id":"https:\/\/baptistetellier.fr\/#\/schema\/person\/0e3e43784261c58dd916e9f0a1673541","name":"Baptiste Tellier","image":{"@type":"ImageObject","inLanguage":"fr-FR","@id":"https:\/\/baptistetellier.fr\/wp-content\/uploads\/2020\/09\/20190315_110256-2.jpg","url":"https:\/\/baptistetellier.fr\/wp-content\/uploads\/2020\/09\/20190315_110256-2.jpg","contentUrl":"https:\/\/baptistetellier.fr\/wp-content\/uploads\/2020\/09\/20190315_110256-2.jpg","width":2025,"height":1562,"caption":"Baptiste Tellier"},"logo":{"@id":"https:\/\/baptistetellier.fr\/wp-content\/uploads\/2020\/09\/20190315_110256-2.jpg"}}]}},"_links":{"self":[{"href":"https:\/\/baptistetellier.fr\/index.php\/wp-json\/wp\/v2\/posts\/782","targetHints":{"allow":["GET"]}}],"collection":[{"href":"https:\/\/baptistetellier.fr\/index.php\/wp-json\/wp\/v2\/posts"}],"about":[{"href":"https:\/\/baptistetellier.fr\/index.php\/wp-json\/wp\/v2\/types\/post"}],"author":[{"embeddable":true,"href":"https:\/\/baptistetellier.fr\/index.php\/wp-json\/wp\/v2\/users\/1"}],"replies":[{"embeddable":true,"href":"https:\/\/baptistetellier.fr\/index.php\/wp-json\/wp\/v2\/comments?post=782"}],"version-history":[{"count":3,"href":"https:\/\/baptistetellier.fr\/index.php\/wp-json\/wp\/v2\/posts\/782\/revisions"}],"predecessor-version":[{"id":785,"href":"https:\/\/baptistetellier.fr\/index.php\/wp-json\/wp\/v2\/posts\/782\/revisions\/785"}],"wp:featuredmedia":[{"embeddable":true,"href":"https:\/\/baptistetellier.fr\/index.php\/wp-json\/wp\/v2\/media\/474"}],"wp:attachment":[{"href":"https:\/\/baptistetellier.fr\/index.php\/wp-json\/wp\/v2\/media?parent=782"}],"wp:term":[{"taxonomy":"category","embeddable":true,"href":"https:\/\/baptistetellier.fr\/index.php\/wp-json\/wp\/v2\/categories?post=782"},{"taxonomy":"post_tag","embeddable":true,"href":"https:\/\/baptistetellier.fr\/index.php\/wp-json\/wp\/v2\/tags?post=782"}],"curies":[{"name":"wp","href":"https:\/\/api.w.org\/{rel}","templated":true}]}}