{"id":764,"date":"2022-11-09T18:30:00","date_gmt":"2022-11-09T17:30:00","guid":{"rendered":"https:\/\/baptistetellier.fr\/?p=764"},"modified":"2022-11-10T14:25:25","modified_gmt":"2022-11-10T13:25:25","slug":"veeam-backup-for-gcp-pourquoi-comment","status":"publish","type":"post","link":"https:\/\/baptistetellier.fr\/index.php\/2022\/11\/09\/veeam-backup-for-gcp-pourquoi-comment\/","title":{"rendered":"Veeam Backup for GCP : Pourquoi ? Comment ?"},"content":{"rendered":"<p>Bonjour \u00e0 tous,<\/p>\n<p>Dans cette vid\u00e9o nous allons aborder le \u00ab Pourquoi ? \u00bb sauvegarder ses workloads Google Cloud Platform avec Veeam Backup for GCP et \u00e9galement le \u00ab Comment ? \u00bb avec une d\u00e9mo du produit pour finir par des astuces \u00e0 ne pas oublier li\u00e9es \u00e0 la nouvelle version 3 !<\/p>\n<p>J\u2019ai essay\u00e9 un nouveau plugin Adobe pour supprimer les blancs, \u00e7a permet de gagner quelques minutes \ud83d\ude0b ! Enjoy !<\/p>\n<p><iframe loading=\"lazy\" title=\"YouTube video player\" src=\"https:\/\/www.youtube.com\/embed\/h55UtYitrn8\" width=\"560\" height=\"315\" frameborder=\"0\" allowfullscreen=\"allowfullscreen\" data-mce-fragment=\"1\"><span data-mce-type=\"bookmark\" style=\"display: inline-block; width: 0px; overflow: hidden; line-height: 0;\" class=\"mce_SELRES_start\">\ufeff<\/span><\/iframe><\/p>\n<p style=\"text-align: left;\">Lien vers le Best Practice Cloud Public :<a href=\"https:\/\/bp.veeam.com\/vbcloud\/guide\/gc\/sizing\/\" target=\"_blank\" rel=\"noopener\">\u00a0<strong>https:\/\/bp.veeam.com\/vbcloud\/guide\/gc\/sizing\/<\/strong><\/a><\/p>\n<p style=\"text-align: left;\">Lien vers le Best Practice Service Provider :\u00a0<a href=\"https:\/\/bp.veeam.com\/sp\/Pcloud\/\" target=\"_blank\" rel=\"noopener\"><strong>https:\/\/bp.veeam.com\/sp\/Pcloud\/\u00a0<\/strong><\/a><\/p>\n<p>Dans la m\u00eame s\u00e9rie :<\/p>\n<p><a href=\"https:\/\/baptistetellier.fr\/index.php\/2022\/11\/07\/veeam-backup-for-azure-pourquoi-comment\/\" target=\"_blank\" rel=\"noopener\">Veeam Backup for Azure : Pourquoi ? Comment ?<\/a><\/p>\n<p><a href=\"https:\/\/baptistetellier.fr\/index.php\/2022\/11\/08\/veaam-backup-for-aws-pourquoi-comment\/\" target=\"_blank\" rel=\"noopener\">Veeam Backup for AWS : Pourquoi ? Comment ?<\/a><\/p>\n","protected":false},"excerpt":{"rendered":"<p>Bonjour \u00e0 tous, Dans cette vid\u00e9o nous allons aborder le \u00ab Pourquoi ? \u00bb sauvegarder ses workloads Google Cloud Platform avec Veeam Backup for GCP et \u00e9galement le \u00ab Comment ? \u00bb avec une d\u00e9mo du produit pour finir par des astuces \u00e0 ne pas oublier li\u00e9es \u00e0 la nouvelle version 3 ! J\u2019ai essay\u00e9 un nouveau plugin Adobe pour supprimer les blancs, \u00e7a permet de gagner quelques minutes \ud83d\ude0b ! Enjoy ! \ufeff Lien vers le Best Practice Cloud&#8230;<\/p>\n<p class=\"read-more\"><a class=\"btn btn-default\" href=\"https:\/\/baptistetellier.fr\/index.php\/2022\/11\/09\/veeam-backup-for-gcp-pourquoi-comment\/\">Lire la suite<span class=\"screen-reader-text\"> Lire la suite<\/span><\/a><\/p>\n","protected":false},"author":1,"featured_media":769,"comment_status":"open","ping_status":"open","sticky":false,"template":"","format":"standard","meta":{"_monsterinsights_skip_tracking":false,"_monsterinsights_sitenote_active":false,"_monsterinsights_sitenote_note":"","_monsterinsights_sitenote_category":0,"footnotes":""},"categories":[56,2],"tags":[16,19,85,84,17,25,71],"class_list":["post-764","post","type-post","status-publish","format-standard","has-post-thumbnail","hentry","category-vbcloud","category-veeam","tag-cloud","tag-cloud-provider","tag-gcp","tag-google","tag-veeam","tag-veeam-backup","tag-veeam-backup-for-gcp"],"yoast_head":"<!-- This site is optimized with the Yoast SEO plugin v27.4 - https:\/\/yoast.com\/product\/yoast-seo-wordpress\/ -->\n<title>Veeam Backup for GCP : Pourquoi ? Comment ? - Baptiste Tellier<\/title>\n<meta name=\"description\" content=\"Baptiste Tellier Veeam Backup for GCP : Pourquoi ? Comment ? - VBCloud - Focus sur les VCSP - Veeam Cloud Service Provider about Veeam Cloud Connect and more !\" \/>\n<meta name=\"robots\" content=\"index, follow, max-snippet:-1, max-image-preview:large, max-video-preview:-1\" \/>\n<link rel=\"canonical\" href=\"https:\/\/baptistetellier.fr\/index.php\/2022\/11\/09\/veeam-backup-for-gcp-pourquoi-comment\/\" \/>\n<meta property=\"og:locale\" content=\"fr_FR\" \/>\n<meta property=\"og:type\" content=\"article\" \/>\n<meta property=\"og:title\" content=\"Veeam Backup for GCP : Pourquoi ? Comment ? - Baptiste Tellier\" \/>\n<meta property=\"og:description\" content=\"Baptiste Tellier Veeam Backup for GCP : Pourquoi ? Comment ? - VBCloud - Focus sur les VCSP - Veeam Cloud Service Provider about Veeam Cloud Connect and more !\" \/>\n<meta property=\"og:url\" content=\"https:\/\/baptistetellier.fr\/index.php\/2022\/11\/09\/veeam-backup-for-gcp-pourquoi-comment\/\" \/>\n<meta property=\"og:site_name\" content=\"Baptiste Tellier\" \/>\n<meta property=\"article:published_time\" content=\"2022-11-09T17:30:00+00:00\" \/>\n<meta property=\"article:modified_time\" content=\"2022-11-10T13:25:25+00:00\" \/>\n<meta property=\"og:image\" content=\"https:\/\/baptistetellier.fr\/wp-content\/uploads\/2022\/11\/POWERPNT_zLMrAKIxBI.png\" \/>\n\t<meta property=\"og:image:width\" content=\"1405\" \/>\n\t<meta property=\"og:image:height\" content=\"773\" \/>\n\t<meta property=\"og:image:type\" content=\"image\/png\" \/>\n<meta name=\"author\" content=\"Baptiste Tellier\" \/>\n<meta name=\"twitter:card\" content=\"summary_large_image\" \/>\n<meta name=\"twitter:label1\" content=\"\u00c9crit par\" \/>\n\t<meta name=\"twitter:data1\" content=\"Baptiste Tellier\" \/>\n\t<meta name=\"twitter:label2\" content=\"Dur\u00e9e de lecture estim\u00e9e\" \/>\n\t<meta name=\"twitter:data2\" content=\"1 minute\" \/>\n<script type=\"application\/ld+json\" class=\"yoast-schema-graph\">{\"@context\":\"https:\\\/\\\/schema.org\",\"@graph\":[{\"@type\":\"Article\",\"@id\":\"https:\\\/\\\/baptistetellier.fr\\\/index.php\\\/2022\\\/11\\\/09\\\/veeam-backup-for-gcp-pourquoi-comment\\\/#article\",\"isPartOf\":{\"@id\":\"https:\\\/\\\/baptistetellier.fr\\\/index.php\\\/2022\\\/11\\\/09\\\/veeam-backup-for-gcp-pourquoi-comment\\\/\"},\"author\":{\"name\":\"Baptiste Tellier\",\"@id\":\"https:\\\/\\\/baptistetellier.fr\\\/#\\\/schema\\\/person\\\/0e3e43784261c58dd916e9f0a1673541\"},\"headline\":\"Veeam Backup for GCP : Pourquoi ? Comment ?\",\"datePublished\":\"2022-11-09T17:30:00+00:00\",\"dateModified\":\"2022-11-10T13:25:25+00:00\",\"mainEntityOfPage\":{\"@id\":\"https:\\\/\\\/baptistetellier.fr\\\/index.php\\\/2022\\\/11\\\/09\\\/veeam-backup-for-gcp-pourquoi-comment\\\/\"},\"wordCount\":115,\"commentCount\":2,\"publisher\":{\"@id\":\"https:\\\/\\\/baptistetellier.fr\\\/#\\\/schema\\\/person\\\/0e3e43784261c58dd916e9f0a1673541\"},\"image\":{\"@id\":\"https:\\\/\\\/baptistetellier.fr\\\/index.php\\\/2022\\\/11\\\/09\\\/veeam-backup-for-gcp-pourquoi-comment\\\/#primaryimage\"},\"thumbnailUrl\":\"https:\\\/\\\/baptistetellier.fr\\\/wp-content\\\/uploads\\\/2022\\\/11\\\/POWERPNT_zLMrAKIxBI.png\",\"keywords\":[\"Cloud\",\"Cloud provider\",\"GCP\",\"Google\",\"Veeam\",\"Veeam Backup\",\"Veeam Backup for GCP\"],\"articleSection\":[\"VBCloud\",\"Veeam\"],\"inLanguage\":\"fr-FR\",\"potentialAction\":[{\"@type\":\"CommentAction\",\"name\":\"Comment\",\"target\":[\"https:\\\/\\\/baptistetellier.fr\\\/index.php\\\/2022\\\/11\\\/09\\\/veeam-backup-for-gcp-pourquoi-comment\\\/#respond\"]}]},{\"@type\":\"WebPage\",\"@id\":\"https:\\\/\\\/baptistetellier.fr\\\/index.php\\\/2022\\\/11\\\/09\\\/veeam-backup-for-gcp-pourquoi-comment\\\/\",\"url\":\"https:\\\/\\\/baptistetellier.fr\\\/index.php\\\/2022\\\/11\\\/09\\\/veeam-backup-for-gcp-pourquoi-comment\\\/\",\"name\":\"Veeam Backup for GCP : Pourquoi ? Comment ? - Baptiste Tellier\",\"isPartOf\":{\"@id\":\"https:\\\/\\\/baptistetellier.fr\\\/#website\"},\"primaryImageOfPage\":{\"@id\":\"https:\\\/\\\/baptistetellier.fr\\\/index.php\\\/2022\\\/11\\\/09\\\/veeam-backup-for-gcp-pourquoi-comment\\\/#primaryimage\"},\"image\":{\"@id\":\"https:\\\/\\\/baptistetellier.fr\\\/index.php\\\/2022\\\/11\\\/09\\\/veeam-backup-for-gcp-pourquoi-comment\\\/#primaryimage\"},\"thumbnailUrl\":\"https:\\\/\\\/baptistetellier.fr\\\/wp-content\\\/uploads\\\/2022\\\/11\\\/POWERPNT_zLMrAKIxBI.png\",\"datePublished\":\"2022-11-09T17:30:00+00:00\",\"dateModified\":\"2022-11-10T13:25:25+00:00\",\"description\":\"Baptiste Tellier Veeam Backup for GCP : Pourquoi ? Comment ? - VBCloud - Focus sur les VCSP - Veeam Cloud Service Provider about Veeam Cloud Connect and more !\",\"breadcrumb\":{\"@id\":\"https:\\\/\\\/baptistetellier.fr\\\/index.php\\\/2022\\\/11\\\/09\\\/veeam-backup-for-gcp-pourquoi-comment\\\/#breadcrumb\"},\"inLanguage\":\"fr-FR\",\"potentialAction\":[{\"@type\":\"ReadAction\",\"target\":[\"https:\\\/\\\/baptistetellier.fr\\\/index.php\\\/2022\\\/11\\\/09\\\/veeam-backup-for-gcp-pourquoi-comment\\\/\"]}]},{\"@type\":\"ImageObject\",\"inLanguage\":\"fr-FR\",\"@id\":\"https:\\\/\\\/baptistetellier.fr\\\/index.php\\\/2022\\\/11\\\/09\\\/veeam-backup-for-gcp-pourquoi-comment\\\/#primaryimage\",\"url\":\"https:\\\/\\\/baptistetellier.fr\\\/wp-content\\\/uploads\\\/2022\\\/11\\\/POWERPNT_zLMrAKIxBI.png\",\"contentUrl\":\"https:\\\/\\\/baptistetellier.fr\\\/wp-content\\\/uploads\\\/2022\\\/11\\\/POWERPNT_zLMrAKIxBI.png\",\"width\":1405,\"height\":773},{\"@type\":\"BreadcrumbList\",\"@id\":\"https:\\\/\\\/baptistetellier.fr\\\/index.php\\\/2022\\\/11\\\/09\\\/veeam-backup-for-gcp-pourquoi-comment\\\/#breadcrumb\",\"itemListElement\":[{\"@type\":\"ListItem\",\"position\":1,\"name\":\"Accueil\",\"item\":\"https:\\\/\\\/baptistetellier.fr\\\/\"},{\"@type\":\"ListItem\",\"position\":2,\"name\":\"Veeam Backup for GCP : Pourquoi ? Comment ?\"}]},{\"@type\":\"WebSite\",\"@id\":\"https:\\\/\\\/baptistetellier.fr\\\/#website\",\"url\":\"https:\\\/\\\/baptistetellier.fr\\\/\",\"name\":\"Baptiste Tellier\",\"description\":\"\",\"publisher\":{\"@id\":\"https:\\\/\\\/baptistetellier.fr\\\/#\\\/schema\\\/person\\\/0e3e43784261c58dd916e9f0a1673541\"},\"potentialAction\":[{\"@type\":\"SearchAction\",\"target\":{\"@type\":\"EntryPoint\",\"urlTemplate\":\"https:\\\/\\\/baptistetellier.fr\\\/?s={search_term_string}\"},\"query-input\":{\"@type\":\"PropertyValueSpecification\",\"valueRequired\":true,\"valueName\":\"search_term_string\"}}],\"inLanguage\":\"fr-FR\"},{\"@type\":[\"Person\",\"Organization\"],\"@id\":\"https:\\\/\\\/baptistetellier.fr\\\/#\\\/schema\\\/person\\\/0e3e43784261c58dd916e9f0a1673541\",\"name\":\"Baptiste Tellier\",\"image\":{\"@type\":\"ImageObject\",\"inLanguage\":\"fr-FR\",\"@id\":\"https:\\\/\\\/baptistetellier.fr\\\/wp-content\\\/uploads\\\/2020\\\/09\\\/20190315_110256-2.jpg\",\"url\":\"https:\\\/\\\/baptistetellier.fr\\\/wp-content\\\/uploads\\\/2020\\\/09\\\/20190315_110256-2.jpg\",\"contentUrl\":\"https:\\\/\\\/baptistetellier.fr\\\/wp-content\\\/uploads\\\/2020\\\/09\\\/20190315_110256-2.jpg\",\"width\":2025,\"height\":1562,\"caption\":\"Baptiste Tellier\"},\"logo\":{\"@id\":\"https:\\\/\\\/baptistetellier.fr\\\/wp-content\\\/uploads\\\/2020\\\/09\\\/20190315_110256-2.jpg\"}}]}<\/script>\n<!-- \/ Yoast SEO plugin. -->","yoast_head_json":{"title":"Veeam Backup for GCP : Pourquoi ? Comment ? - Baptiste Tellier","description":"Baptiste Tellier Veeam Backup for GCP : Pourquoi ? Comment ? - VBCloud - Focus sur les VCSP - Veeam Cloud Service Provider about Veeam Cloud Connect and more !","robots":{"index":"index","follow":"follow","max-snippet":"max-snippet:-1","max-image-preview":"max-image-preview:large","max-video-preview":"max-video-preview:-1"},"canonical":"https:\/\/baptistetellier.fr\/index.php\/2022\/11\/09\/veeam-backup-for-gcp-pourquoi-comment\/","og_locale":"fr_FR","og_type":"article","og_title":"Veeam Backup for GCP : Pourquoi ? Comment ? - Baptiste Tellier","og_description":"Baptiste Tellier Veeam Backup for GCP : Pourquoi ? Comment ? - VBCloud - Focus sur les VCSP - Veeam Cloud Service Provider about Veeam Cloud Connect and more !","og_url":"https:\/\/baptistetellier.fr\/index.php\/2022\/11\/09\/veeam-backup-for-gcp-pourquoi-comment\/","og_site_name":"Baptiste Tellier","article_published_time":"2022-11-09T17:30:00+00:00","article_modified_time":"2022-11-10T13:25:25+00:00","og_image":[{"width":1405,"height":773,"url":"https:\/\/baptistetellier.fr\/wp-content\/uploads\/2022\/11\/POWERPNT_zLMrAKIxBI.png","type":"image\/png"}],"author":"Baptiste Tellier","twitter_card":"summary_large_image","twitter_misc":{"\u00c9crit par":"Baptiste Tellier","Dur\u00e9e de lecture estim\u00e9e":"1 minute"},"schema":{"@context":"https:\/\/schema.org","@graph":[{"@type":"Article","@id":"https:\/\/baptistetellier.fr\/index.php\/2022\/11\/09\/veeam-backup-for-gcp-pourquoi-comment\/#article","isPartOf":{"@id":"https:\/\/baptistetellier.fr\/index.php\/2022\/11\/09\/veeam-backup-for-gcp-pourquoi-comment\/"},"author":{"name":"Baptiste Tellier","@id":"https:\/\/baptistetellier.fr\/#\/schema\/person\/0e3e43784261c58dd916e9f0a1673541"},"headline":"Veeam Backup for GCP : Pourquoi ? Comment ?","datePublished":"2022-11-09T17:30:00+00:00","dateModified":"2022-11-10T13:25:25+00:00","mainEntityOfPage":{"@id":"https:\/\/baptistetellier.fr\/index.php\/2022\/11\/09\/veeam-backup-for-gcp-pourquoi-comment\/"},"wordCount":115,"commentCount":2,"publisher":{"@id":"https:\/\/baptistetellier.fr\/#\/schema\/person\/0e3e43784261c58dd916e9f0a1673541"},"image":{"@id":"https:\/\/baptistetellier.fr\/index.php\/2022\/11\/09\/veeam-backup-for-gcp-pourquoi-comment\/#primaryimage"},"thumbnailUrl":"https:\/\/baptistetellier.fr\/wp-content\/uploads\/2022\/11\/POWERPNT_zLMrAKIxBI.png","keywords":["Cloud","Cloud provider","GCP","Google","Veeam","Veeam Backup","Veeam Backup for GCP"],"articleSection":["VBCloud","Veeam"],"inLanguage":"fr-FR","potentialAction":[{"@type":"CommentAction","name":"Comment","target":["https:\/\/baptistetellier.fr\/index.php\/2022\/11\/09\/veeam-backup-for-gcp-pourquoi-comment\/#respond"]}]},{"@type":"WebPage","@id":"https:\/\/baptistetellier.fr\/index.php\/2022\/11\/09\/veeam-backup-for-gcp-pourquoi-comment\/","url":"https:\/\/baptistetellier.fr\/index.php\/2022\/11\/09\/veeam-backup-for-gcp-pourquoi-comment\/","name":"Veeam Backup for GCP : Pourquoi ? Comment ? - Baptiste Tellier","isPartOf":{"@id":"https:\/\/baptistetellier.fr\/#website"},"primaryImageOfPage":{"@id":"https:\/\/baptistetellier.fr\/index.php\/2022\/11\/09\/veeam-backup-for-gcp-pourquoi-comment\/#primaryimage"},"image":{"@id":"https:\/\/baptistetellier.fr\/index.php\/2022\/11\/09\/veeam-backup-for-gcp-pourquoi-comment\/#primaryimage"},"thumbnailUrl":"https:\/\/baptistetellier.fr\/wp-content\/uploads\/2022\/11\/POWERPNT_zLMrAKIxBI.png","datePublished":"2022-11-09T17:30:00+00:00","dateModified":"2022-11-10T13:25:25+00:00","description":"Baptiste Tellier Veeam Backup for GCP : Pourquoi ? Comment ? - VBCloud - Focus sur les VCSP - Veeam Cloud Service Provider about Veeam Cloud Connect and more !","breadcrumb":{"@id":"https:\/\/baptistetellier.fr\/index.php\/2022\/11\/09\/veeam-backup-for-gcp-pourquoi-comment\/#breadcrumb"},"inLanguage":"fr-FR","potentialAction":[{"@type":"ReadAction","target":["https:\/\/baptistetellier.fr\/index.php\/2022\/11\/09\/veeam-backup-for-gcp-pourquoi-comment\/"]}]},{"@type":"ImageObject","inLanguage":"fr-FR","@id":"https:\/\/baptistetellier.fr\/index.php\/2022\/11\/09\/veeam-backup-for-gcp-pourquoi-comment\/#primaryimage","url":"https:\/\/baptistetellier.fr\/wp-content\/uploads\/2022\/11\/POWERPNT_zLMrAKIxBI.png","contentUrl":"https:\/\/baptistetellier.fr\/wp-content\/uploads\/2022\/11\/POWERPNT_zLMrAKIxBI.png","width":1405,"height":773},{"@type":"BreadcrumbList","@id":"https:\/\/baptistetellier.fr\/index.php\/2022\/11\/09\/veeam-backup-for-gcp-pourquoi-comment\/#breadcrumb","itemListElement":[{"@type":"ListItem","position":1,"name":"Accueil","item":"https:\/\/baptistetellier.fr\/"},{"@type":"ListItem","position":2,"name":"Veeam Backup for GCP : Pourquoi ? Comment ?"}]},{"@type":"WebSite","@id":"https:\/\/baptistetellier.fr\/#website","url":"https:\/\/baptistetellier.fr\/","name":"Baptiste Tellier","description":"","publisher":{"@id":"https:\/\/baptistetellier.fr\/#\/schema\/person\/0e3e43784261c58dd916e9f0a1673541"},"potentialAction":[{"@type":"SearchAction","target":{"@type":"EntryPoint","urlTemplate":"https:\/\/baptistetellier.fr\/?s={search_term_string}"},"query-input":{"@type":"PropertyValueSpecification","valueRequired":true,"valueName":"search_term_string"}}],"inLanguage":"fr-FR"},{"@type":["Person","Organization"],"@id":"https:\/\/baptistetellier.fr\/#\/schema\/person\/0e3e43784261c58dd916e9f0a1673541","name":"Baptiste Tellier","image":{"@type":"ImageObject","inLanguage":"fr-FR","@id":"https:\/\/baptistetellier.fr\/wp-content\/uploads\/2020\/09\/20190315_110256-2.jpg","url":"https:\/\/baptistetellier.fr\/wp-content\/uploads\/2020\/09\/20190315_110256-2.jpg","contentUrl":"https:\/\/baptistetellier.fr\/wp-content\/uploads\/2020\/09\/20190315_110256-2.jpg","width":2025,"height":1562,"caption":"Baptiste Tellier"},"logo":{"@id":"https:\/\/baptistetellier.fr\/wp-content\/uploads\/2020\/09\/20190315_110256-2.jpg"}}]}},"_links":{"self":[{"href":"https:\/\/baptistetellier.fr\/index.php\/wp-json\/wp\/v2\/posts\/764","targetHints":{"allow":["GET"]}}],"collection":[{"href":"https:\/\/baptistetellier.fr\/index.php\/wp-json\/wp\/v2\/posts"}],"about":[{"href":"https:\/\/baptistetellier.fr\/index.php\/wp-json\/wp\/v2\/types\/post"}],"author":[{"embeddable":true,"href":"https:\/\/baptistetellier.fr\/index.php\/wp-json\/wp\/v2\/users\/1"}],"replies":[{"embeddable":true,"href":"https:\/\/baptistetellier.fr\/index.php\/wp-json\/wp\/v2\/comments?post=764"}],"version-history":[{"count":3,"href":"https:\/\/baptistetellier.fr\/index.php\/wp-json\/wp\/v2\/posts\/764\/revisions"}],"predecessor-version":[{"id":770,"href":"https:\/\/baptistetellier.fr\/index.php\/wp-json\/wp\/v2\/posts\/764\/revisions\/770"}],"wp:featuredmedia":[{"embeddable":true,"href":"https:\/\/baptistetellier.fr\/index.php\/wp-json\/wp\/v2\/media\/769"}],"wp:attachment":[{"href":"https:\/\/baptistetellier.fr\/index.php\/wp-json\/wp\/v2\/media?parent=764"}],"wp:term":[{"taxonomy":"category","embeddable":true,"href":"https:\/\/baptistetellier.fr\/index.php\/wp-json\/wp\/v2\/categories?post=764"},{"taxonomy":"post_tag","embeddable":true,"href":"https:\/\/baptistetellier.fr\/index.php\/wp-json\/wp\/v2\/tags?post=764"}],"curies":[{"name":"wp","href":"https:\/\/api.w.org\/{rel}","templated":true}]}}