{"id":728,"date":"2022-09-05T13:09:20","date_gmt":"2022-09-05T11:09:20","guid":{"rendered":"https:\/\/baptistetellier.fr\/?p=728"},"modified":"2022-09-05T13:11:18","modified_gmt":"2022-09-05T11:11:18","slug":"cest-lheure-de-la-pause-veeam-7-septembre2022","status":"publish","type":"post","link":"https:\/\/baptistetellier.fr\/index.php\/2022\/09\/05\/cest-lheure-de-la-pause-veeam-7-septembre2022\/","title":{"rendered":"C\u2019est l\u2019heure de la pause Veeam #7 Septembre2022"},"content":{"rendered":"<p>Bonjour \u00e0 tous,<\/p>\n<p>C&rsquo;est le moment de se faire couler un caf\u00e9 et de lire l&rsquo;actualit\u00e9 Veeam de ce mois de Septembre 2022, rattrapage de l&rsquo;\u00e9t\u00e9 et bonne rentr\u00e9e \ud83d\ude0a !<\/p>\n<h2>Veeam Backup for Microsoft 365 <span style=\"color: #ff0000;\">6a<\/span><\/h2>\n<p><a href=\"https:\/\/www.veeam.com\/kb4347\" target=\"_blank\" rel=\"noopener\">Le patch 6a<\/a> est sorti cet \u00e9t\u00e9 afin de prendre en charge la nouvelle sauvegarde des chats teams via les Graph API. Si vous ne savez pas de quoi je parle, je vous invite <a href=\"https:\/\/baptistetellier.fr\/index.php\/2022\/06\/21\/microsoft-va-rendre-payant-la-sauvegarde-de-teams\/\" target=\"_blank\" rel=\"noopener\">\u00e0 lire cet article.<\/a><\/p>\n<p>Par d\u00e9faut, ce patch conserve la sauvegarde des chats teams via EWS mais Microsoft va retirer cette possibilit\u00e9 en Octobre, il faudra alors faire un choix et activ\u00e9 la fonctionnalit\u00e9 ou non sur VB365.<\/p>\n<p>Il existe des KB pour vous accompagner dans ces changements :<\/p>\n<ul>\n<li><a href=\"https:\/\/www.veeam.com\/kb4322\" target=\"_blank\" rel=\"noopener\">How to request access to Microsoft Graph Teams Export APIs<\/a><\/li>\n<li><a href=\"https:\/\/www.veeam.com\/kb4340\" target=\"_blank\" rel=\"noopener\">How To Configure Veeam Backup for Microsoft 365 to Use Microsoft Graph Export API for Teams<\/a><\/li>\n<\/ul>\n<p>Attention, dans le what&rsquo;s new de la 6a, il est inclus une nouvelle permission n\u00e9cessaire pour la sauvegarde de teams via API au niveau de l&rsquo;Azure AD Application.<\/p>\n<p>En plus, cette version inclut quelques optimisations :<\/p>\n<ul>\n<li>Sauvegarde jusqu\u2019\u00e0 4 fois plus rapide et sauvegardes incr\u00e9mentielles pour SharePoint et OneDrive<\/li>\n<li>Restauration jusqu\u2019\u00e0 2 fois plus rapide des sites SharePoint<\/li>\n<\/ul>\n<h2>C&rsquo;est disponible : Veeam Backup for AWS v5, Azure v4, Google Cloud v3<\/h2>\n<p>Si vous avez loup\u00e9 <a href=\"https:\/\/baptistetellier.fr\/index.php\/2022\/08\/11\/cest-disponible-veeam-backup-for-aws-v5-azure-v4-google-cloud-v3\/\" target=\"_blank\" rel=\"noopener\">le dernier article du blog<\/a>\u00a0\ud83d\ude09<\/p>\n<h2>Veeam me up !<\/h2>\n<p>Yoan et Yohan lance un podcast autour de Veeam : <a href=\"https:\/\/www.podcastics.com\/podcast\/veeam-me-up\/\" target=\"_blank\" rel=\"noopener\">Veeam Me Up !<\/a><\/p>\n<h2>Magic Quadrant 2022<\/h2>\n<p>Veeam class\u00e9 parmi les leaders sur le Magic Quadrant 2022 du Gartner : <a href=\"https:\/\/www.veeam.com\/fr\/2022-gartner-magic-quadrant.html\" target=\"_blank\" rel=\"noopener\">le rapport ici<\/a><\/p>\n<h2>Sauvegarde de SalesForce<\/h2>\n<p>Veeam devrait prochainement lancer son nouveau nouveau produit pour la sauvegarde de SalesForce. Le mod\u00e8le de <a href=\"https:\/\/www.veeam.com\/blog\/salesforce-shared-responsibility-model.html\" target=\"_blank\" rel=\"noopener\">partage de responsabilit\u00e9<\/a> va vous rappeler quelque chose \ud83d\ude04.<\/p>\n<p>Stay tune !<\/p>\n<h2>Quelques KB en vrac<\/h2>\n<p>Fin de support de TLS 1.2 : <a href=\"https:\/\/www.veeam.com\/kb4335\" target=\"_blank\" rel=\"noopener\">AHV clusters with AOS versions 5.20.4+ (LTS) or 6.1.1+ (STS) shown as unavailable in Veeam Console<\/a><\/p>\n<p>Veeam Agents for Windows : <a href=\"https:\/\/www.veeam.com\/kb4334\" target=\"_blank\" rel=\"noopener\">Veeam Support Statement Regarding SQL 2012 LocalDB EOL<\/a><\/p>\n<p>Veeam Service Provider Console : <a href=\"https:\/\/www.veeam.com\/kb4297\" target=\"_blank\" rel=\"noopener\">How to Manually Update Veeam Backup Agent Deployment Packages on Veeam Service Provider Console Server<\/a><\/p>\n<h2>Articles de blog<\/h2>\n<p style=\"text-align: left;\">Brad nous d\u00e9tail les 10 best alarmes de Veeam One contre les Ransomware : <a href=\"https:\/\/www.linchtips.com\/post\/veeam-one-s-10-best-alarms-for-ransomware-protection\" target=\"_blank\" rel=\"noopener\">https:\/\/www.linchtips.com\/post\/veeam-one-s-10-best-alarms-for-ransomware-protection<\/a><\/p>\n<p>Hal explique comment monter facilement un \u00ab\u00a0Bastion\/jumpbox\u00a0\u00bb sur Azure : <a href=\"https:\/\/cloudoasis.com.au\/2022\/05\/10\/cloud-workload-connection-vulnerability\/\" target=\"_blank\" rel=\"noopener\">https:\/\/cloudoasis.com.au\/2022\/05\/10\/cloud-workload-connection-vulnerability\/<\/a><\/p>\n<p style=\"text-align: left;\">Jorge aborde le sujet d&rsquo;expiration des certificats pour Veeam Backup for M365 et les Azure AD Application : <a href=\"https:\/\/jorgedelacruz.uk\/2022\/08\/26\/veeam-how-to-check-your-veeam-backup-for-microsoft-365-application-certificate-expiration-date\/\" target=\"_blank\" rel=\"noopener\">https:\/\/jorgedelacruz.uk\/2022\/08\/26\/veeam-how-to-check-your-veeam-backup-for-microsoft-365-application-certificate-expiration-date\/<\/a><\/p>\n<p>vMiss Melissa explique le fonctionnement du Ransomware Cheerscrypt pour VMware : <a href=\"https:\/\/vmiss.net\/cheerscrypt-ransomware\/\" target=\"_blank\" rel=\"noopener\">https:\/\/vmiss.net\/cheerscrypt-ransomware\/\u00a0<\/a><\/p>\n<h2>Patchs &amp; Updates<\/h2>\n<p>On n&rsquo;oublie pas de maintenir son infrastructure \u00e0 jour \ud83d\ude42 !<\/p>\n<ul>\n<li><a href=\"https:\/\/www.veeam.com\/kb4347\" target=\"_blank\" rel=\"noopener\">Le patch 6a<\/a> de VB365<\/li>\n<\/ul>\n<h2>L&rsquo;astuce du jour<\/h2>\n<p>Vous pouvez vous inscrire sur <a href=\"https:\/\/www.veeam.com\/knowledge-base.html\" target=\"_blank\" rel=\"noopener\">https:\/\/www.veeam.com\/knowledge-base.html<\/a> pour recevoir les mises \u00e0 jour de s\u00e9curit\u00e9s de tous les produits Veeam \ud83e\udd29<\/p>\n<p>\u00c0 bient\u00f4t !<\/p>\n","protected":false},"excerpt":{"rendered":"<p>Bonjour \u00e0 tous, C&rsquo;est le moment de se faire couler un caf\u00e9 et de lire l&rsquo;actualit\u00e9 Veeam de ce mois de Septembre 2022, rattrapage de l&rsquo;\u00e9t\u00e9 et bonne rentr\u00e9e \ud83d\ude0a ! Veeam Backup for Microsoft 365 6a Le patch 6a est sorti cet \u00e9t\u00e9 afin de prendre en charge la nouvelle sauvegarde des chats teams via les Graph API. Si vous ne savez pas de quoi je parle, je vous invite \u00e0 lire cet article. Par d\u00e9faut, ce patch conserve&#8230;<\/p>\n<p class=\"read-more\"><a class=\"btn btn-default\" href=\"https:\/\/baptistetellier.fr\/index.php\/2022\/09\/05\/cest-lheure-de-la-pause-veeam-7-septembre2022\/\">Lire la suite<span class=\"screen-reader-text\"> Lire la suite<\/span><\/a><\/p>\n","protected":false},"author":1,"featured_media":460,"comment_status":"open","ping_status":"open","sticky":false,"template":"","format":"standard","meta":{"_monsterinsights_skip_tracking":false,"_monsterinsights_sitenote_active":false,"_monsterinsights_sitenote_note":"","_monsterinsights_sitenote_category":0,"footnotes":""},"categories":[56,30,2,3],"tags":[21,19,34,33,43,60,63,18,17,25,61,76],"class_list":["post-728","post","type-post","status-publish","format-standard","has-post-thumbnail","hentry","category-vbcloud","category-vbo","category-veeam","category-veeam-one","tag-azure","tag-cloud-provider","tag-microsoft","tag-office-365","tag-ransomware","tag-vbm365","tag-vbo-v6","tag-vcsp","tag-veeam","tag-veeam-backup","tag-veeam-backup-for-microsoft-365","tag-veeam-one"],"yoast_head":"<!-- This site is optimized with the Yoast SEO plugin v27.5 - https:\/\/yoast.com\/product\/yoast-seo-wordpress\/ -->\n<title>C\u2019est l\u2019heure de la pause Veeam #7 Septembre2022 - Baptiste Tellier<\/title>\n<meta name=\"description\" content=\"Baptiste Tellier C\u2019est l\u2019heure de la pause Veeam #7 Septembre2022 - Veeam - Focus sur les VCSP - Veeam Cloud Service Provider about Veeam Cloud Connect and more !\" \/>\n<meta name=\"robots\" content=\"index, follow, max-snippet:-1, max-image-preview:large, max-video-preview:-1\" \/>\n<link rel=\"canonical\" href=\"https:\/\/baptistetellier.fr\/index.php\/2022\/09\/05\/cest-lheure-de-la-pause-veeam-7-septembre2022\/\" \/>\n<meta property=\"og:locale\" content=\"fr_FR\" \/>\n<meta property=\"og:type\" content=\"article\" \/>\n<meta property=\"og:title\" content=\"C\u2019est l\u2019heure de la pause Veeam #7 Septembre2022 - Baptiste Tellier\" \/>\n<meta property=\"og:description\" content=\"Baptiste Tellier C\u2019est l\u2019heure de la pause Veeam #7 Septembre2022 - Veeam - Focus sur les VCSP - Veeam Cloud Service Provider about Veeam Cloud Connect and more !\" \/>\n<meta property=\"og:url\" content=\"https:\/\/baptistetellier.fr\/index.php\/2022\/09\/05\/cest-lheure-de-la-pause-veeam-7-septembre2022\/\" \/>\n<meta property=\"og:site_name\" content=\"Baptiste Tellier\" \/>\n<meta property=\"article:published_time\" content=\"2022-09-05T11:09:20+00:00\" \/>\n<meta property=\"article:modified_time\" content=\"2022-09-05T11:11:18+00:00\" \/>\n<meta property=\"og:image\" content=\"https:\/\/baptistetellier.fr\/wp-content\/uploads\/2021\/04\/donut-3723751_1920-copie.jpg\" \/>\n\t<meta property=\"og:image:width\" content=\"1920\" \/>\n\t<meta property=\"og:image:height\" content=\"1280\" \/>\n\t<meta property=\"og:image:type\" content=\"image\/jpeg\" \/>\n<meta name=\"author\" content=\"Baptiste Tellier\" \/>\n<meta name=\"twitter:card\" content=\"summary_large_image\" \/>\n<meta name=\"twitter:label1\" content=\"\u00c9crit par\" \/>\n\t<meta name=\"twitter:data1\" content=\"Baptiste Tellier\" \/>\n\t<meta name=\"twitter:label2\" content=\"Dur\u00e9e de lecture estim\u00e9e\" \/>\n\t<meta name=\"twitter:data2\" content=\"3 minutes\" \/>\n<script type=\"application\/ld+json\" class=\"yoast-schema-graph\">{\"@context\":\"https:\\\/\\\/schema.org\",\"@graph\":[{\"@type\":\"Article\",\"@id\":\"https:\\\/\\\/baptistetellier.fr\\\/index.php\\\/2022\\\/09\\\/05\\\/cest-lheure-de-la-pause-veeam-7-septembre2022\\\/#article\",\"isPartOf\":{\"@id\":\"https:\\\/\\\/baptistetellier.fr\\\/index.php\\\/2022\\\/09\\\/05\\\/cest-lheure-de-la-pause-veeam-7-septembre2022\\\/\"},\"author\":{\"name\":\"Baptiste Tellier\",\"@id\":\"https:\\\/\\\/baptistetellier.fr\\\/#\\\/schema\\\/person\\\/0e3e43784261c58dd916e9f0a1673541\"},\"headline\":\"C\u2019est l\u2019heure de la pause Veeam #7 Septembre2022\",\"datePublished\":\"2022-09-05T11:09:20+00:00\",\"dateModified\":\"2022-09-05T11:11:18+00:00\",\"mainEntityOfPage\":{\"@id\":\"https:\\\/\\\/baptistetellier.fr\\\/index.php\\\/2022\\\/09\\\/05\\\/cest-lheure-de-la-pause-veeam-7-septembre2022\\\/\"},\"wordCount\":470,\"commentCount\":0,\"publisher\":{\"@id\":\"https:\\\/\\\/baptistetellier.fr\\\/#\\\/schema\\\/person\\\/0e3e43784261c58dd916e9f0a1673541\"},\"image\":{\"@id\":\"https:\\\/\\\/baptistetellier.fr\\\/index.php\\\/2022\\\/09\\\/05\\\/cest-lheure-de-la-pause-veeam-7-septembre2022\\\/#primaryimage\"},\"thumbnailUrl\":\"https:\\\/\\\/baptistetellier.fr\\\/wp-content\\\/uploads\\\/2021\\\/04\\\/donut-3723751_1920-copie.jpg\",\"keywords\":[\"Azure\",\"Cloud provider\",\"Microsoft\",\"Office 365\",\"ransomware\",\"VBM365\",\"VBO v6\",\"VCSP\",\"Veeam\",\"Veeam Backup\",\"Veeam Backup for Microsoft 365\",\"Veeam One\"],\"articleSection\":[\"VBCloud\",\"VBO\",\"Veeam\",\"Veeam One\"],\"inLanguage\":\"fr-FR\",\"potentialAction\":[{\"@type\":\"CommentAction\",\"name\":\"Comment\",\"target\":[\"https:\\\/\\\/baptistetellier.fr\\\/index.php\\\/2022\\\/09\\\/05\\\/cest-lheure-de-la-pause-veeam-7-septembre2022\\\/#respond\"]}]},{\"@type\":\"WebPage\",\"@id\":\"https:\\\/\\\/baptistetellier.fr\\\/index.php\\\/2022\\\/09\\\/05\\\/cest-lheure-de-la-pause-veeam-7-septembre2022\\\/\",\"url\":\"https:\\\/\\\/baptistetellier.fr\\\/index.php\\\/2022\\\/09\\\/05\\\/cest-lheure-de-la-pause-veeam-7-septembre2022\\\/\",\"name\":\"C\u2019est l\u2019heure de la pause Veeam #7 Septembre2022 - Baptiste Tellier\",\"isPartOf\":{\"@id\":\"https:\\\/\\\/baptistetellier.fr\\\/#website\"},\"primaryImageOfPage\":{\"@id\":\"https:\\\/\\\/baptistetellier.fr\\\/index.php\\\/2022\\\/09\\\/05\\\/cest-lheure-de-la-pause-veeam-7-septembre2022\\\/#primaryimage\"},\"image\":{\"@id\":\"https:\\\/\\\/baptistetellier.fr\\\/index.php\\\/2022\\\/09\\\/05\\\/cest-lheure-de-la-pause-veeam-7-septembre2022\\\/#primaryimage\"},\"thumbnailUrl\":\"https:\\\/\\\/baptistetellier.fr\\\/wp-content\\\/uploads\\\/2021\\\/04\\\/donut-3723751_1920-copie.jpg\",\"datePublished\":\"2022-09-05T11:09:20+00:00\",\"dateModified\":\"2022-09-05T11:11:18+00:00\",\"description\":\"Baptiste Tellier C\u2019est l\u2019heure de la pause Veeam #7 Septembre2022 - Veeam - Focus sur les VCSP - Veeam Cloud Service Provider about Veeam Cloud Connect and more !\",\"breadcrumb\":{\"@id\":\"https:\\\/\\\/baptistetellier.fr\\\/index.php\\\/2022\\\/09\\\/05\\\/cest-lheure-de-la-pause-veeam-7-septembre2022\\\/#breadcrumb\"},\"inLanguage\":\"fr-FR\",\"potentialAction\":[{\"@type\":\"ReadAction\",\"target\":[\"https:\\\/\\\/baptistetellier.fr\\\/index.php\\\/2022\\\/09\\\/05\\\/cest-lheure-de-la-pause-veeam-7-septembre2022\\\/\"]}]},{\"@type\":\"ImageObject\",\"inLanguage\":\"fr-FR\",\"@id\":\"https:\\\/\\\/baptistetellier.fr\\\/index.php\\\/2022\\\/09\\\/05\\\/cest-lheure-de-la-pause-veeam-7-septembre2022\\\/#primaryimage\",\"url\":\"https:\\\/\\\/baptistetellier.fr\\\/wp-content\\\/uploads\\\/2021\\\/04\\\/donut-3723751_1920-copie.jpg\",\"contentUrl\":\"https:\\\/\\\/baptistetellier.fr\\\/wp-content\\\/uploads\\\/2021\\\/04\\\/donut-3723751_1920-copie.jpg\",\"width\":1920,\"height\":1280},{\"@type\":\"BreadcrumbList\",\"@id\":\"https:\\\/\\\/baptistetellier.fr\\\/index.php\\\/2022\\\/09\\\/05\\\/cest-lheure-de-la-pause-veeam-7-septembre2022\\\/#breadcrumb\",\"itemListElement\":[{\"@type\":\"ListItem\",\"position\":1,\"name\":\"Accueil\",\"item\":\"https:\\\/\\\/baptistetellier.fr\\\/\"},{\"@type\":\"ListItem\",\"position\":2,\"name\":\"C\u2019est l\u2019heure de la pause Veeam #7 Septembre2022\"}]},{\"@type\":\"WebSite\",\"@id\":\"https:\\\/\\\/baptistetellier.fr\\\/#website\",\"url\":\"https:\\\/\\\/baptistetellier.fr\\\/\",\"name\":\"Baptiste Tellier\",\"description\":\"\",\"publisher\":{\"@id\":\"https:\\\/\\\/baptistetellier.fr\\\/#\\\/schema\\\/person\\\/0e3e43784261c58dd916e9f0a1673541\"},\"potentialAction\":[{\"@type\":\"SearchAction\",\"target\":{\"@type\":\"EntryPoint\",\"urlTemplate\":\"https:\\\/\\\/baptistetellier.fr\\\/?s={search_term_string}\"},\"query-input\":{\"@type\":\"PropertyValueSpecification\",\"valueRequired\":true,\"valueName\":\"search_term_string\"}}],\"inLanguage\":\"fr-FR\"},{\"@type\":[\"Person\",\"Organization\"],\"@id\":\"https:\\\/\\\/baptistetellier.fr\\\/#\\\/schema\\\/person\\\/0e3e43784261c58dd916e9f0a1673541\",\"name\":\"Baptiste Tellier\",\"image\":{\"@type\":\"ImageObject\",\"inLanguage\":\"fr-FR\",\"@id\":\"https:\\\/\\\/baptistetellier.fr\\\/wp-content\\\/uploads\\\/2020\\\/09\\\/20190315_110256-2.jpg\",\"url\":\"https:\\\/\\\/baptistetellier.fr\\\/wp-content\\\/uploads\\\/2020\\\/09\\\/20190315_110256-2.jpg\",\"contentUrl\":\"https:\\\/\\\/baptistetellier.fr\\\/wp-content\\\/uploads\\\/2020\\\/09\\\/20190315_110256-2.jpg\",\"width\":2025,\"height\":1562,\"caption\":\"Baptiste Tellier\"},\"logo\":{\"@id\":\"https:\\\/\\\/baptistetellier.fr\\\/wp-content\\\/uploads\\\/2020\\\/09\\\/20190315_110256-2.jpg\"}}]}<\/script>\n<!-- \/ Yoast SEO plugin. -->","yoast_head_json":{"title":"C\u2019est l\u2019heure de la pause Veeam #7 Septembre2022 - Baptiste Tellier","description":"Baptiste Tellier C\u2019est l\u2019heure de la pause Veeam #7 Septembre2022 - Veeam - Focus sur les VCSP - Veeam Cloud Service Provider about Veeam Cloud Connect and more !","robots":{"index":"index","follow":"follow","max-snippet":"max-snippet:-1","max-image-preview":"max-image-preview:large","max-video-preview":"max-video-preview:-1"},"canonical":"https:\/\/baptistetellier.fr\/index.php\/2022\/09\/05\/cest-lheure-de-la-pause-veeam-7-septembre2022\/","og_locale":"fr_FR","og_type":"article","og_title":"C\u2019est l\u2019heure de la pause Veeam #7 Septembre2022 - Baptiste Tellier","og_description":"Baptiste Tellier C\u2019est l\u2019heure de la pause Veeam #7 Septembre2022 - Veeam - Focus sur les VCSP - Veeam Cloud Service Provider about Veeam Cloud Connect and more !","og_url":"https:\/\/baptistetellier.fr\/index.php\/2022\/09\/05\/cest-lheure-de-la-pause-veeam-7-septembre2022\/","og_site_name":"Baptiste Tellier","article_published_time":"2022-09-05T11:09:20+00:00","article_modified_time":"2022-09-05T11:11:18+00:00","og_image":[{"width":1920,"height":1280,"url":"https:\/\/baptistetellier.fr\/wp-content\/uploads\/2021\/04\/donut-3723751_1920-copie.jpg","type":"image\/jpeg"}],"author":"Baptiste Tellier","twitter_card":"summary_large_image","twitter_misc":{"\u00c9crit par":"Baptiste Tellier","Dur\u00e9e de lecture estim\u00e9e":"3 minutes"},"schema":{"@context":"https:\/\/schema.org","@graph":[{"@type":"Article","@id":"https:\/\/baptistetellier.fr\/index.php\/2022\/09\/05\/cest-lheure-de-la-pause-veeam-7-septembre2022\/#article","isPartOf":{"@id":"https:\/\/baptistetellier.fr\/index.php\/2022\/09\/05\/cest-lheure-de-la-pause-veeam-7-septembre2022\/"},"author":{"name":"Baptiste Tellier","@id":"https:\/\/baptistetellier.fr\/#\/schema\/person\/0e3e43784261c58dd916e9f0a1673541"},"headline":"C\u2019est l\u2019heure de la pause Veeam #7 Septembre2022","datePublished":"2022-09-05T11:09:20+00:00","dateModified":"2022-09-05T11:11:18+00:00","mainEntityOfPage":{"@id":"https:\/\/baptistetellier.fr\/index.php\/2022\/09\/05\/cest-lheure-de-la-pause-veeam-7-septembre2022\/"},"wordCount":470,"commentCount":0,"publisher":{"@id":"https:\/\/baptistetellier.fr\/#\/schema\/person\/0e3e43784261c58dd916e9f0a1673541"},"image":{"@id":"https:\/\/baptistetellier.fr\/index.php\/2022\/09\/05\/cest-lheure-de-la-pause-veeam-7-septembre2022\/#primaryimage"},"thumbnailUrl":"https:\/\/baptistetellier.fr\/wp-content\/uploads\/2021\/04\/donut-3723751_1920-copie.jpg","keywords":["Azure","Cloud provider","Microsoft","Office 365","ransomware","VBM365","VBO v6","VCSP","Veeam","Veeam Backup","Veeam Backup for Microsoft 365","Veeam One"],"articleSection":["VBCloud","VBO","Veeam","Veeam One"],"inLanguage":"fr-FR","potentialAction":[{"@type":"CommentAction","name":"Comment","target":["https:\/\/baptistetellier.fr\/index.php\/2022\/09\/05\/cest-lheure-de-la-pause-veeam-7-septembre2022\/#respond"]}]},{"@type":"WebPage","@id":"https:\/\/baptistetellier.fr\/index.php\/2022\/09\/05\/cest-lheure-de-la-pause-veeam-7-septembre2022\/","url":"https:\/\/baptistetellier.fr\/index.php\/2022\/09\/05\/cest-lheure-de-la-pause-veeam-7-septembre2022\/","name":"C\u2019est l\u2019heure de la pause Veeam #7 Septembre2022 - Baptiste Tellier","isPartOf":{"@id":"https:\/\/baptistetellier.fr\/#website"},"primaryImageOfPage":{"@id":"https:\/\/baptistetellier.fr\/index.php\/2022\/09\/05\/cest-lheure-de-la-pause-veeam-7-septembre2022\/#primaryimage"},"image":{"@id":"https:\/\/baptistetellier.fr\/index.php\/2022\/09\/05\/cest-lheure-de-la-pause-veeam-7-septembre2022\/#primaryimage"},"thumbnailUrl":"https:\/\/baptistetellier.fr\/wp-content\/uploads\/2021\/04\/donut-3723751_1920-copie.jpg","datePublished":"2022-09-05T11:09:20+00:00","dateModified":"2022-09-05T11:11:18+00:00","description":"Baptiste Tellier C\u2019est l\u2019heure de la pause Veeam #7 Septembre2022 - Veeam - Focus sur les VCSP - Veeam Cloud Service Provider about Veeam Cloud Connect and more !","breadcrumb":{"@id":"https:\/\/baptistetellier.fr\/index.php\/2022\/09\/05\/cest-lheure-de-la-pause-veeam-7-septembre2022\/#breadcrumb"},"inLanguage":"fr-FR","potentialAction":[{"@type":"ReadAction","target":["https:\/\/baptistetellier.fr\/index.php\/2022\/09\/05\/cest-lheure-de-la-pause-veeam-7-septembre2022\/"]}]},{"@type":"ImageObject","inLanguage":"fr-FR","@id":"https:\/\/baptistetellier.fr\/index.php\/2022\/09\/05\/cest-lheure-de-la-pause-veeam-7-septembre2022\/#primaryimage","url":"https:\/\/baptistetellier.fr\/wp-content\/uploads\/2021\/04\/donut-3723751_1920-copie.jpg","contentUrl":"https:\/\/baptistetellier.fr\/wp-content\/uploads\/2021\/04\/donut-3723751_1920-copie.jpg","width":1920,"height":1280},{"@type":"BreadcrumbList","@id":"https:\/\/baptistetellier.fr\/index.php\/2022\/09\/05\/cest-lheure-de-la-pause-veeam-7-septembre2022\/#breadcrumb","itemListElement":[{"@type":"ListItem","position":1,"name":"Accueil","item":"https:\/\/baptistetellier.fr\/"},{"@type":"ListItem","position":2,"name":"C\u2019est l\u2019heure de la pause Veeam #7 Septembre2022"}]},{"@type":"WebSite","@id":"https:\/\/baptistetellier.fr\/#website","url":"https:\/\/baptistetellier.fr\/","name":"Baptiste Tellier","description":"","publisher":{"@id":"https:\/\/baptistetellier.fr\/#\/schema\/person\/0e3e43784261c58dd916e9f0a1673541"},"potentialAction":[{"@type":"SearchAction","target":{"@type":"EntryPoint","urlTemplate":"https:\/\/baptistetellier.fr\/?s={search_term_string}"},"query-input":{"@type":"PropertyValueSpecification","valueRequired":true,"valueName":"search_term_string"}}],"inLanguage":"fr-FR"},{"@type":["Person","Organization"],"@id":"https:\/\/baptistetellier.fr\/#\/schema\/person\/0e3e43784261c58dd916e9f0a1673541","name":"Baptiste Tellier","image":{"@type":"ImageObject","inLanguage":"fr-FR","@id":"https:\/\/baptistetellier.fr\/wp-content\/uploads\/2020\/09\/20190315_110256-2.jpg","url":"https:\/\/baptistetellier.fr\/wp-content\/uploads\/2020\/09\/20190315_110256-2.jpg","contentUrl":"https:\/\/baptistetellier.fr\/wp-content\/uploads\/2020\/09\/20190315_110256-2.jpg","width":2025,"height":1562,"caption":"Baptiste Tellier"},"logo":{"@id":"https:\/\/baptistetellier.fr\/wp-content\/uploads\/2020\/09\/20190315_110256-2.jpg"}}]}},"_links":{"self":[{"href":"https:\/\/baptistetellier.fr\/index.php\/wp-json\/wp\/v2\/posts\/728","targetHints":{"allow":["GET"]}}],"collection":[{"href":"https:\/\/baptistetellier.fr\/index.php\/wp-json\/wp\/v2\/posts"}],"about":[{"href":"https:\/\/baptistetellier.fr\/index.php\/wp-json\/wp\/v2\/types\/post"}],"author":[{"embeddable":true,"href":"https:\/\/baptistetellier.fr\/index.php\/wp-json\/wp\/v2\/users\/1"}],"replies":[{"embeddable":true,"href":"https:\/\/baptistetellier.fr\/index.php\/wp-json\/wp\/v2\/comments?post=728"}],"version-history":[{"count":3,"href":"https:\/\/baptistetellier.fr\/index.php\/wp-json\/wp\/v2\/posts\/728\/revisions"}],"predecessor-version":[{"id":731,"href":"https:\/\/baptistetellier.fr\/index.php\/wp-json\/wp\/v2\/posts\/728\/revisions\/731"}],"wp:featuredmedia":[{"embeddable":true,"href":"https:\/\/baptistetellier.fr\/index.php\/wp-json\/wp\/v2\/media\/460"}],"wp:attachment":[{"href":"https:\/\/baptistetellier.fr\/index.php\/wp-json\/wp\/v2\/media?parent=728"}],"wp:term":[{"taxonomy":"category","embeddable":true,"href":"https:\/\/baptistetellier.fr\/index.php\/wp-json\/wp\/v2\/categories?post=728"},{"taxonomy":"post_tag","embeddable":true,"href":"https:\/\/baptistetellier.fr\/index.php\/wp-json\/wp\/v2\/tags?post=728"}],"curies":[{"name":"wp","href":"https:\/\/api.w.org\/{rel}","templated":true}]}}