{"id":686,"date":"2022-06-10T15:08:17","date_gmt":"2022-06-10T13:08:17","guid":{"rendered":"https:\/\/baptistetellier.fr\/?p=686"},"modified":"2022-06-10T15:08:17","modified_gmt":"2022-06-10T13:08:17","slug":"cest-lheure-de-la-pause-veeam-6-juin2022","status":"publish","type":"post","link":"https:\/\/baptistetellier.fr\/index.php\/2022\/06\/10\/cest-lheure-de-la-pause-veeam-6-juin2022\/","title":{"rendered":"C&rsquo;est l&rsquo;heure de la pause Veeam #6 Juin2022"},"content":{"rendered":"<p>Bonjour \u00e0 tous,<\/p>\n<p>C&rsquo;est le moment de se faire couler un caf\u00e9 et de lire l&rsquo;actualit\u00e9 Veeam de ce mois de Juin 2022,<\/p>\n<h2>Veeam on tour France\/Afrique !<\/h2>\n<p>Si vous n\u2019\u00eates pas encore inscrit, il y a le Veeam On Tour dans diff\u00e9rentes villes de France qui a lieu en Juin et Juillet : <a href=\"https:\/\/go.veeam.com\/veeamon-tour-2022-fr\" target=\"_blank\" rel=\"noopener\">https:\/\/go.veeam.com\/veeamon-tour-2022-fr\u00a0<\/a><\/p>\n<h2>Nouveaut\u00e9s v12<\/h2>\n<p>Lors du Veeam On 2022, il y a eu beaucoup d&rsquo;annonce et de pr\u00e9sentation sur la V12 et les futures nouveaut\u00e9s pour les cloud publics. <strong>Pas moins de 12 sessions !<\/strong><\/p>\n<p>Vous pouvez revoir en replay toutes les sessions ici : <a href=\"https:\/\/go.veeam.com\/veeamon-tour-2022-fr\" target=\"_blank\" rel=\"noopener\">https:\/\/go.veeam.com\/veeamon-tour-2022-fr<\/a><\/p>\n<h2>Nouveau Best Practice Guide VCSP !<\/h2>\n<p>Vous connaissiez le <a href=\"https:\/\/bp.veeam.com\/vbr\" target=\"_blank\" rel=\"noopener\">Best Practice Guide pour VBR<\/a> pas vrai ? Et bien, il y en a un tout neuf tout frais pour les VCSP : <a href=\"https:\/\/bp.veeam.com\/sp\" target=\"_blank\" rel=\"noopener\">https:\/\/bp.veeam.com\/sp<\/a>. Si vous avez des feedbacks n&rsquo;h\u00e9sitez pas !<\/p>\n<h2>VCSP Rental Licensing Guide<\/h2>\n<p style=\"text-align: left;\">Vous avez des questions sur le licensing de votre programme VCSP ? Le mode de fonctionnement ? les droits d&rsquo;usages ? Leurs limitations ?<\/p>\n<p>\u00c7a tombe bien, toute <a href=\"https:\/\/helpcenter.veeam.com\/docs\/vcsp\/refguide\/about.html\" target=\"_blank\" rel=\"noopener\">une section du Helpcenter<\/a> y est maintenant d\u00e9di\u00e9 !<\/p>\n<h2>Articles de blog<\/h2>\n<p style=\"text-align: left;\">Benedikt nous expose les avantages et inconv\u00e9nients du stockage pour Veeam Backup for Microsoft 365 :\u00a0 <a href=\"https:\/\/www.veeam.com\/blog\/storage-decision-guide-microsoft-365.html\" target=\"_blank\" rel=\"noopener\">https:\/\/www.veeam.com\/blog\/storage-decision-guide-microsoft-365.html<\/a><\/p>\n<p style=\"text-align: left;\">David creuse la cr\u00e9ation manuelle d&rsquo;une Azure AD Application pour Veeam Backup for Microsoft 365 :<br \/>\n<a href=\"https:\/\/www.veeam.com\/blog\/create-custom-azure-ad-application-for-restore-portal.html\" target=\"_blank\" rel=\"noopener\">https:\/\/www.veeam.com\/blog\/create-custom-azure-ad-application-for-restore-portal.html<\/a><\/p>\n<p style=\"text-align: left;\">Jorge vous fait un derief des nouveaut\u00e9s Veeam Backup for AWS\/Azure\/GCP suite aux annonces du Veeam On :<br \/>\n<a href=\"https:\/\/jorgedelacruz.uk\/2022\/05\/30\/veeam-whats-coming-in-veeam-cloud-protection-veeam-backup-for-aws-v5-azure-v4-and-google-cloud-v3\/\" target=\"_blank\" rel=\"noopener\">https:\/\/jorgedelacruz.uk\/2022\/05\/30\/veeam-whats-coming-in-veeam-cloud-protection-veeam-backup-for-aws-v5-azure-v4-and-google-cloud-v3\/<\/a><\/p>\n<h2>Patchs &amp; Updates<\/h2>\n<p>On n&rsquo;oublie pas de maintenir son infrastructure \u00e0 jour \ud83d\ude42 !<\/p>\n<ul>\n<li><a href=\"https:\/\/www.veeam.com\/kb4285\" target=\"_blank\" rel=\"noopener\">Release Information for Veeam Backup for Microsoft 365 6.0 Cumulative Patches<\/a><\/li>\n<\/ul>\n<h2>L&rsquo;astuce du jour<\/h2>\n<p>Vous pouvez vous inscrire sur <a href=\"https:\/\/www.veeam.com\/knowledge-base.html\" target=\"_blank\" rel=\"noopener\">https:\/\/www.veeam.com\/knowledge-base.html<\/a> pour recevoir les mises \u00e0 jour de s\u00e9curit\u00e9s de tous les produits Veeam \ud83e\udd29<\/p>\n<p>\u00c0 bient\u00f4t !<\/p>\n","protected":false},"excerpt":{"rendered":"<p>Bonjour \u00e0 tous, C&rsquo;est le moment de se faire couler un caf\u00e9 et de lire l&rsquo;actualit\u00e9 Veeam de ce mois de Juin 2022, Veeam on tour France\/Afrique ! Si vous n\u2019\u00eates pas encore inscrit, il y a le Veeam On Tour dans diff\u00e9rentes villes de France qui a lieu en Juin et Juillet : https:\/\/go.veeam.com\/veeamon-tour-2022-fr\u00a0 Nouveaut\u00e9s v12 Lors du Veeam On 2022, il y a eu beaucoup d&rsquo;annonce et de pr\u00e9sentation sur la V12 et les futures nouveaut\u00e9s pour les&#8230;<\/p>\n<p class=\"read-more\"><a class=\"btn btn-default\" href=\"https:\/\/baptistetellier.fr\/index.php\/2022\/06\/10\/cest-lheure-de-la-pause-veeam-6-juin2022\/\">Lire la suite<span class=\"screen-reader-text\"> Lire la suite<\/span><\/a><\/p>\n","protected":false},"author":1,"featured_media":460,"comment_status":"open","ping_status":"open","sticky":false,"template":"","format":"standard","meta":{"_monsterinsights_skip_tracking":false,"_monsterinsights_sitenote_active":false,"_monsterinsights_sitenote_note":"","_monsterinsights_sitenote_category":0,"footnotes":""},"categories":[56,30,5,2],"tags":[26,16,19,33,60,32,63,54,55,12,18,17,61,39,40],"class_list":["post-686","post","type-post","status-publish","format-standard","has-post-thumbnail","hentry","category-vbcloud","category-vbo","category-vbr","category-veeam","tag-backup-replication","tag-cloud","tag-cloud-provider","tag-office-365","tag-vbm365","tag-vbo","tag-vbo-v6","tag-vbr","tag-vbr-v12","tag-vcc","tag-vcsp","tag-veeam","tag-veeam-backup-for-microsoft-365","tag-veille-techno","tag-veille-technologique"],"yoast_head":"<!-- This site is optimized with the Yoast SEO plugin v27.4 - https:\/\/yoast.com\/product\/yoast-seo-wordpress\/ -->\n<title>C&#039;est l&#039;heure de la pause Veeam #6 Juin2022 - Baptiste Tellier<\/title>\n<meta name=\"description\" content=\"Baptiste Tellier C&#039;est l&#039;heure de la pause Veeam #6 Juin2022 - Veeam - Focus sur les VCSP - Veeam Cloud Service Provider about Veeam Cloud Connect and more !\" \/>\n<meta name=\"robots\" content=\"index, follow, max-snippet:-1, max-image-preview:large, max-video-preview:-1\" \/>\n<link rel=\"canonical\" href=\"https:\/\/baptistetellier.fr\/index.php\/2022\/06\/10\/cest-lheure-de-la-pause-veeam-6-juin2022\/\" \/>\n<meta property=\"og:locale\" content=\"fr_FR\" \/>\n<meta property=\"og:type\" content=\"article\" \/>\n<meta property=\"og:title\" content=\"C&#039;est l&#039;heure de la pause Veeam #6 Juin2022 - Baptiste Tellier\" \/>\n<meta property=\"og:description\" content=\"Baptiste Tellier C&#039;est l&#039;heure de la pause Veeam #6 Juin2022 - Veeam - Focus sur les VCSP - Veeam Cloud Service Provider about Veeam Cloud Connect and more !\" \/>\n<meta property=\"og:url\" content=\"https:\/\/baptistetellier.fr\/index.php\/2022\/06\/10\/cest-lheure-de-la-pause-veeam-6-juin2022\/\" \/>\n<meta property=\"og:site_name\" content=\"Baptiste Tellier\" \/>\n<meta property=\"article:published_time\" content=\"2022-06-10T13:08:17+00:00\" \/>\n<meta property=\"og:image\" content=\"https:\/\/baptistetellier.fr\/wp-content\/uploads\/2021\/04\/donut-3723751_1920-copie.jpg\" \/>\n\t<meta property=\"og:image:width\" content=\"1920\" \/>\n\t<meta property=\"og:image:height\" content=\"1280\" \/>\n\t<meta property=\"og:image:type\" content=\"image\/jpeg\" \/>\n<meta name=\"author\" content=\"Baptiste Tellier\" \/>\n<meta name=\"twitter:card\" content=\"summary_large_image\" \/>\n<meta name=\"twitter:label1\" content=\"\u00c9crit par\" \/>\n\t<meta name=\"twitter:data1\" content=\"Baptiste Tellier\" \/>\n\t<meta name=\"twitter:label2\" content=\"Dur\u00e9e de lecture estim\u00e9e\" \/>\n\t<meta name=\"twitter:data2\" content=\"2 minutes\" \/>\n<script type=\"application\/ld+json\" class=\"yoast-schema-graph\">{\"@context\":\"https:\\\/\\\/schema.org\",\"@graph\":[{\"@type\":\"Article\",\"@id\":\"https:\\\/\\\/baptistetellier.fr\\\/index.php\\\/2022\\\/06\\\/10\\\/cest-lheure-de-la-pause-veeam-6-juin2022\\\/#article\",\"isPartOf\":{\"@id\":\"https:\\\/\\\/baptistetellier.fr\\\/index.php\\\/2022\\\/06\\\/10\\\/cest-lheure-de-la-pause-veeam-6-juin2022\\\/\"},\"author\":{\"name\":\"Baptiste Tellier\",\"@id\":\"https:\\\/\\\/baptistetellier.fr\\\/#\\\/schema\\\/person\\\/0e3e43784261c58dd916e9f0a1673541\"},\"headline\":\"C&rsquo;est l&rsquo;heure de la pause Veeam #6 Juin2022\",\"datePublished\":\"2022-06-10T13:08:17+00:00\",\"mainEntityOfPage\":{\"@id\":\"https:\\\/\\\/baptistetellier.fr\\\/index.php\\\/2022\\\/06\\\/10\\\/cest-lheure-de-la-pause-veeam-6-juin2022\\\/\"},\"wordCount\":326,\"commentCount\":0,\"publisher\":{\"@id\":\"https:\\\/\\\/baptistetellier.fr\\\/#\\\/schema\\\/person\\\/0e3e43784261c58dd916e9f0a1673541\"},\"image\":{\"@id\":\"https:\\\/\\\/baptistetellier.fr\\\/index.php\\\/2022\\\/06\\\/10\\\/cest-lheure-de-la-pause-veeam-6-juin2022\\\/#primaryimage\"},\"thumbnailUrl\":\"https:\\\/\\\/baptistetellier.fr\\\/wp-content\\\/uploads\\\/2021\\\/04\\\/donut-3723751_1920-copie.jpg\",\"keywords\":[\"backup &amp; replication\",\"Cloud\",\"Cloud provider\",\"Office 365\",\"VBM365\",\"VBO\",\"VBO v6\",\"VBR\",\"VBR v12\",\"VCC\",\"VCSP\",\"Veeam\",\"Veeam Backup for Microsoft 365\",\"Veille techno\",\"veille technologique\"],\"articleSection\":[\"VBCloud\",\"VBO\",\"VBR\",\"Veeam\"],\"inLanguage\":\"fr-FR\",\"potentialAction\":[{\"@type\":\"CommentAction\",\"name\":\"Comment\",\"target\":[\"https:\\\/\\\/baptistetellier.fr\\\/index.php\\\/2022\\\/06\\\/10\\\/cest-lheure-de-la-pause-veeam-6-juin2022\\\/#respond\"]}]},{\"@type\":\"WebPage\",\"@id\":\"https:\\\/\\\/baptistetellier.fr\\\/index.php\\\/2022\\\/06\\\/10\\\/cest-lheure-de-la-pause-veeam-6-juin2022\\\/\",\"url\":\"https:\\\/\\\/baptistetellier.fr\\\/index.php\\\/2022\\\/06\\\/10\\\/cest-lheure-de-la-pause-veeam-6-juin2022\\\/\",\"name\":\"C'est l'heure de la pause Veeam #6 Juin2022 - Baptiste Tellier\",\"isPartOf\":{\"@id\":\"https:\\\/\\\/baptistetellier.fr\\\/#website\"},\"primaryImageOfPage\":{\"@id\":\"https:\\\/\\\/baptistetellier.fr\\\/index.php\\\/2022\\\/06\\\/10\\\/cest-lheure-de-la-pause-veeam-6-juin2022\\\/#primaryimage\"},\"image\":{\"@id\":\"https:\\\/\\\/baptistetellier.fr\\\/index.php\\\/2022\\\/06\\\/10\\\/cest-lheure-de-la-pause-veeam-6-juin2022\\\/#primaryimage\"},\"thumbnailUrl\":\"https:\\\/\\\/baptistetellier.fr\\\/wp-content\\\/uploads\\\/2021\\\/04\\\/donut-3723751_1920-copie.jpg\",\"datePublished\":\"2022-06-10T13:08:17+00:00\",\"description\":\"Baptiste Tellier C'est l'heure de la pause Veeam #6 Juin2022 - Veeam - Focus sur les VCSP - Veeam Cloud Service Provider about Veeam Cloud Connect and more !\",\"breadcrumb\":{\"@id\":\"https:\\\/\\\/baptistetellier.fr\\\/index.php\\\/2022\\\/06\\\/10\\\/cest-lheure-de-la-pause-veeam-6-juin2022\\\/#breadcrumb\"},\"inLanguage\":\"fr-FR\",\"potentialAction\":[{\"@type\":\"ReadAction\",\"target\":[\"https:\\\/\\\/baptistetellier.fr\\\/index.php\\\/2022\\\/06\\\/10\\\/cest-lheure-de-la-pause-veeam-6-juin2022\\\/\"]}]},{\"@type\":\"ImageObject\",\"inLanguage\":\"fr-FR\",\"@id\":\"https:\\\/\\\/baptistetellier.fr\\\/index.php\\\/2022\\\/06\\\/10\\\/cest-lheure-de-la-pause-veeam-6-juin2022\\\/#primaryimage\",\"url\":\"https:\\\/\\\/baptistetellier.fr\\\/wp-content\\\/uploads\\\/2021\\\/04\\\/donut-3723751_1920-copie.jpg\",\"contentUrl\":\"https:\\\/\\\/baptistetellier.fr\\\/wp-content\\\/uploads\\\/2021\\\/04\\\/donut-3723751_1920-copie.jpg\",\"width\":1920,\"height\":1280},{\"@type\":\"BreadcrumbList\",\"@id\":\"https:\\\/\\\/baptistetellier.fr\\\/index.php\\\/2022\\\/06\\\/10\\\/cest-lheure-de-la-pause-veeam-6-juin2022\\\/#breadcrumb\",\"itemListElement\":[{\"@type\":\"ListItem\",\"position\":1,\"name\":\"Accueil\",\"item\":\"https:\\\/\\\/baptistetellier.fr\\\/\"},{\"@type\":\"ListItem\",\"position\":2,\"name\":\"C&rsquo;est l&rsquo;heure de la pause Veeam #6 Juin2022\"}]},{\"@type\":\"WebSite\",\"@id\":\"https:\\\/\\\/baptistetellier.fr\\\/#website\",\"url\":\"https:\\\/\\\/baptistetellier.fr\\\/\",\"name\":\"Baptiste Tellier\",\"description\":\"\",\"publisher\":{\"@id\":\"https:\\\/\\\/baptistetellier.fr\\\/#\\\/schema\\\/person\\\/0e3e43784261c58dd916e9f0a1673541\"},\"potentialAction\":[{\"@type\":\"SearchAction\",\"target\":{\"@type\":\"EntryPoint\",\"urlTemplate\":\"https:\\\/\\\/baptistetellier.fr\\\/?s={search_term_string}\"},\"query-input\":{\"@type\":\"PropertyValueSpecification\",\"valueRequired\":true,\"valueName\":\"search_term_string\"}}],\"inLanguage\":\"fr-FR\"},{\"@type\":[\"Person\",\"Organization\"],\"@id\":\"https:\\\/\\\/baptistetellier.fr\\\/#\\\/schema\\\/person\\\/0e3e43784261c58dd916e9f0a1673541\",\"name\":\"Baptiste Tellier\",\"image\":{\"@type\":\"ImageObject\",\"inLanguage\":\"fr-FR\",\"@id\":\"https:\\\/\\\/baptistetellier.fr\\\/wp-content\\\/uploads\\\/2020\\\/09\\\/20190315_110256-2.jpg\",\"url\":\"https:\\\/\\\/baptistetellier.fr\\\/wp-content\\\/uploads\\\/2020\\\/09\\\/20190315_110256-2.jpg\",\"contentUrl\":\"https:\\\/\\\/baptistetellier.fr\\\/wp-content\\\/uploads\\\/2020\\\/09\\\/20190315_110256-2.jpg\",\"width\":2025,\"height\":1562,\"caption\":\"Baptiste Tellier\"},\"logo\":{\"@id\":\"https:\\\/\\\/baptistetellier.fr\\\/wp-content\\\/uploads\\\/2020\\\/09\\\/20190315_110256-2.jpg\"}}]}<\/script>\n<!-- \/ Yoast SEO plugin. -->","yoast_head_json":{"title":"C'est l'heure de la pause Veeam #6 Juin2022 - Baptiste Tellier","description":"Baptiste Tellier C'est l'heure de la pause Veeam #6 Juin2022 - Veeam - Focus sur les VCSP - Veeam Cloud Service Provider about Veeam Cloud Connect and more !","robots":{"index":"index","follow":"follow","max-snippet":"max-snippet:-1","max-image-preview":"max-image-preview:large","max-video-preview":"max-video-preview:-1"},"canonical":"https:\/\/baptistetellier.fr\/index.php\/2022\/06\/10\/cest-lheure-de-la-pause-veeam-6-juin2022\/","og_locale":"fr_FR","og_type":"article","og_title":"C'est l'heure de la pause Veeam #6 Juin2022 - Baptiste Tellier","og_description":"Baptiste Tellier C'est l'heure de la pause Veeam #6 Juin2022 - Veeam - Focus sur les VCSP - Veeam Cloud Service Provider about Veeam Cloud Connect and more !","og_url":"https:\/\/baptistetellier.fr\/index.php\/2022\/06\/10\/cest-lheure-de-la-pause-veeam-6-juin2022\/","og_site_name":"Baptiste Tellier","article_published_time":"2022-06-10T13:08:17+00:00","og_image":[{"width":1920,"height":1280,"url":"https:\/\/baptistetellier.fr\/wp-content\/uploads\/2021\/04\/donut-3723751_1920-copie.jpg","type":"image\/jpeg"}],"author":"Baptiste Tellier","twitter_card":"summary_large_image","twitter_misc":{"\u00c9crit par":"Baptiste Tellier","Dur\u00e9e de lecture estim\u00e9e":"2 minutes"},"schema":{"@context":"https:\/\/schema.org","@graph":[{"@type":"Article","@id":"https:\/\/baptistetellier.fr\/index.php\/2022\/06\/10\/cest-lheure-de-la-pause-veeam-6-juin2022\/#article","isPartOf":{"@id":"https:\/\/baptistetellier.fr\/index.php\/2022\/06\/10\/cest-lheure-de-la-pause-veeam-6-juin2022\/"},"author":{"name":"Baptiste Tellier","@id":"https:\/\/baptistetellier.fr\/#\/schema\/person\/0e3e43784261c58dd916e9f0a1673541"},"headline":"C&rsquo;est l&rsquo;heure de la pause Veeam #6 Juin2022","datePublished":"2022-06-10T13:08:17+00:00","mainEntityOfPage":{"@id":"https:\/\/baptistetellier.fr\/index.php\/2022\/06\/10\/cest-lheure-de-la-pause-veeam-6-juin2022\/"},"wordCount":326,"commentCount":0,"publisher":{"@id":"https:\/\/baptistetellier.fr\/#\/schema\/person\/0e3e43784261c58dd916e9f0a1673541"},"image":{"@id":"https:\/\/baptistetellier.fr\/index.php\/2022\/06\/10\/cest-lheure-de-la-pause-veeam-6-juin2022\/#primaryimage"},"thumbnailUrl":"https:\/\/baptistetellier.fr\/wp-content\/uploads\/2021\/04\/donut-3723751_1920-copie.jpg","keywords":["backup &amp; replication","Cloud","Cloud provider","Office 365","VBM365","VBO","VBO v6","VBR","VBR v12","VCC","VCSP","Veeam","Veeam Backup for Microsoft 365","Veille techno","veille technologique"],"articleSection":["VBCloud","VBO","VBR","Veeam"],"inLanguage":"fr-FR","potentialAction":[{"@type":"CommentAction","name":"Comment","target":["https:\/\/baptistetellier.fr\/index.php\/2022\/06\/10\/cest-lheure-de-la-pause-veeam-6-juin2022\/#respond"]}]},{"@type":"WebPage","@id":"https:\/\/baptistetellier.fr\/index.php\/2022\/06\/10\/cest-lheure-de-la-pause-veeam-6-juin2022\/","url":"https:\/\/baptistetellier.fr\/index.php\/2022\/06\/10\/cest-lheure-de-la-pause-veeam-6-juin2022\/","name":"C'est l'heure de la pause Veeam #6 Juin2022 - Baptiste Tellier","isPartOf":{"@id":"https:\/\/baptistetellier.fr\/#website"},"primaryImageOfPage":{"@id":"https:\/\/baptistetellier.fr\/index.php\/2022\/06\/10\/cest-lheure-de-la-pause-veeam-6-juin2022\/#primaryimage"},"image":{"@id":"https:\/\/baptistetellier.fr\/index.php\/2022\/06\/10\/cest-lheure-de-la-pause-veeam-6-juin2022\/#primaryimage"},"thumbnailUrl":"https:\/\/baptistetellier.fr\/wp-content\/uploads\/2021\/04\/donut-3723751_1920-copie.jpg","datePublished":"2022-06-10T13:08:17+00:00","description":"Baptiste Tellier C'est l'heure de la pause Veeam #6 Juin2022 - Veeam - Focus sur les VCSP - Veeam Cloud Service Provider about Veeam Cloud Connect and more !","breadcrumb":{"@id":"https:\/\/baptistetellier.fr\/index.php\/2022\/06\/10\/cest-lheure-de-la-pause-veeam-6-juin2022\/#breadcrumb"},"inLanguage":"fr-FR","potentialAction":[{"@type":"ReadAction","target":["https:\/\/baptistetellier.fr\/index.php\/2022\/06\/10\/cest-lheure-de-la-pause-veeam-6-juin2022\/"]}]},{"@type":"ImageObject","inLanguage":"fr-FR","@id":"https:\/\/baptistetellier.fr\/index.php\/2022\/06\/10\/cest-lheure-de-la-pause-veeam-6-juin2022\/#primaryimage","url":"https:\/\/baptistetellier.fr\/wp-content\/uploads\/2021\/04\/donut-3723751_1920-copie.jpg","contentUrl":"https:\/\/baptistetellier.fr\/wp-content\/uploads\/2021\/04\/donut-3723751_1920-copie.jpg","width":1920,"height":1280},{"@type":"BreadcrumbList","@id":"https:\/\/baptistetellier.fr\/index.php\/2022\/06\/10\/cest-lheure-de-la-pause-veeam-6-juin2022\/#breadcrumb","itemListElement":[{"@type":"ListItem","position":1,"name":"Accueil","item":"https:\/\/baptistetellier.fr\/"},{"@type":"ListItem","position":2,"name":"C&rsquo;est l&rsquo;heure de la pause Veeam #6 Juin2022"}]},{"@type":"WebSite","@id":"https:\/\/baptistetellier.fr\/#website","url":"https:\/\/baptistetellier.fr\/","name":"Baptiste Tellier","description":"","publisher":{"@id":"https:\/\/baptistetellier.fr\/#\/schema\/person\/0e3e43784261c58dd916e9f0a1673541"},"potentialAction":[{"@type":"SearchAction","target":{"@type":"EntryPoint","urlTemplate":"https:\/\/baptistetellier.fr\/?s={search_term_string}"},"query-input":{"@type":"PropertyValueSpecification","valueRequired":true,"valueName":"search_term_string"}}],"inLanguage":"fr-FR"},{"@type":["Person","Organization"],"@id":"https:\/\/baptistetellier.fr\/#\/schema\/person\/0e3e43784261c58dd916e9f0a1673541","name":"Baptiste Tellier","image":{"@type":"ImageObject","inLanguage":"fr-FR","@id":"https:\/\/baptistetellier.fr\/wp-content\/uploads\/2020\/09\/20190315_110256-2.jpg","url":"https:\/\/baptistetellier.fr\/wp-content\/uploads\/2020\/09\/20190315_110256-2.jpg","contentUrl":"https:\/\/baptistetellier.fr\/wp-content\/uploads\/2020\/09\/20190315_110256-2.jpg","width":2025,"height":1562,"caption":"Baptiste Tellier"},"logo":{"@id":"https:\/\/baptistetellier.fr\/wp-content\/uploads\/2020\/09\/20190315_110256-2.jpg"}}]}},"_links":{"self":[{"href":"https:\/\/baptistetellier.fr\/index.php\/wp-json\/wp\/v2\/posts\/686","targetHints":{"allow":["GET"]}}],"collection":[{"href":"https:\/\/baptistetellier.fr\/index.php\/wp-json\/wp\/v2\/posts"}],"about":[{"href":"https:\/\/baptistetellier.fr\/index.php\/wp-json\/wp\/v2\/types\/post"}],"author":[{"embeddable":true,"href":"https:\/\/baptistetellier.fr\/index.php\/wp-json\/wp\/v2\/users\/1"}],"replies":[{"embeddable":true,"href":"https:\/\/baptistetellier.fr\/index.php\/wp-json\/wp\/v2\/comments?post=686"}],"version-history":[{"count":1,"href":"https:\/\/baptistetellier.fr\/index.php\/wp-json\/wp\/v2\/posts\/686\/revisions"}],"predecessor-version":[{"id":687,"href":"https:\/\/baptistetellier.fr\/index.php\/wp-json\/wp\/v2\/posts\/686\/revisions\/687"}],"wp:featuredmedia":[{"embeddable":true,"href":"https:\/\/baptistetellier.fr\/index.php\/wp-json\/wp\/v2\/media\/460"}],"wp:attachment":[{"href":"https:\/\/baptistetellier.fr\/index.php\/wp-json\/wp\/v2\/media?parent=686"}],"wp:term":[{"taxonomy":"category","embeddable":true,"href":"https:\/\/baptistetellier.fr\/index.php\/wp-json\/wp\/v2\/categories?post=686"},{"taxonomy":"post_tag","embeddable":true,"href":"https:\/\/baptistetellier.fr\/index.php\/wp-json\/wp\/v2\/tags?post=686"}],"curies":[{"name":"wp","href":"https:\/\/api.w.org\/{rel}","templated":true}]}}