{"id":634,"date":"2022-03-14T11:56:10","date_gmt":"2022-03-14T10:56:10","guid":{"rendered":"https:\/\/baptistetellier.fr\/?p=634"},"modified":"2022-03-14T11:56:10","modified_gmt":"2022-03-14T10:56:10","slug":"les-nouveautes-de-veeam-backup-for-microsoft-365-v6","status":"publish","type":"post","link":"https:\/\/baptistetellier.fr\/index.php\/2022\/03\/14\/les-nouveautes-de-veeam-backup-for-microsoft-365-v6\/","title":{"rendered":"Les Nouveaut\u00e9s de Veeam Backup for Microsoft 365 v6"},"content":{"rendered":"<p>Bonjour \u00e0 tous ! C&rsquo;est officiel, la version v6 de <a href=\"https:\/\/www.veeam.com\/backup-microsoft-office-365.html\" target=\"_blank\" rel=\"noopener\">Veeam Backup for Microsoft 365<\/a> (anciennement Veeam Backup for Office 365) est disponible !<\/p>\n<p>Voici un sommaire des nouveaut\u00e9s :<\/p>\n<ul>\n<li>Nouvelle interface d&rsquo;installation<\/li>\n<li>Portail en libre-service pour la restauration<\/li>\n<li>Job de Backup copy vers du low-cost Cloud Object Storage<\/li>\n<li>Int\u00e9gration avec la Veeam Service Provider Console<\/li>\n<li>Mise \u00e0 jour critique d\u00e9ploy\u00e9 automatiquement en t\u00e2che de fond<\/li>\n<li>Optimisation des logs par job et par organisation<\/li>\n<\/ul>\n<h2>Nouvelle interface d&rsquo;installation<\/h2>\n<p>C&rsquo;est une nouveaut\u00e9 permettant de mieux appr\u00e9hender les diff\u00e9rents composants disponibles. Il faudra vous y habituer car ce sera utilis\u00e9 sur l&rsquo;ensemble des produits Veeam \ud83d\ude09<\/p>\n<p><a href=\"https:\/\/baptistetellier.fr\/wp-content\/uploads\/2022\/03\/vbo-v6-002.jpg\"><img loading=\"lazy\" decoding=\"async\" class=\"alignnone size-full wp-image-635\" src=\"https:\/\/baptistetellier.fr\/wp-content\/uploads\/2022\/03\/vbo-v6-002.jpg\" alt=\"\" width=\"720\" height=\"560\" srcset=\"https:\/\/baptistetellier.fr\/wp-content\/uploads\/2022\/03\/vbo-v6-002.jpg 720w, https:\/\/baptistetellier.fr\/wp-content\/uploads\/2022\/03\/vbo-v6-002-300x233.jpg 300w, https:\/\/baptistetellier.fr\/wp-content\/uploads\/2022\/03\/vbo-v6-002-347x270.jpg 347w\" sizes=\"auto, (max-width: 720px) 100vw, 720px\" \/><\/a><\/p>\n<h2>Portail en libre-service pour la restauration<\/h2>\n<p>Le voici ! le portail HTML5 natif de Veeam Backup For Microsoft 365 pour la restauration des objets utilisateurs. Utilisant le SSO de M365 et compatible MFA, le portail est intuitif et permet la restauration d&rsquo;Exchange, Sharepoint, OneDrive. Vous pouvez \u00e9galement configurer des Restore Operator qui pourront, au travers du portail, restaurer les objets de vos utilisateurs.<\/p>\n<p>Je pr\u00e9vois un prochain article sur sa configuration avanc\u00e9e \ud83d\ude09<\/p>\n<p><a href=\"https:\/\/baptistetellier.fr\/wp-content\/uploads\/2022\/03\/vbo-v6-006-750x377-1.jpg\"><img loading=\"lazy\" decoding=\"async\" class=\"alignnone size-full wp-image-636\" src=\"https:\/\/baptistetellier.fr\/wp-content\/uploads\/2022\/03\/vbo-v6-006-750x377-1.jpg\" alt=\"\" width=\"750\" height=\"377\" srcset=\"https:\/\/baptistetellier.fr\/wp-content\/uploads\/2022\/03\/vbo-v6-006-750x377-1.jpg 750w, https:\/\/baptistetellier.fr\/wp-content\/uploads\/2022\/03\/vbo-v6-006-750x377-1-300x151.jpg 300w, https:\/\/baptistetellier.fr\/wp-content\/uploads\/2022\/03\/vbo-v6-006-750x377-1-537x270.jpg 537w\" sizes=\"auto, (max-width: 750px) 100vw, 750px\" \/><\/a><\/p>\n<h2>Job de Backup copy vers du low-cost Cloud Object Storage<\/h2>\n<p>A des fins de r\u00e9tention \u00e0 long terme, le stockage AWS Glacier et Azure Archive peut \u00eatre utilis\u00e9 pour archiver les donn\u00e9es dans cette version 6 !<\/p>\n<p><a href=\"https:\/\/baptistetellier.fr\/wp-content\/uploads\/2022\/03\/POWERPNT_tGVHDhlpXL.png\"><img loading=\"lazy\" decoding=\"async\" class=\"alignnone wp-image-637 size-full\" src=\"https:\/\/baptistetellier.fr\/wp-content\/uploads\/2022\/03\/POWERPNT_tGVHDhlpXL.png\" alt=\"\" width=\"1282\" height=\"705\" srcset=\"https:\/\/baptistetellier.fr\/wp-content\/uploads\/2022\/03\/POWERPNT_tGVHDhlpXL.png 1282w, https:\/\/baptistetellier.fr\/wp-content\/uploads\/2022\/03\/POWERPNT_tGVHDhlpXL-300x165.png 300w, https:\/\/baptistetellier.fr\/wp-content\/uploads\/2022\/03\/POWERPNT_tGVHDhlpXL-1024x563.png 1024w, https:\/\/baptistetellier.fr\/wp-content\/uploads\/2022\/03\/POWERPNT_tGVHDhlpXL-768x422.png 768w, https:\/\/baptistetellier.fr\/wp-content\/uploads\/2022\/03\/POWERPNT_tGVHDhlpXL-491x270.png 491w\" sizes=\"auto, (max-width: 1282px) 100vw, 1282px\" \/><\/a><\/p>\n<h2>Int\u00e9gration avec la Veeam Service Provider Console<\/h2>\n<p>Nous en avons d\u00e9j\u00e0 parl\u00e9 avec la VSPC v6, et maintenant que VBM365 est en version 6, <strong>tout devient compatible<\/strong> ! Vous pouvez donc remonter l&rsquo;usage de VBM365 dans la VSPC afin de suivre la consommation des licences. Nouvel article \u00e0 venir (:<\/p>\n<p><a href=\"https:\/\/baptistetellier.fr\/wp-content\/uploads\/2022\/03\/mstsc_jJZIdVp1HO.png\"><img loading=\"lazy\" decoding=\"async\" class=\"alignnone wp-image-638 size-large\" src=\"https:\/\/baptistetellier.fr\/wp-content\/uploads\/2022\/03\/mstsc_jJZIdVp1HO-1024x360.png\" alt=\"\" width=\"640\" height=\"225\" srcset=\"https:\/\/baptistetellier.fr\/wp-content\/uploads\/2022\/03\/mstsc_jJZIdVp1HO-1024x360.png 1024w, https:\/\/baptistetellier.fr\/wp-content\/uploads\/2022\/03\/mstsc_jJZIdVp1HO-300x105.png 300w, https:\/\/baptistetellier.fr\/wp-content\/uploads\/2022\/03\/mstsc_jJZIdVp1HO-768x270.png 768w, https:\/\/baptistetellier.fr\/wp-content\/uploads\/2022\/03\/mstsc_jJZIdVp1HO-604x212.png 604w, https:\/\/baptistetellier.fr\/wp-content\/uploads\/2022\/03\/mstsc_jJZIdVp1HO.png 1161w\" sizes=\"auto, (max-width: 640px) 100vw, 640px\" \/><\/a><\/p>\n<h2>Mise \u00e0 jour critique d\u00e9ploy\u00e9 automatiquement en t\u00e2che de fond<\/h2>\n<p>Cette nouvelle feature devrait permettre de mitiger les modifications d&rsquo;API de M365 en permettant la mise \u00e0 jour de VBM365 auto-magiquement<\/p>\n<p><a href=\"https:\/\/baptistetellier.fr\/wp-content\/uploads\/2022\/03\/update_options.png\"><img loading=\"lazy\" decoding=\"async\" class=\"alignnone size-full wp-image-639\" src=\"https:\/\/baptistetellier.fr\/wp-content\/uploads\/2022\/03\/update_options.png\" alt=\"\" width=\"445\" height=\"580\" srcset=\"https:\/\/baptistetellier.fr\/wp-content\/uploads\/2022\/03\/update_options.png 445w, https:\/\/baptistetellier.fr\/wp-content\/uploads\/2022\/03\/update_options-230x300.png 230w, https:\/\/baptistetellier.fr\/wp-content\/uploads\/2022\/03\/update_options-207x270.png 207w\" sizes=\"auto, (max-width: 445px) 100vw, 445px\" \/><\/a><\/p>\n<h2>Liens officiels<\/h2>\n<p>Veuillez lire les liens officiels pour en savoir plus sur cette nouvelle version :<\/p>\n<p>Communiqu\u00e9 de presse \u2013 <a href=\"https:\/\/www.veeam.com\/news\/new-veeam-backup-for-microsoft-365-v6-adds-more-control-and-effortless-recovery-of-critical-data.html\" target=\"_blank\" rel=\"noopener\">https:\/\/www.veeam.com\/news\/new-veeam-backup-for-microsoft-365-v6-adds-more-control-and-effortless-recovery-of-critical-data.html<\/a><br \/>\nNotes de version \u2013 <a href=\"https:\/\/www.veeam.com\/veeam_backup_m365_6_0_release_notes_rn.pdf\" target=\"_blank\" rel=\"noopener\">https:\/\/www.veeam.com\/veeam_backup_m365_6_0_release_notes_rn.pdf<\/a><br \/>\nQuoi de neuf \u2013 <a href=\"https:\/\/www.veeam.com\/veeam_backup_m365_whats_new_wn.pdf\" target=\"_blank\" rel=\"noopener\">https:\/\/www.veeam.com\/veeam_backup_m365_whats_new_wn.pdf<\/a><\/p>\n","protected":false},"excerpt":{"rendered":"<p>Bonjour \u00e0 tous ! C&rsquo;est officiel, la version v6 de Veeam Backup for Microsoft 365 (anciennement Veeam Backup for Office 365) est disponible ! Voici un sommaire des nouveaut\u00e9s : Nouvelle interface d&rsquo;installation Portail en libre-service pour la restauration Job de Backup copy vers du low-cost Cloud Object Storage Int\u00e9gration avec la Veeam Service Provider Console Mise \u00e0 jour critique d\u00e9ploy\u00e9 automatiquement en t\u00e2che de fond Optimisation des logs par job et par organisation Nouvelle interface d&rsquo;installation C&rsquo;est une nouveaut\u00e9&#8230;<\/p>\n<p class=\"read-more\"><a class=\"btn btn-default\" href=\"https:\/\/baptistetellier.fr\/index.php\/2022\/03\/14\/les-nouveautes-de-veeam-backup-for-microsoft-365-v6\/\">Lire la suite<span class=\"screen-reader-text\"> Lire la suite<\/span><\/a><\/p>\n","protected":false},"author":1,"featured_media":640,"comment_status":"open","ping_status":"open","sticky":false,"template":"","format":"standard","meta":{"_monsterinsights_skip_tracking":false,"_monsterinsights_sitenote_active":false,"_monsterinsights_sitenote_note":"","_monsterinsights_sitenote_category":0,"footnotes":""},"categories":[30,2],"tags":[34,33,60,32,63,18,17,25,61,62,15],"class_list":["post-634","post","type-post","status-publish","format-standard","has-post-thumbnail","hentry","category-vbo","category-veeam","tag-microsoft","tag-office-365","tag-vbm365","tag-vbo","tag-vbo-v6","tag-vcsp","tag-veeam","tag-veeam-backup","tag-veeam-backup-for-microsoft-365","tag-veeam-backup-for-office-365","tag-veeam-service-provider-console"],"yoast_head":"<!-- This site is optimized with the Yoast SEO plugin v27.5 - https:\/\/yoast.com\/product\/yoast-seo-wordpress\/ -->\n<title>Les Nouveaut\u00e9s de Veeam Backup for Microsoft 365 v6 - Baptiste Tellier<\/title>\n<meta name=\"description\" content=\"Baptiste Tellier Les Nouveaut\u00e9s de Veeam Backup for Microsoft 365 v6 - Veeam - Focus sur les VCSP - Veeam Cloud Service Provider about Veeam Cloud Connect and more !\" \/>\n<meta name=\"robots\" content=\"index, follow, max-snippet:-1, max-image-preview:large, max-video-preview:-1\" \/>\n<link rel=\"canonical\" href=\"https:\/\/baptistetellier.fr\/index.php\/2022\/03\/14\/les-nouveautes-de-veeam-backup-for-microsoft-365-v6\/\" \/>\n<meta property=\"og:locale\" content=\"fr_FR\" \/>\n<meta property=\"og:type\" content=\"article\" \/>\n<meta property=\"og:title\" content=\"Les Nouveaut\u00e9s de Veeam Backup for Microsoft 365 v6 - Baptiste Tellier\" \/>\n<meta property=\"og:description\" content=\"Baptiste Tellier Les Nouveaut\u00e9s de Veeam Backup for Microsoft 365 v6 - Veeam - Focus sur les VCSP - Veeam Cloud Service Provider about Veeam Cloud Connect and more !\" \/>\n<meta property=\"og:url\" content=\"https:\/\/baptistetellier.fr\/index.php\/2022\/03\/14\/les-nouveautes-de-veeam-backup-for-microsoft-365-v6\/\" \/>\n<meta property=\"og:site_name\" content=\"Baptiste Tellier\" \/>\n<meta property=\"article:published_time\" content=\"2022-03-14T10:56:10+00:00\" \/>\n<meta property=\"og:image\" content=\"https:\/\/baptistetellier.fr\/wp-content\/uploads\/2022\/03\/vmconnect_8BLXdeSVrm.png\" \/>\n\t<meta property=\"og:image:width\" content=\"629\" \/>\n\t<meta property=\"og:image:height\" content=\"459\" \/>\n\t<meta property=\"og:image:type\" content=\"image\/png\" \/>\n<meta name=\"author\" content=\"Baptiste Tellier\" \/>\n<meta name=\"twitter:card\" content=\"summary_large_image\" \/>\n<meta name=\"twitter:label1\" content=\"\u00c9crit par\" \/>\n\t<meta name=\"twitter:data1\" content=\"Baptiste Tellier\" \/>\n\t<meta name=\"twitter:label2\" content=\"Dur\u00e9e de lecture estim\u00e9e\" \/>\n\t<meta name=\"twitter:data2\" content=\"3 minutes\" \/>\n<script type=\"application\/ld+json\" class=\"yoast-schema-graph\">{\"@context\":\"https:\\\/\\\/schema.org\",\"@graph\":[{\"@type\":\"Article\",\"@id\":\"https:\\\/\\\/baptistetellier.fr\\\/index.php\\\/2022\\\/03\\\/14\\\/les-nouveautes-de-veeam-backup-for-microsoft-365-v6\\\/#article\",\"isPartOf\":{\"@id\":\"https:\\\/\\\/baptistetellier.fr\\\/index.php\\\/2022\\\/03\\\/14\\\/les-nouveautes-de-veeam-backup-for-microsoft-365-v6\\\/\"},\"author\":{\"name\":\"Baptiste Tellier\",\"@id\":\"https:\\\/\\\/baptistetellier.fr\\\/#\\\/schema\\\/person\\\/0e3e43784261c58dd916e9f0a1673541\"},\"headline\":\"Les Nouveaut\u00e9s de Veeam Backup for Microsoft 365 v6\",\"datePublished\":\"2022-03-14T10:56:10+00:00\",\"mainEntityOfPage\":{\"@id\":\"https:\\\/\\\/baptistetellier.fr\\\/index.php\\\/2022\\\/03\\\/14\\\/les-nouveautes-de-veeam-backup-for-microsoft-365-v6\\\/\"},\"wordCount\":360,\"commentCount\":1,\"publisher\":{\"@id\":\"https:\\\/\\\/baptistetellier.fr\\\/#\\\/schema\\\/person\\\/0e3e43784261c58dd916e9f0a1673541\"},\"image\":{\"@id\":\"https:\\\/\\\/baptistetellier.fr\\\/index.php\\\/2022\\\/03\\\/14\\\/les-nouveautes-de-veeam-backup-for-microsoft-365-v6\\\/#primaryimage\"},\"thumbnailUrl\":\"https:\\\/\\\/baptistetellier.fr\\\/wp-content\\\/uploads\\\/2022\\\/03\\\/vmconnect_8BLXdeSVrm.png\",\"keywords\":[\"Microsoft\",\"Office 365\",\"VBM365\",\"VBO\",\"VBO v6\",\"VCSP\",\"Veeam\",\"Veeam Backup\",\"Veeam Backup for Microsoft 365\",\"Veeam Backup for Office 365\",\"Veeam service provider console\"],\"articleSection\":[\"VBO\",\"Veeam\"],\"inLanguage\":\"fr-FR\",\"potentialAction\":[{\"@type\":\"CommentAction\",\"name\":\"Comment\",\"target\":[\"https:\\\/\\\/baptistetellier.fr\\\/index.php\\\/2022\\\/03\\\/14\\\/les-nouveautes-de-veeam-backup-for-microsoft-365-v6\\\/#respond\"]}]},{\"@type\":\"WebPage\",\"@id\":\"https:\\\/\\\/baptistetellier.fr\\\/index.php\\\/2022\\\/03\\\/14\\\/les-nouveautes-de-veeam-backup-for-microsoft-365-v6\\\/\",\"url\":\"https:\\\/\\\/baptistetellier.fr\\\/index.php\\\/2022\\\/03\\\/14\\\/les-nouveautes-de-veeam-backup-for-microsoft-365-v6\\\/\",\"name\":\"Les Nouveaut\u00e9s de Veeam Backup for Microsoft 365 v6 - Baptiste Tellier\",\"isPartOf\":{\"@id\":\"https:\\\/\\\/baptistetellier.fr\\\/#website\"},\"primaryImageOfPage\":{\"@id\":\"https:\\\/\\\/baptistetellier.fr\\\/index.php\\\/2022\\\/03\\\/14\\\/les-nouveautes-de-veeam-backup-for-microsoft-365-v6\\\/#primaryimage\"},\"image\":{\"@id\":\"https:\\\/\\\/baptistetellier.fr\\\/index.php\\\/2022\\\/03\\\/14\\\/les-nouveautes-de-veeam-backup-for-microsoft-365-v6\\\/#primaryimage\"},\"thumbnailUrl\":\"https:\\\/\\\/baptistetellier.fr\\\/wp-content\\\/uploads\\\/2022\\\/03\\\/vmconnect_8BLXdeSVrm.png\",\"datePublished\":\"2022-03-14T10:56:10+00:00\",\"description\":\"Baptiste Tellier Les Nouveaut\u00e9s de Veeam Backup for Microsoft 365 v6 - Veeam - Focus sur les VCSP - Veeam Cloud Service Provider about Veeam Cloud Connect and more !\",\"breadcrumb\":{\"@id\":\"https:\\\/\\\/baptistetellier.fr\\\/index.php\\\/2022\\\/03\\\/14\\\/les-nouveautes-de-veeam-backup-for-microsoft-365-v6\\\/#breadcrumb\"},\"inLanguage\":\"fr-FR\",\"potentialAction\":[{\"@type\":\"ReadAction\",\"target\":[\"https:\\\/\\\/baptistetellier.fr\\\/index.php\\\/2022\\\/03\\\/14\\\/les-nouveautes-de-veeam-backup-for-microsoft-365-v6\\\/\"]}]},{\"@type\":\"ImageObject\",\"inLanguage\":\"fr-FR\",\"@id\":\"https:\\\/\\\/baptistetellier.fr\\\/index.php\\\/2022\\\/03\\\/14\\\/les-nouveautes-de-veeam-backup-for-microsoft-365-v6\\\/#primaryimage\",\"url\":\"https:\\\/\\\/baptistetellier.fr\\\/wp-content\\\/uploads\\\/2022\\\/03\\\/vmconnect_8BLXdeSVrm.png\",\"contentUrl\":\"https:\\\/\\\/baptistetellier.fr\\\/wp-content\\\/uploads\\\/2022\\\/03\\\/vmconnect_8BLXdeSVrm.png\",\"width\":629,\"height\":459},{\"@type\":\"BreadcrumbList\",\"@id\":\"https:\\\/\\\/baptistetellier.fr\\\/index.php\\\/2022\\\/03\\\/14\\\/les-nouveautes-de-veeam-backup-for-microsoft-365-v6\\\/#breadcrumb\",\"itemListElement\":[{\"@type\":\"ListItem\",\"position\":1,\"name\":\"Accueil\",\"item\":\"https:\\\/\\\/baptistetellier.fr\\\/\"},{\"@type\":\"ListItem\",\"position\":2,\"name\":\"Les Nouveaut\u00e9s de Veeam Backup for Microsoft 365 v6\"}]},{\"@type\":\"WebSite\",\"@id\":\"https:\\\/\\\/baptistetellier.fr\\\/#website\",\"url\":\"https:\\\/\\\/baptistetellier.fr\\\/\",\"name\":\"Baptiste Tellier\",\"description\":\"\",\"publisher\":{\"@id\":\"https:\\\/\\\/baptistetellier.fr\\\/#\\\/schema\\\/person\\\/0e3e43784261c58dd916e9f0a1673541\"},\"potentialAction\":[{\"@type\":\"SearchAction\",\"target\":{\"@type\":\"EntryPoint\",\"urlTemplate\":\"https:\\\/\\\/baptistetellier.fr\\\/?s={search_term_string}\"},\"query-input\":{\"@type\":\"PropertyValueSpecification\",\"valueRequired\":true,\"valueName\":\"search_term_string\"}}],\"inLanguage\":\"fr-FR\"},{\"@type\":[\"Person\",\"Organization\"],\"@id\":\"https:\\\/\\\/baptistetellier.fr\\\/#\\\/schema\\\/person\\\/0e3e43784261c58dd916e9f0a1673541\",\"name\":\"Baptiste Tellier\",\"image\":{\"@type\":\"ImageObject\",\"inLanguage\":\"fr-FR\",\"@id\":\"https:\\\/\\\/baptistetellier.fr\\\/wp-content\\\/uploads\\\/2020\\\/09\\\/20190315_110256-2.jpg\",\"url\":\"https:\\\/\\\/baptistetellier.fr\\\/wp-content\\\/uploads\\\/2020\\\/09\\\/20190315_110256-2.jpg\",\"contentUrl\":\"https:\\\/\\\/baptistetellier.fr\\\/wp-content\\\/uploads\\\/2020\\\/09\\\/20190315_110256-2.jpg\",\"width\":2025,\"height\":1562,\"caption\":\"Baptiste Tellier\"},\"logo\":{\"@id\":\"https:\\\/\\\/baptistetellier.fr\\\/wp-content\\\/uploads\\\/2020\\\/09\\\/20190315_110256-2.jpg\"}}]}<\/script>\n<!-- \/ Yoast SEO plugin. -->","yoast_head_json":{"title":"Les Nouveaut\u00e9s de Veeam Backup for Microsoft 365 v6 - Baptiste Tellier","description":"Baptiste Tellier Les Nouveaut\u00e9s de Veeam Backup for Microsoft 365 v6 - Veeam - Focus sur les VCSP - Veeam Cloud Service Provider about Veeam Cloud Connect and more !","robots":{"index":"index","follow":"follow","max-snippet":"max-snippet:-1","max-image-preview":"max-image-preview:large","max-video-preview":"max-video-preview:-1"},"canonical":"https:\/\/baptistetellier.fr\/index.php\/2022\/03\/14\/les-nouveautes-de-veeam-backup-for-microsoft-365-v6\/","og_locale":"fr_FR","og_type":"article","og_title":"Les Nouveaut\u00e9s de Veeam Backup for Microsoft 365 v6 - Baptiste Tellier","og_description":"Baptiste Tellier Les Nouveaut\u00e9s de Veeam Backup for Microsoft 365 v6 - Veeam - Focus sur les VCSP - Veeam Cloud Service Provider about Veeam Cloud Connect and more !","og_url":"https:\/\/baptistetellier.fr\/index.php\/2022\/03\/14\/les-nouveautes-de-veeam-backup-for-microsoft-365-v6\/","og_site_name":"Baptiste Tellier","article_published_time":"2022-03-14T10:56:10+00:00","og_image":[{"width":629,"height":459,"url":"https:\/\/baptistetellier.fr\/wp-content\/uploads\/2022\/03\/vmconnect_8BLXdeSVrm.png","type":"image\/png"}],"author":"Baptiste Tellier","twitter_card":"summary_large_image","twitter_misc":{"\u00c9crit par":"Baptiste Tellier","Dur\u00e9e de lecture estim\u00e9e":"3 minutes"},"schema":{"@context":"https:\/\/schema.org","@graph":[{"@type":"Article","@id":"https:\/\/baptistetellier.fr\/index.php\/2022\/03\/14\/les-nouveautes-de-veeam-backup-for-microsoft-365-v6\/#article","isPartOf":{"@id":"https:\/\/baptistetellier.fr\/index.php\/2022\/03\/14\/les-nouveautes-de-veeam-backup-for-microsoft-365-v6\/"},"author":{"name":"Baptiste Tellier","@id":"https:\/\/baptistetellier.fr\/#\/schema\/person\/0e3e43784261c58dd916e9f0a1673541"},"headline":"Les Nouveaut\u00e9s de Veeam Backup for Microsoft 365 v6","datePublished":"2022-03-14T10:56:10+00:00","mainEntityOfPage":{"@id":"https:\/\/baptistetellier.fr\/index.php\/2022\/03\/14\/les-nouveautes-de-veeam-backup-for-microsoft-365-v6\/"},"wordCount":360,"commentCount":1,"publisher":{"@id":"https:\/\/baptistetellier.fr\/#\/schema\/person\/0e3e43784261c58dd916e9f0a1673541"},"image":{"@id":"https:\/\/baptistetellier.fr\/index.php\/2022\/03\/14\/les-nouveautes-de-veeam-backup-for-microsoft-365-v6\/#primaryimage"},"thumbnailUrl":"https:\/\/baptistetellier.fr\/wp-content\/uploads\/2022\/03\/vmconnect_8BLXdeSVrm.png","keywords":["Microsoft","Office 365","VBM365","VBO","VBO v6","VCSP","Veeam","Veeam Backup","Veeam Backup for Microsoft 365","Veeam Backup for Office 365","Veeam service provider console"],"articleSection":["VBO","Veeam"],"inLanguage":"fr-FR","potentialAction":[{"@type":"CommentAction","name":"Comment","target":["https:\/\/baptistetellier.fr\/index.php\/2022\/03\/14\/les-nouveautes-de-veeam-backup-for-microsoft-365-v6\/#respond"]}]},{"@type":"WebPage","@id":"https:\/\/baptistetellier.fr\/index.php\/2022\/03\/14\/les-nouveautes-de-veeam-backup-for-microsoft-365-v6\/","url":"https:\/\/baptistetellier.fr\/index.php\/2022\/03\/14\/les-nouveautes-de-veeam-backup-for-microsoft-365-v6\/","name":"Les Nouveaut\u00e9s de Veeam Backup for Microsoft 365 v6 - Baptiste Tellier","isPartOf":{"@id":"https:\/\/baptistetellier.fr\/#website"},"primaryImageOfPage":{"@id":"https:\/\/baptistetellier.fr\/index.php\/2022\/03\/14\/les-nouveautes-de-veeam-backup-for-microsoft-365-v6\/#primaryimage"},"image":{"@id":"https:\/\/baptistetellier.fr\/index.php\/2022\/03\/14\/les-nouveautes-de-veeam-backup-for-microsoft-365-v6\/#primaryimage"},"thumbnailUrl":"https:\/\/baptistetellier.fr\/wp-content\/uploads\/2022\/03\/vmconnect_8BLXdeSVrm.png","datePublished":"2022-03-14T10:56:10+00:00","description":"Baptiste Tellier Les Nouveaut\u00e9s de Veeam Backup for Microsoft 365 v6 - Veeam - Focus sur les VCSP - Veeam Cloud Service Provider about Veeam Cloud Connect and more !","breadcrumb":{"@id":"https:\/\/baptistetellier.fr\/index.php\/2022\/03\/14\/les-nouveautes-de-veeam-backup-for-microsoft-365-v6\/#breadcrumb"},"inLanguage":"fr-FR","potentialAction":[{"@type":"ReadAction","target":["https:\/\/baptistetellier.fr\/index.php\/2022\/03\/14\/les-nouveautes-de-veeam-backup-for-microsoft-365-v6\/"]}]},{"@type":"ImageObject","inLanguage":"fr-FR","@id":"https:\/\/baptistetellier.fr\/index.php\/2022\/03\/14\/les-nouveautes-de-veeam-backup-for-microsoft-365-v6\/#primaryimage","url":"https:\/\/baptistetellier.fr\/wp-content\/uploads\/2022\/03\/vmconnect_8BLXdeSVrm.png","contentUrl":"https:\/\/baptistetellier.fr\/wp-content\/uploads\/2022\/03\/vmconnect_8BLXdeSVrm.png","width":629,"height":459},{"@type":"BreadcrumbList","@id":"https:\/\/baptistetellier.fr\/index.php\/2022\/03\/14\/les-nouveautes-de-veeam-backup-for-microsoft-365-v6\/#breadcrumb","itemListElement":[{"@type":"ListItem","position":1,"name":"Accueil","item":"https:\/\/baptistetellier.fr\/"},{"@type":"ListItem","position":2,"name":"Les Nouveaut\u00e9s de Veeam Backup for Microsoft 365 v6"}]},{"@type":"WebSite","@id":"https:\/\/baptistetellier.fr\/#website","url":"https:\/\/baptistetellier.fr\/","name":"Baptiste Tellier","description":"","publisher":{"@id":"https:\/\/baptistetellier.fr\/#\/schema\/person\/0e3e43784261c58dd916e9f0a1673541"},"potentialAction":[{"@type":"SearchAction","target":{"@type":"EntryPoint","urlTemplate":"https:\/\/baptistetellier.fr\/?s={search_term_string}"},"query-input":{"@type":"PropertyValueSpecification","valueRequired":true,"valueName":"search_term_string"}}],"inLanguage":"fr-FR"},{"@type":["Person","Organization"],"@id":"https:\/\/baptistetellier.fr\/#\/schema\/person\/0e3e43784261c58dd916e9f0a1673541","name":"Baptiste Tellier","image":{"@type":"ImageObject","inLanguage":"fr-FR","@id":"https:\/\/baptistetellier.fr\/wp-content\/uploads\/2020\/09\/20190315_110256-2.jpg","url":"https:\/\/baptistetellier.fr\/wp-content\/uploads\/2020\/09\/20190315_110256-2.jpg","contentUrl":"https:\/\/baptistetellier.fr\/wp-content\/uploads\/2020\/09\/20190315_110256-2.jpg","width":2025,"height":1562,"caption":"Baptiste Tellier"},"logo":{"@id":"https:\/\/baptistetellier.fr\/wp-content\/uploads\/2020\/09\/20190315_110256-2.jpg"}}]}},"_links":{"self":[{"href":"https:\/\/baptistetellier.fr\/index.php\/wp-json\/wp\/v2\/posts\/634","targetHints":{"allow":["GET"]}}],"collection":[{"href":"https:\/\/baptistetellier.fr\/index.php\/wp-json\/wp\/v2\/posts"}],"about":[{"href":"https:\/\/baptistetellier.fr\/index.php\/wp-json\/wp\/v2\/types\/post"}],"author":[{"embeddable":true,"href":"https:\/\/baptistetellier.fr\/index.php\/wp-json\/wp\/v2\/users\/1"}],"replies":[{"embeddable":true,"href":"https:\/\/baptistetellier.fr\/index.php\/wp-json\/wp\/v2\/comments?post=634"}],"version-history":[{"count":2,"href":"https:\/\/baptistetellier.fr\/index.php\/wp-json\/wp\/v2\/posts\/634\/revisions"}],"predecessor-version":[{"id":642,"href":"https:\/\/baptistetellier.fr\/index.php\/wp-json\/wp\/v2\/posts\/634\/revisions\/642"}],"wp:featuredmedia":[{"embeddable":true,"href":"https:\/\/baptistetellier.fr\/index.php\/wp-json\/wp\/v2\/media\/640"}],"wp:attachment":[{"href":"https:\/\/baptistetellier.fr\/index.php\/wp-json\/wp\/v2\/media?parent=634"}],"wp:term":[{"taxonomy":"category","embeddable":true,"href":"https:\/\/baptistetellier.fr\/index.php\/wp-json\/wp\/v2\/categories?post=634"},{"taxonomy":"post_tag","embeddable":true,"href":"https:\/\/baptistetellier.fr\/index.php\/wp-json\/wp\/v2\/tags?post=634"}],"curies":[{"name":"wp","href":"https:\/\/api.w.org\/{rel}","templated":true}]}}