{"id":627,"date":"2022-02-22T18:03:01","date_gmt":"2022-02-22T17:03:01","guid":{"rendered":"https:\/\/baptistetellier.fr\/?p=627"},"modified":"2022-02-23T10:56:08","modified_gmt":"2022-02-23T09:56:08","slug":"cest-lheure-de-la-pause-veeam-5-feb2022","status":"publish","type":"post","link":"https:\/\/baptistetellier.fr\/index.php\/2022\/02\/22\/cest-lheure-de-la-pause-veeam-5-feb2022\/","title":{"rendered":"C&rsquo;est l&rsquo;heure de la pause Veeam #5 Feb2022"},"content":{"rendered":"<p>Bonjour \u00e0 tous,<\/p>\n<p>C&rsquo;est le moment de se faire couler un caf\u00e9 et de lire l&rsquo;actualit\u00e9 Veeam de ce mois de f\u00e9vrier 2022,<\/p>\n<h2>Quelques nouveaut\u00e9s sur l&rsquo;int\u00e9gration mat\u00e9rielle avec VBR<\/h2>\n<ul>\n<li><a href=\"https:\/\/www.veeam.com\/kb4128\" target=\"_blank\" rel=\"noopener\">DataCore Plug-In\u00a0for Veeam Backup &amp; Replication<\/a><\/li>\n<li><a href=\"https:\/\/www.veeam.com\/kb4274\" target=\"_blank\" rel=\"noopener\">NEC Storage M Series Plug-In\u00a0for Veeam Backup &amp; Replication<\/a><\/li>\n<\/ul>\n<h2>Pr\u00e9requis syst\u00e8me pour VBR V12<\/h2>\n<p>vous trouverez sur le forum de la R&amp;D, un poste d&rsquo;Anton Gostev, PM de VBR, listant les possibles changements majeurs concernant les pr\u00e9requis syst\u00e8me. On peut y voir vSphere 6.0 mini, Hyper-v 2012 mini etc..<\/p>\n<p>A ne pas louper, c&rsquo;est ici : <a href=\"https:\/\/forums.veeam.com\/veeam-backup-replication-f2\/system-requirements-for-our-2022-release-t72617.html\" target=\"_blank\" rel=\"noopener\">https:\/\/forums.veeam.com\/veeam-backup-replication-f2\/system-requirements-for-our-2022-release-t72617.html<\/a><\/p>\n<h2>Automatiser la mise \u00e0 jours vers VBR v11<\/h2>\n<p>Un petit lien vers le Github de la communaut\u00e9 Veeam ne fait jamais de mal \ud83d\ude09 <a href=\"https:\/\/github.com\/VeeamHub\/powershell\/tree\/master\/BR-UpgradeV11\" target=\"_blank\" rel=\"noopener\">https:\/\/github.com\/VeeamHub\/powershell\/tree\/master\/BR-UpgradeV11<\/a><\/p>\n<h2>Articles de blog<\/h2>\n<p style=\"text-align: left;\">Andreas Lesslhumer a \u00e9crit un tr\u00e8s bon step by step permettant de rajouter une organisation O365 en utilisant le Modern App-only Authentification : <a href=\"https:\/\/www.running-system.com\/veeam-backup-o365-modern-app-only-authentication\/\" target=\"_blank\" rel=\"noopener\">https:\/\/www.running-system.com\/veeam-backup-o365-modern-app-only-authentication\/<\/a><\/p>\n<p style=\"text-align: left;\">Ian Engelbrecht s&rsquo;est lanc\u00e9 dans un projet avec les API de Veeam Enterprise Manager pour automatiser l&rsquo;ajout de VBR : <a href=\"http:\/\/www.mritsurgeon.co.za\/2021\/10\/veeam-v11-automation-add-multiple-veeam.html\" target=\"_blank\" rel=\"noopener\">http:\/\/www.mritsurgeon.co.za\/2021\/10\/veeam-v11-automation-add-multiple-veeam.html<\/a><\/p>\n<p>Jorge Delacruz vous pr\u00e9sente Veeam One et ses fonctionnalit\u00e9s pour le hardened monitoring : <a href=\"https:\/\/jorgedelacruz.uk\/2021\/12\/19\/veeam-taking-veeam-one-to-the-next-level-with-proactive-hardening-monitoring\/\" target=\"_blank\" rel=\"noopener\">https:\/\/jorgedelacruz.uk\/2021\/12\/19\/veeam-taking-veeam-one-to-the-next-level-with-proactive-hardening-monitoring\/<\/a><\/p>\n<p style=\"text-align: left;\">Et pour finir, Camille Iaropoli et Arnaud Quenum, deux SE France, ont eu l&rsquo;id\u00e9e g\u00e9niale de cr\u00e9er <strong>pour vous<\/strong> un site vous aidant \u00e0 r\u00e9pondre aux RFPs ! <a href=\"https:\/\/rfp-veeam-fr.gitbook.io\/vbr\/\" target=\"_blank\" rel=\"noopener\">https:\/\/rfp-veeam-fr.gitbook.io\/vbr\/<\/a><\/p>\n<h2>Patchs &amp; Updates<\/h2>\n<p>On n&rsquo;oublie pas de maintenir son infrastructure \u00e0 jour \ud83d\ude42 !<\/p>\n<ul>\n<li><a href=\"https:\/\/www.veeam.com\/kb4245\" target=\"_blank\" rel=\"noopener\">Veeam Backup for Microsoft Azure v3a<\/a>\n<ul>\n<li>C&rsquo;est une super nouvelle : La protection des donn\u00e9es des charges de travail Azure SQL est d\u00e9sormais conc\u00e9d\u00e9e sous licence par serveur qui h\u00e9berge des bases de donn\u00e9es prot\u00e9g\u00e9es. Auparavant, le mod\u00e8le de licence se faisait par base de donn\u00e9es.<\/li>\n<\/ul>\n<\/li>\n<li><a href=\"https:\/\/www.veeam.com\/kb4272\" target=\"_blank\" rel=\"noopener\">Veeam Backup\u00a0for Nutanix AHV\u00a03a<\/a><\/li>\n<li><a href=\"https:\/\/www.veeam.com\/kb4278\" target=\"_blank\" rel=\"noopener\">Backup\u00a0for Microsoft Office 365\u00a05d Cumulative Patch KB4278<\/a><\/li>\n<li><a href=\"https:\/\/www.veeam.com\/kb4277\" target=\"_blank\" rel=\"noopener\">Veeam Service Provider Console v6 Patch 1<\/a><\/li>\n<li><a href=\"https:\/\/www.veeam.com\/kb4263\" target=\"_blank\" rel=\"noopener\">Veeam Plug-In for Oracle RMAN Cumulative Patch P20211211<\/a><\/li>\n<\/ul>\n<h2>L&rsquo;astuce du jour<\/h2>\n<p>Sur Cloud Connect Backup, vous pouvez migrer les donn\u00e9es de vos tenants d&rsquo;un repo \u00e0 l&rsquo;autre, tenant par tenant avec la commande : <a href=\"https:\/\/helpcenter.veeam.com\/docs\/backup\/powershell\/start-vbrcloudtenantbackupevacuation.html?ver=110#syntax\" target=\"_blank\" rel=\"noopener\">Start-VBRCloudTenantBackupEvacuation<\/a><\/p>\n<p>\u00c0 bient\u00f4t !<\/p>\n","protected":false},"excerpt":{"rendered":"<p>Bonjour \u00e0 tous, C&rsquo;est le moment de se faire couler un caf\u00e9 et de lire l&rsquo;actualit\u00e9 Veeam de ce mois de f\u00e9vrier 2022, Quelques nouveaut\u00e9s sur l&rsquo;int\u00e9gration mat\u00e9rielle avec VBR DataCore Plug-In\u00a0for Veeam Backup &amp; Replication NEC Storage M Series Plug-In\u00a0for Veeam Backup &amp; Replication Pr\u00e9requis syst\u00e8me pour VBR V12 vous trouverez sur le forum de la R&amp;D, un poste d&rsquo;Anton Gostev, PM de VBR, listant les possibles changements majeurs concernant les pr\u00e9requis syst\u00e8me. On peut y voir vSphere 6.0&#8230;<\/p>\n<p class=\"read-more\"><a class=\"btn btn-default\" href=\"https:\/\/baptistetellier.fr\/index.php\/2022\/02\/22\/cest-lheure-de-la-pause-veeam-5-feb2022\/\">Lire la suite<span class=\"screen-reader-text\"> Lire la suite<\/span><\/a><\/p>\n","protected":false},"author":1,"featured_media":460,"comment_status":"open","ping_status":"open","sticky":false,"template":"","format":"standard","meta":{"_monsterinsights_skip_tracking":false,"_monsterinsights_sitenote_active":false,"_monsterinsights_sitenote_note":"","_monsterinsights_sitenote_category":0,"footnotes":""},"categories":[8,56,5,49,2,3],"tags":[21,26,16,13,19,29,58,33,41,12,17,25,39,40],"class_list":["post-627","post","type-post","status-publish","format-standard","has-post-thumbnail","hentry","category-vaw","category-vbcloud","category-vbr","category-vcc","category-veeam","category-veeam-one","tag-azure","tag-backup-replication","tag-cloud","tag-cloud-connect","tag-cloud-provider","tag-compatibilite","tag-multi-tenant","tag-office-365","tag-patch","tag-vcc","tag-veeam","tag-veeam-backup","tag-veille-techno","tag-veille-technologique"],"yoast_head":"<!-- This site is optimized with the Yoast SEO plugin v27.5 - https:\/\/yoast.com\/product\/yoast-seo-wordpress\/ -->\n<title>C&#039;est l&#039;heure de la pause Veeam #5 Feb2022 - Baptiste Tellier<\/title>\n<meta name=\"description\" content=\"Baptiste Tellier C&#039;est l&#039;heure de la pause Veeam #5 Feb2022 - Veeam - Focus sur les VCSP - Veeam Cloud Service Provider about Veeam Cloud Connect and more !\" \/>\n<meta name=\"robots\" content=\"index, follow, max-snippet:-1, max-image-preview:large, max-video-preview:-1\" \/>\n<link rel=\"canonical\" href=\"https:\/\/baptistetellier.fr\/index.php\/2022\/02\/22\/cest-lheure-de-la-pause-veeam-5-feb2022\/\" \/>\n<meta property=\"og:locale\" content=\"fr_FR\" \/>\n<meta property=\"og:type\" content=\"article\" \/>\n<meta property=\"og:title\" content=\"C&#039;est l&#039;heure de la pause Veeam #5 Feb2022 - Baptiste Tellier\" \/>\n<meta property=\"og:description\" content=\"Baptiste Tellier C&#039;est l&#039;heure de la pause Veeam #5 Feb2022 - Veeam - Focus sur les VCSP - Veeam Cloud Service Provider about Veeam Cloud Connect and more !\" \/>\n<meta property=\"og:url\" content=\"https:\/\/baptistetellier.fr\/index.php\/2022\/02\/22\/cest-lheure-de-la-pause-veeam-5-feb2022\/\" \/>\n<meta property=\"og:site_name\" content=\"Baptiste Tellier\" \/>\n<meta property=\"article:published_time\" content=\"2022-02-22T17:03:01+00:00\" \/>\n<meta property=\"article:modified_time\" content=\"2022-02-23T09:56:08+00:00\" \/>\n<meta property=\"og:image\" content=\"https:\/\/baptistetellier.fr\/wp-content\/uploads\/2021\/04\/donut-3723751_1920-copie.jpg\" \/>\n\t<meta property=\"og:image:width\" content=\"1920\" \/>\n\t<meta property=\"og:image:height\" content=\"1280\" \/>\n\t<meta property=\"og:image:type\" content=\"image\/jpeg\" \/>\n<meta name=\"author\" content=\"Baptiste Tellier\" \/>\n<meta name=\"twitter:card\" content=\"summary_large_image\" \/>\n<meta name=\"twitter:label1\" content=\"\u00c9crit par\" \/>\n\t<meta name=\"twitter:data1\" content=\"Baptiste Tellier\" \/>\n\t<meta name=\"twitter:label2\" content=\"Dur\u00e9e de lecture estim\u00e9e\" \/>\n\t<meta name=\"twitter:data2\" content=\"2 minutes\" \/>\n<script type=\"application\/ld+json\" class=\"yoast-schema-graph\">{\"@context\":\"https:\\\/\\\/schema.org\",\"@graph\":[{\"@type\":\"Article\",\"@id\":\"https:\\\/\\\/baptistetellier.fr\\\/index.php\\\/2022\\\/02\\\/22\\\/cest-lheure-de-la-pause-veeam-5-feb2022\\\/#article\",\"isPartOf\":{\"@id\":\"https:\\\/\\\/baptistetellier.fr\\\/index.php\\\/2022\\\/02\\\/22\\\/cest-lheure-de-la-pause-veeam-5-feb2022\\\/\"},\"author\":{\"name\":\"Baptiste Tellier\",\"@id\":\"https:\\\/\\\/baptistetellier.fr\\\/#\\\/schema\\\/person\\\/0e3e43784261c58dd916e9f0a1673541\"},\"headline\":\"C&rsquo;est l&rsquo;heure de la pause Veeam #5 Feb2022\",\"datePublished\":\"2022-02-22T17:03:01+00:00\",\"dateModified\":\"2022-02-23T09:56:08+00:00\",\"mainEntityOfPage\":{\"@id\":\"https:\\\/\\\/baptistetellier.fr\\\/index.php\\\/2022\\\/02\\\/22\\\/cest-lheure-de-la-pause-veeam-5-feb2022\\\/\"},\"wordCount\":395,\"commentCount\":1,\"publisher\":{\"@id\":\"https:\\\/\\\/baptistetellier.fr\\\/#\\\/schema\\\/person\\\/0e3e43784261c58dd916e9f0a1673541\"},\"image\":{\"@id\":\"https:\\\/\\\/baptistetellier.fr\\\/index.php\\\/2022\\\/02\\\/22\\\/cest-lheure-de-la-pause-veeam-5-feb2022\\\/#primaryimage\"},\"thumbnailUrl\":\"https:\\\/\\\/baptistetellier.fr\\\/wp-content\\\/uploads\\\/2021\\\/04\\\/donut-3723751_1920-copie.jpg\",\"keywords\":[\"Azure\",\"backup &amp; replication\",\"Cloud\",\"Cloud Connect\",\"Cloud provider\",\"compatibilit\u00e9\",\"Multi-tenant\",\"Office 365\",\"patch\",\"VCC\",\"Veeam\",\"Veeam Backup\",\"Veille techno\",\"veille technologique\"],\"articleSection\":[\"VAW\",\"VBCloud\",\"VBR\",\"VCC\",\"Veeam\",\"Veeam One\"],\"inLanguage\":\"fr-FR\",\"potentialAction\":[{\"@type\":\"CommentAction\",\"name\":\"Comment\",\"target\":[\"https:\\\/\\\/baptistetellier.fr\\\/index.php\\\/2022\\\/02\\\/22\\\/cest-lheure-de-la-pause-veeam-5-feb2022\\\/#respond\"]}]},{\"@type\":\"WebPage\",\"@id\":\"https:\\\/\\\/baptistetellier.fr\\\/index.php\\\/2022\\\/02\\\/22\\\/cest-lheure-de-la-pause-veeam-5-feb2022\\\/\",\"url\":\"https:\\\/\\\/baptistetellier.fr\\\/index.php\\\/2022\\\/02\\\/22\\\/cest-lheure-de-la-pause-veeam-5-feb2022\\\/\",\"name\":\"C'est l'heure de la pause Veeam #5 Feb2022 - Baptiste Tellier\",\"isPartOf\":{\"@id\":\"https:\\\/\\\/baptistetellier.fr\\\/#website\"},\"primaryImageOfPage\":{\"@id\":\"https:\\\/\\\/baptistetellier.fr\\\/index.php\\\/2022\\\/02\\\/22\\\/cest-lheure-de-la-pause-veeam-5-feb2022\\\/#primaryimage\"},\"image\":{\"@id\":\"https:\\\/\\\/baptistetellier.fr\\\/index.php\\\/2022\\\/02\\\/22\\\/cest-lheure-de-la-pause-veeam-5-feb2022\\\/#primaryimage\"},\"thumbnailUrl\":\"https:\\\/\\\/baptistetellier.fr\\\/wp-content\\\/uploads\\\/2021\\\/04\\\/donut-3723751_1920-copie.jpg\",\"datePublished\":\"2022-02-22T17:03:01+00:00\",\"dateModified\":\"2022-02-23T09:56:08+00:00\",\"description\":\"Baptiste Tellier C'est l'heure de la pause Veeam #5 Feb2022 - Veeam - Focus sur les VCSP - Veeam Cloud Service Provider about Veeam Cloud Connect and more !\",\"breadcrumb\":{\"@id\":\"https:\\\/\\\/baptistetellier.fr\\\/index.php\\\/2022\\\/02\\\/22\\\/cest-lheure-de-la-pause-veeam-5-feb2022\\\/#breadcrumb\"},\"inLanguage\":\"fr-FR\",\"potentialAction\":[{\"@type\":\"ReadAction\",\"target\":[\"https:\\\/\\\/baptistetellier.fr\\\/index.php\\\/2022\\\/02\\\/22\\\/cest-lheure-de-la-pause-veeam-5-feb2022\\\/\"]}]},{\"@type\":\"ImageObject\",\"inLanguage\":\"fr-FR\",\"@id\":\"https:\\\/\\\/baptistetellier.fr\\\/index.php\\\/2022\\\/02\\\/22\\\/cest-lheure-de-la-pause-veeam-5-feb2022\\\/#primaryimage\",\"url\":\"https:\\\/\\\/baptistetellier.fr\\\/wp-content\\\/uploads\\\/2021\\\/04\\\/donut-3723751_1920-copie.jpg\",\"contentUrl\":\"https:\\\/\\\/baptistetellier.fr\\\/wp-content\\\/uploads\\\/2021\\\/04\\\/donut-3723751_1920-copie.jpg\",\"width\":1920,\"height\":1280},{\"@type\":\"BreadcrumbList\",\"@id\":\"https:\\\/\\\/baptistetellier.fr\\\/index.php\\\/2022\\\/02\\\/22\\\/cest-lheure-de-la-pause-veeam-5-feb2022\\\/#breadcrumb\",\"itemListElement\":[{\"@type\":\"ListItem\",\"position\":1,\"name\":\"Accueil\",\"item\":\"https:\\\/\\\/baptistetellier.fr\\\/\"},{\"@type\":\"ListItem\",\"position\":2,\"name\":\"C&rsquo;est l&rsquo;heure de la pause Veeam #5 Feb2022\"}]},{\"@type\":\"WebSite\",\"@id\":\"https:\\\/\\\/baptistetellier.fr\\\/#website\",\"url\":\"https:\\\/\\\/baptistetellier.fr\\\/\",\"name\":\"Baptiste Tellier\",\"description\":\"\",\"publisher\":{\"@id\":\"https:\\\/\\\/baptistetellier.fr\\\/#\\\/schema\\\/person\\\/0e3e43784261c58dd916e9f0a1673541\"},\"potentialAction\":[{\"@type\":\"SearchAction\",\"target\":{\"@type\":\"EntryPoint\",\"urlTemplate\":\"https:\\\/\\\/baptistetellier.fr\\\/?s={search_term_string}\"},\"query-input\":{\"@type\":\"PropertyValueSpecification\",\"valueRequired\":true,\"valueName\":\"search_term_string\"}}],\"inLanguage\":\"fr-FR\"},{\"@type\":[\"Person\",\"Organization\"],\"@id\":\"https:\\\/\\\/baptistetellier.fr\\\/#\\\/schema\\\/person\\\/0e3e43784261c58dd916e9f0a1673541\",\"name\":\"Baptiste Tellier\",\"image\":{\"@type\":\"ImageObject\",\"inLanguage\":\"fr-FR\",\"@id\":\"https:\\\/\\\/baptistetellier.fr\\\/wp-content\\\/uploads\\\/2020\\\/09\\\/20190315_110256-2.jpg\",\"url\":\"https:\\\/\\\/baptistetellier.fr\\\/wp-content\\\/uploads\\\/2020\\\/09\\\/20190315_110256-2.jpg\",\"contentUrl\":\"https:\\\/\\\/baptistetellier.fr\\\/wp-content\\\/uploads\\\/2020\\\/09\\\/20190315_110256-2.jpg\",\"width\":2025,\"height\":1562,\"caption\":\"Baptiste Tellier\"},\"logo\":{\"@id\":\"https:\\\/\\\/baptistetellier.fr\\\/wp-content\\\/uploads\\\/2020\\\/09\\\/20190315_110256-2.jpg\"}}]}<\/script>\n<!-- \/ Yoast SEO plugin. -->","yoast_head_json":{"title":"C'est l'heure de la pause Veeam #5 Feb2022 - Baptiste Tellier","description":"Baptiste Tellier C'est l'heure de la pause Veeam #5 Feb2022 - Veeam - Focus sur les VCSP - Veeam Cloud Service Provider about Veeam Cloud Connect and more !","robots":{"index":"index","follow":"follow","max-snippet":"max-snippet:-1","max-image-preview":"max-image-preview:large","max-video-preview":"max-video-preview:-1"},"canonical":"https:\/\/baptistetellier.fr\/index.php\/2022\/02\/22\/cest-lheure-de-la-pause-veeam-5-feb2022\/","og_locale":"fr_FR","og_type":"article","og_title":"C'est l'heure de la pause Veeam #5 Feb2022 - Baptiste Tellier","og_description":"Baptiste Tellier C'est l'heure de la pause Veeam #5 Feb2022 - Veeam - Focus sur les VCSP - Veeam Cloud Service Provider about Veeam Cloud Connect and more !","og_url":"https:\/\/baptistetellier.fr\/index.php\/2022\/02\/22\/cest-lheure-de-la-pause-veeam-5-feb2022\/","og_site_name":"Baptiste Tellier","article_published_time":"2022-02-22T17:03:01+00:00","article_modified_time":"2022-02-23T09:56:08+00:00","og_image":[{"width":1920,"height":1280,"url":"https:\/\/baptistetellier.fr\/wp-content\/uploads\/2021\/04\/donut-3723751_1920-copie.jpg","type":"image\/jpeg"}],"author":"Baptiste Tellier","twitter_card":"summary_large_image","twitter_misc":{"\u00c9crit par":"Baptiste Tellier","Dur\u00e9e de lecture estim\u00e9e":"2 minutes"},"schema":{"@context":"https:\/\/schema.org","@graph":[{"@type":"Article","@id":"https:\/\/baptistetellier.fr\/index.php\/2022\/02\/22\/cest-lheure-de-la-pause-veeam-5-feb2022\/#article","isPartOf":{"@id":"https:\/\/baptistetellier.fr\/index.php\/2022\/02\/22\/cest-lheure-de-la-pause-veeam-5-feb2022\/"},"author":{"name":"Baptiste Tellier","@id":"https:\/\/baptistetellier.fr\/#\/schema\/person\/0e3e43784261c58dd916e9f0a1673541"},"headline":"C&rsquo;est l&rsquo;heure de la pause Veeam #5 Feb2022","datePublished":"2022-02-22T17:03:01+00:00","dateModified":"2022-02-23T09:56:08+00:00","mainEntityOfPage":{"@id":"https:\/\/baptistetellier.fr\/index.php\/2022\/02\/22\/cest-lheure-de-la-pause-veeam-5-feb2022\/"},"wordCount":395,"commentCount":1,"publisher":{"@id":"https:\/\/baptistetellier.fr\/#\/schema\/person\/0e3e43784261c58dd916e9f0a1673541"},"image":{"@id":"https:\/\/baptistetellier.fr\/index.php\/2022\/02\/22\/cest-lheure-de-la-pause-veeam-5-feb2022\/#primaryimage"},"thumbnailUrl":"https:\/\/baptistetellier.fr\/wp-content\/uploads\/2021\/04\/donut-3723751_1920-copie.jpg","keywords":["Azure","backup &amp; replication","Cloud","Cloud Connect","Cloud provider","compatibilit\u00e9","Multi-tenant","Office 365","patch","VCC","Veeam","Veeam Backup","Veille techno","veille technologique"],"articleSection":["VAW","VBCloud","VBR","VCC","Veeam","Veeam One"],"inLanguage":"fr-FR","potentialAction":[{"@type":"CommentAction","name":"Comment","target":["https:\/\/baptistetellier.fr\/index.php\/2022\/02\/22\/cest-lheure-de-la-pause-veeam-5-feb2022\/#respond"]}]},{"@type":"WebPage","@id":"https:\/\/baptistetellier.fr\/index.php\/2022\/02\/22\/cest-lheure-de-la-pause-veeam-5-feb2022\/","url":"https:\/\/baptistetellier.fr\/index.php\/2022\/02\/22\/cest-lheure-de-la-pause-veeam-5-feb2022\/","name":"C'est l'heure de la pause Veeam #5 Feb2022 - Baptiste Tellier","isPartOf":{"@id":"https:\/\/baptistetellier.fr\/#website"},"primaryImageOfPage":{"@id":"https:\/\/baptistetellier.fr\/index.php\/2022\/02\/22\/cest-lheure-de-la-pause-veeam-5-feb2022\/#primaryimage"},"image":{"@id":"https:\/\/baptistetellier.fr\/index.php\/2022\/02\/22\/cest-lheure-de-la-pause-veeam-5-feb2022\/#primaryimage"},"thumbnailUrl":"https:\/\/baptistetellier.fr\/wp-content\/uploads\/2021\/04\/donut-3723751_1920-copie.jpg","datePublished":"2022-02-22T17:03:01+00:00","dateModified":"2022-02-23T09:56:08+00:00","description":"Baptiste Tellier C'est l'heure de la pause Veeam #5 Feb2022 - Veeam - Focus sur les VCSP - Veeam Cloud Service Provider about Veeam Cloud Connect and more !","breadcrumb":{"@id":"https:\/\/baptistetellier.fr\/index.php\/2022\/02\/22\/cest-lheure-de-la-pause-veeam-5-feb2022\/#breadcrumb"},"inLanguage":"fr-FR","potentialAction":[{"@type":"ReadAction","target":["https:\/\/baptistetellier.fr\/index.php\/2022\/02\/22\/cest-lheure-de-la-pause-veeam-5-feb2022\/"]}]},{"@type":"ImageObject","inLanguage":"fr-FR","@id":"https:\/\/baptistetellier.fr\/index.php\/2022\/02\/22\/cest-lheure-de-la-pause-veeam-5-feb2022\/#primaryimage","url":"https:\/\/baptistetellier.fr\/wp-content\/uploads\/2021\/04\/donut-3723751_1920-copie.jpg","contentUrl":"https:\/\/baptistetellier.fr\/wp-content\/uploads\/2021\/04\/donut-3723751_1920-copie.jpg","width":1920,"height":1280},{"@type":"BreadcrumbList","@id":"https:\/\/baptistetellier.fr\/index.php\/2022\/02\/22\/cest-lheure-de-la-pause-veeam-5-feb2022\/#breadcrumb","itemListElement":[{"@type":"ListItem","position":1,"name":"Accueil","item":"https:\/\/baptistetellier.fr\/"},{"@type":"ListItem","position":2,"name":"C&rsquo;est l&rsquo;heure de la pause Veeam #5 Feb2022"}]},{"@type":"WebSite","@id":"https:\/\/baptistetellier.fr\/#website","url":"https:\/\/baptistetellier.fr\/","name":"Baptiste Tellier","description":"","publisher":{"@id":"https:\/\/baptistetellier.fr\/#\/schema\/person\/0e3e43784261c58dd916e9f0a1673541"},"potentialAction":[{"@type":"SearchAction","target":{"@type":"EntryPoint","urlTemplate":"https:\/\/baptistetellier.fr\/?s={search_term_string}"},"query-input":{"@type":"PropertyValueSpecification","valueRequired":true,"valueName":"search_term_string"}}],"inLanguage":"fr-FR"},{"@type":["Person","Organization"],"@id":"https:\/\/baptistetellier.fr\/#\/schema\/person\/0e3e43784261c58dd916e9f0a1673541","name":"Baptiste Tellier","image":{"@type":"ImageObject","inLanguage":"fr-FR","@id":"https:\/\/baptistetellier.fr\/wp-content\/uploads\/2020\/09\/20190315_110256-2.jpg","url":"https:\/\/baptistetellier.fr\/wp-content\/uploads\/2020\/09\/20190315_110256-2.jpg","contentUrl":"https:\/\/baptistetellier.fr\/wp-content\/uploads\/2020\/09\/20190315_110256-2.jpg","width":2025,"height":1562,"caption":"Baptiste Tellier"},"logo":{"@id":"https:\/\/baptistetellier.fr\/wp-content\/uploads\/2020\/09\/20190315_110256-2.jpg"}}]}},"_links":{"self":[{"href":"https:\/\/baptistetellier.fr\/index.php\/wp-json\/wp\/v2\/posts\/627","targetHints":{"allow":["GET"]}}],"collection":[{"href":"https:\/\/baptistetellier.fr\/index.php\/wp-json\/wp\/v2\/posts"}],"about":[{"href":"https:\/\/baptistetellier.fr\/index.php\/wp-json\/wp\/v2\/types\/post"}],"author":[{"embeddable":true,"href":"https:\/\/baptistetellier.fr\/index.php\/wp-json\/wp\/v2\/users\/1"}],"replies":[{"embeddable":true,"href":"https:\/\/baptistetellier.fr\/index.php\/wp-json\/wp\/v2\/comments?post=627"}],"version-history":[{"count":4,"href":"https:\/\/baptistetellier.fr\/index.php\/wp-json\/wp\/v2\/posts\/627\/revisions"}],"predecessor-version":[{"id":631,"href":"https:\/\/baptistetellier.fr\/index.php\/wp-json\/wp\/v2\/posts\/627\/revisions\/631"}],"wp:featuredmedia":[{"embeddable":true,"href":"https:\/\/baptistetellier.fr\/index.php\/wp-json\/wp\/v2\/media\/460"}],"wp:attachment":[{"href":"https:\/\/baptistetellier.fr\/index.php\/wp-json\/wp\/v2\/media?parent=627"}],"wp:term":[{"taxonomy":"category","embeddable":true,"href":"https:\/\/baptistetellier.fr\/index.php\/wp-json\/wp\/v2\/categories?post=627"},{"taxonomy":"post_tag","embeddable":true,"href":"https:\/\/baptistetellier.fr\/index.php\/wp-json\/wp\/v2\/tags?post=627"}],"curies":[{"name":"wp","href":"https:\/\/api.w.org\/{rel}","templated":true}]}}