{"id":599,"date":"2022-01-27T16:48:12","date_gmt":"2022-01-27T15:48:12","guid":{"rendered":"https:\/\/baptistetellier.fr\/?p=599"},"modified":"2022-01-27T16:50:20","modified_gmt":"2022-01-27T15:50:20","slug":"vspc-gestion-des-alarmes-et-notifications","status":"publish","type":"post","link":"https:\/\/baptistetellier.fr\/index.php\/2022\/01\/27\/vspc-gestion-des-alarmes-et-notifications\/","title":{"rendered":"VSPC &#8211; Gestion des alarmes et notifications"},"content":{"rendered":"<p>Bonjour \u00e0 tous,<\/p>\n<p>Nouvelle vid\u00e9o de formation sur la gestion des alarmes et des notifications de la Veeam Service Provider Console.<\/p>\n<p><iframe loading=\"lazy\" title=\"YouTube video player\" src=\"https:\/\/www.youtube.com\/embed\/qsflrcEcU7c\" width=\"560\" height=\"315\" frameborder=\"0\" allowfullscreen=\"allowfullscreen\"><\/iframe><\/p>\n<p>Et on n\u2019oublie pas\u00a0<a href=\"https:\/\/baptistetellier.fr\/index.php\/2020\/05\/26\/veeam-service-provider-console-en-5-videos-de-formation\/\" target=\"_blank\" rel=\"noopener\">la s\u00e9rie compl\u00e8te sur la VSPC ici !<\/a><\/p>\n<p>Egalement <a href=\"https:\/\/baptistetellier.fr\/index.php\/2021\/10\/06\/video-integration-de-pulse-dans-la-vspc\/\" target=\"_blank\" rel=\"noopener\">l&rsquo;int\u00e9gration avec Pulse<\/a><\/p>\n","protected":false},"excerpt":{"rendered":"<p>Bonjour \u00e0 tous, Nouvelle vid\u00e9o de formation sur la gestion des alarmes et des notifications de la Veeam Service Provider Console. Et on n\u2019oublie pas\u00a0la s\u00e9rie compl\u00e8te sur la VSPC ici ! Egalement l&rsquo;int\u00e9gration avec Pulse<\/p>\n","protected":false},"author":1,"featured_media":567,"comment_status":"open","ping_status":"open","sticky":false,"template":"","format":"standard","meta":{"_monsterinsights_skip_tracking":false,"_monsterinsights_sitenote_active":false,"_monsterinsights_sitenote_note":"","_monsterinsights_sitenote_category":0,"footnotes":""},"categories":[2,4],"tags":[],"class_list":["post-599","post","type-post","status-publish","format-standard","has-post-thumbnail","hentry","category-veeam","category-vspc"],"yoast_head":"<!-- This site is optimized with the Yoast SEO plugin v27.5 - https:\/\/yoast.com\/product\/yoast-seo-wordpress\/ -->\n<title>VSPC - Gestion des alarmes et notifications - Baptiste Tellier<\/title>\n<meta name=\"description\" content=\"Baptiste Tellier VSPC - Gestion des alarmes et notifications - Veeam - Focus sur les VCSP - Veeam Cloud Service Provider about Veeam Cloud Connect and more !\" \/>\n<meta name=\"robots\" content=\"index, follow, max-snippet:-1, max-image-preview:large, max-video-preview:-1\" \/>\n<link rel=\"canonical\" href=\"https:\/\/baptistetellier.fr\/index.php\/2022\/01\/27\/vspc-gestion-des-alarmes-et-notifications\/\" \/>\n<meta property=\"og:locale\" content=\"fr_FR\" \/>\n<meta property=\"og:type\" content=\"article\" \/>\n<meta property=\"og:title\" content=\"VSPC - Gestion des alarmes et notifications - Baptiste Tellier\" \/>\n<meta property=\"og:description\" content=\"Baptiste Tellier VSPC - Gestion des alarmes et notifications - Veeam - Focus sur les VCSP - Veeam Cloud Service Provider about Veeam Cloud Connect and more !\" \/>\n<meta property=\"og:url\" content=\"https:\/\/baptistetellier.fr\/index.php\/2022\/01\/27\/vspc-gestion-des-alarmes-et-notifications\/\" \/>\n<meta property=\"og:site_name\" content=\"Baptiste Tellier\" \/>\n<meta property=\"article:published_time\" content=\"2022-01-27T15:48:12+00:00\" \/>\n<meta property=\"article:modified_time\" content=\"2022-01-27T15:50:20+00:00\" \/>\n<meta property=\"og:image\" content=\"https:\/\/baptistetellier.fr\/wp-content\/uploads\/2021\/10\/2021-10-05-11_57_11-Veeam_All_In_One_v10_VAC4_VBO4_VCSP.pptx-PowerPoint.png\" \/>\n\t<meta property=\"og:image:width\" content=\"1029\" \/>\n\t<meta property=\"og:image:height\" content=\"509\" \/>\n\t<meta property=\"og:image:type\" content=\"image\/png\" \/>\n<meta name=\"author\" content=\"Baptiste Tellier\" \/>\n<meta name=\"twitter:card\" content=\"summary_large_image\" \/>\n<meta name=\"twitter:label1\" content=\"\u00c9crit par\" \/>\n\t<meta name=\"twitter:data1\" content=\"Baptiste Tellier\" \/>\n\t<meta name=\"twitter:label2\" content=\"Dur\u00e9e de lecture estim\u00e9e\" \/>\n\t<meta name=\"twitter:data2\" content=\"1 minute\" \/>\n<script type=\"application\/ld+json\" class=\"yoast-schema-graph\">{\"@context\":\"https:\\\/\\\/schema.org\",\"@graph\":[{\"@type\":\"Article\",\"@id\":\"https:\\\/\\\/baptistetellier.fr\\\/index.php\\\/2022\\\/01\\\/27\\\/vspc-gestion-des-alarmes-et-notifications\\\/#article\",\"isPartOf\":{\"@id\":\"https:\\\/\\\/baptistetellier.fr\\\/index.php\\\/2022\\\/01\\\/27\\\/vspc-gestion-des-alarmes-et-notifications\\\/\"},\"author\":{\"name\":\"Baptiste Tellier\",\"@id\":\"https:\\\/\\\/baptistetellier.fr\\\/#\\\/schema\\\/person\\\/0e3e43784261c58dd916e9f0a1673541\"},\"headline\":\"VSPC &#8211; Gestion des alarmes et notifications\",\"datePublished\":\"2022-01-27T15:48:12+00:00\",\"dateModified\":\"2022-01-27T15:50:20+00:00\",\"mainEntityOfPage\":{\"@id\":\"https:\\\/\\\/baptistetellier.fr\\\/index.php\\\/2022\\\/01\\\/27\\\/vspc-gestion-des-alarmes-et-notifications\\\/\"},\"wordCount\":48,\"commentCount\":0,\"publisher\":{\"@id\":\"https:\\\/\\\/baptistetellier.fr\\\/#\\\/schema\\\/person\\\/0e3e43784261c58dd916e9f0a1673541\"},\"image\":{\"@id\":\"https:\\\/\\\/baptistetellier.fr\\\/index.php\\\/2022\\\/01\\\/27\\\/vspc-gestion-des-alarmes-et-notifications\\\/#primaryimage\"},\"thumbnailUrl\":\"https:\\\/\\\/baptistetellier.fr\\\/wp-content\\\/uploads\\\/2021\\\/10\\\/2021-10-05-11_57_11-Veeam_All_In_One_v10_VAC4_VBO4_VCSP.pptx-PowerPoint.png\",\"articleSection\":[\"Veeam\",\"VSPC\"],\"inLanguage\":\"fr-FR\",\"potentialAction\":[{\"@type\":\"CommentAction\",\"name\":\"Comment\",\"target\":[\"https:\\\/\\\/baptistetellier.fr\\\/index.php\\\/2022\\\/01\\\/27\\\/vspc-gestion-des-alarmes-et-notifications\\\/#respond\"]}]},{\"@type\":\"WebPage\",\"@id\":\"https:\\\/\\\/baptistetellier.fr\\\/index.php\\\/2022\\\/01\\\/27\\\/vspc-gestion-des-alarmes-et-notifications\\\/\",\"url\":\"https:\\\/\\\/baptistetellier.fr\\\/index.php\\\/2022\\\/01\\\/27\\\/vspc-gestion-des-alarmes-et-notifications\\\/\",\"name\":\"VSPC - Gestion des alarmes et notifications - Baptiste Tellier\",\"isPartOf\":{\"@id\":\"https:\\\/\\\/baptistetellier.fr\\\/#website\"},\"primaryImageOfPage\":{\"@id\":\"https:\\\/\\\/baptistetellier.fr\\\/index.php\\\/2022\\\/01\\\/27\\\/vspc-gestion-des-alarmes-et-notifications\\\/#primaryimage\"},\"image\":{\"@id\":\"https:\\\/\\\/baptistetellier.fr\\\/index.php\\\/2022\\\/01\\\/27\\\/vspc-gestion-des-alarmes-et-notifications\\\/#primaryimage\"},\"thumbnailUrl\":\"https:\\\/\\\/baptistetellier.fr\\\/wp-content\\\/uploads\\\/2021\\\/10\\\/2021-10-05-11_57_11-Veeam_All_In_One_v10_VAC4_VBO4_VCSP.pptx-PowerPoint.png\",\"datePublished\":\"2022-01-27T15:48:12+00:00\",\"dateModified\":\"2022-01-27T15:50:20+00:00\",\"description\":\"Baptiste Tellier VSPC - Gestion des alarmes et notifications - Veeam - Focus sur les VCSP - Veeam Cloud Service Provider about Veeam Cloud Connect and more !\",\"breadcrumb\":{\"@id\":\"https:\\\/\\\/baptistetellier.fr\\\/index.php\\\/2022\\\/01\\\/27\\\/vspc-gestion-des-alarmes-et-notifications\\\/#breadcrumb\"},\"inLanguage\":\"fr-FR\",\"potentialAction\":[{\"@type\":\"ReadAction\",\"target\":[\"https:\\\/\\\/baptistetellier.fr\\\/index.php\\\/2022\\\/01\\\/27\\\/vspc-gestion-des-alarmes-et-notifications\\\/\"]}]},{\"@type\":\"ImageObject\",\"inLanguage\":\"fr-FR\",\"@id\":\"https:\\\/\\\/baptistetellier.fr\\\/index.php\\\/2022\\\/01\\\/27\\\/vspc-gestion-des-alarmes-et-notifications\\\/#primaryimage\",\"url\":\"https:\\\/\\\/baptistetellier.fr\\\/wp-content\\\/uploads\\\/2021\\\/10\\\/2021-10-05-11_57_11-Veeam_All_In_One_v10_VAC4_VBO4_VCSP.pptx-PowerPoint.png\",\"contentUrl\":\"https:\\\/\\\/baptistetellier.fr\\\/wp-content\\\/uploads\\\/2021\\\/10\\\/2021-10-05-11_57_11-Veeam_All_In_One_v10_VAC4_VBO4_VCSP.pptx-PowerPoint.png\",\"width\":1029,\"height\":509},{\"@type\":\"BreadcrumbList\",\"@id\":\"https:\\\/\\\/baptistetellier.fr\\\/index.php\\\/2022\\\/01\\\/27\\\/vspc-gestion-des-alarmes-et-notifications\\\/#breadcrumb\",\"itemListElement\":[{\"@type\":\"ListItem\",\"position\":1,\"name\":\"Accueil\",\"item\":\"https:\\\/\\\/baptistetellier.fr\\\/\"},{\"@type\":\"ListItem\",\"position\":2,\"name\":\"VSPC &#8211; Gestion des alarmes et notifications\"}]},{\"@type\":\"WebSite\",\"@id\":\"https:\\\/\\\/baptistetellier.fr\\\/#website\",\"url\":\"https:\\\/\\\/baptistetellier.fr\\\/\",\"name\":\"Baptiste Tellier\",\"description\":\"\",\"publisher\":{\"@id\":\"https:\\\/\\\/baptistetellier.fr\\\/#\\\/schema\\\/person\\\/0e3e43784261c58dd916e9f0a1673541\"},\"potentialAction\":[{\"@type\":\"SearchAction\",\"target\":{\"@type\":\"EntryPoint\",\"urlTemplate\":\"https:\\\/\\\/baptistetellier.fr\\\/?s={search_term_string}\"},\"query-input\":{\"@type\":\"PropertyValueSpecification\",\"valueRequired\":true,\"valueName\":\"search_term_string\"}}],\"inLanguage\":\"fr-FR\"},{\"@type\":[\"Person\",\"Organization\"],\"@id\":\"https:\\\/\\\/baptistetellier.fr\\\/#\\\/schema\\\/person\\\/0e3e43784261c58dd916e9f0a1673541\",\"name\":\"Baptiste Tellier\",\"image\":{\"@type\":\"ImageObject\",\"inLanguage\":\"fr-FR\",\"@id\":\"https:\\\/\\\/baptistetellier.fr\\\/wp-content\\\/uploads\\\/2020\\\/09\\\/20190315_110256-2.jpg\",\"url\":\"https:\\\/\\\/baptistetellier.fr\\\/wp-content\\\/uploads\\\/2020\\\/09\\\/20190315_110256-2.jpg\",\"contentUrl\":\"https:\\\/\\\/baptistetellier.fr\\\/wp-content\\\/uploads\\\/2020\\\/09\\\/20190315_110256-2.jpg\",\"width\":2025,\"height\":1562,\"caption\":\"Baptiste Tellier\"},\"logo\":{\"@id\":\"https:\\\/\\\/baptistetellier.fr\\\/wp-content\\\/uploads\\\/2020\\\/09\\\/20190315_110256-2.jpg\"}}]}<\/script>\n<!-- \/ Yoast SEO plugin. -->","yoast_head_json":{"title":"VSPC - Gestion des alarmes et notifications - Baptiste Tellier","description":"Baptiste Tellier VSPC - Gestion des alarmes et notifications - Veeam - Focus sur les VCSP - Veeam Cloud Service Provider about Veeam Cloud Connect and more !","robots":{"index":"index","follow":"follow","max-snippet":"max-snippet:-1","max-image-preview":"max-image-preview:large","max-video-preview":"max-video-preview:-1"},"canonical":"https:\/\/baptistetellier.fr\/index.php\/2022\/01\/27\/vspc-gestion-des-alarmes-et-notifications\/","og_locale":"fr_FR","og_type":"article","og_title":"VSPC - Gestion des alarmes et notifications - Baptiste Tellier","og_description":"Baptiste Tellier VSPC - Gestion des alarmes et notifications - Veeam - Focus sur les VCSP - Veeam Cloud Service Provider about Veeam Cloud Connect and more !","og_url":"https:\/\/baptistetellier.fr\/index.php\/2022\/01\/27\/vspc-gestion-des-alarmes-et-notifications\/","og_site_name":"Baptiste Tellier","article_published_time":"2022-01-27T15:48:12+00:00","article_modified_time":"2022-01-27T15:50:20+00:00","og_image":[{"width":1029,"height":509,"url":"https:\/\/baptistetellier.fr\/wp-content\/uploads\/2021\/10\/2021-10-05-11_57_11-Veeam_All_In_One_v10_VAC4_VBO4_VCSP.pptx-PowerPoint.png","type":"image\/png"}],"author":"Baptiste Tellier","twitter_card":"summary_large_image","twitter_misc":{"\u00c9crit par":"Baptiste Tellier","Dur\u00e9e de lecture estim\u00e9e":"1 minute"},"schema":{"@context":"https:\/\/schema.org","@graph":[{"@type":"Article","@id":"https:\/\/baptistetellier.fr\/index.php\/2022\/01\/27\/vspc-gestion-des-alarmes-et-notifications\/#article","isPartOf":{"@id":"https:\/\/baptistetellier.fr\/index.php\/2022\/01\/27\/vspc-gestion-des-alarmes-et-notifications\/"},"author":{"name":"Baptiste Tellier","@id":"https:\/\/baptistetellier.fr\/#\/schema\/person\/0e3e43784261c58dd916e9f0a1673541"},"headline":"VSPC &#8211; Gestion des alarmes et notifications","datePublished":"2022-01-27T15:48:12+00:00","dateModified":"2022-01-27T15:50:20+00:00","mainEntityOfPage":{"@id":"https:\/\/baptistetellier.fr\/index.php\/2022\/01\/27\/vspc-gestion-des-alarmes-et-notifications\/"},"wordCount":48,"commentCount":0,"publisher":{"@id":"https:\/\/baptistetellier.fr\/#\/schema\/person\/0e3e43784261c58dd916e9f0a1673541"},"image":{"@id":"https:\/\/baptistetellier.fr\/index.php\/2022\/01\/27\/vspc-gestion-des-alarmes-et-notifications\/#primaryimage"},"thumbnailUrl":"https:\/\/baptistetellier.fr\/wp-content\/uploads\/2021\/10\/2021-10-05-11_57_11-Veeam_All_In_One_v10_VAC4_VBO4_VCSP.pptx-PowerPoint.png","articleSection":["Veeam","VSPC"],"inLanguage":"fr-FR","potentialAction":[{"@type":"CommentAction","name":"Comment","target":["https:\/\/baptistetellier.fr\/index.php\/2022\/01\/27\/vspc-gestion-des-alarmes-et-notifications\/#respond"]}]},{"@type":"WebPage","@id":"https:\/\/baptistetellier.fr\/index.php\/2022\/01\/27\/vspc-gestion-des-alarmes-et-notifications\/","url":"https:\/\/baptistetellier.fr\/index.php\/2022\/01\/27\/vspc-gestion-des-alarmes-et-notifications\/","name":"VSPC - Gestion des alarmes et notifications - Baptiste Tellier","isPartOf":{"@id":"https:\/\/baptistetellier.fr\/#website"},"primaryImageOfPage":{"@id":"https:\/\/baptistetellier.fr\/index.php\/2022\/01\/27\/vspc-gestion-des-alarmes-et-notifications\/#primaryimage"},"image":{"@id":"https:\/\/baptistetellier.fr\/index.php\/2022\/01\/27\/vspc-gestion-des-alarmes-et-notifications\/#primaryimage"},"thumbnailUrl":"https:\/\/baptistetellier.fr\/wp-content\/uploads\/2021\/10\/2021-10-05-11_57_11-Veeam_All_In_One_v10_VAC4_VBO4_VCSP.pptx-PowerPoint.png","datePublished":"2022-01-27T15:48:12+00:00","dateModified":"2022-01-27T15:50:20+00:00","description":"Baptiste Tellier VSPC - Gestion des alarmes et notifications - Veeam - Focus sur les VCSP - Veeam Cloud Service Provider about Veeam Cloud Connect and more !","breadcrumb":{"@id":"https:\/\/baptistetellier.fr\/index.php\/2022\/01\/27\/vspc-gestion-des-alarmes-et-notifications\/#breadcrumb"},"inLanguage":"fr-FR","potentialAction":[{"@type":"ReadAction","target":["https:\/\/baptistetellier.fr\/index.php\/2022\/01\/27\/vspc-gestion-des-alarmes-et-notifications\/"]}]},{"@type":"ImageObject","inLanguage":"fr-FR","@id":"https:\/\/baptistetellier.fr\/index.php\/2022\/01\/27\/vspc-gestion-des-alarmes-et-notifications\/#primaryimage","url":"https:\/\/baptistetellier.fr\/wp-content\/uploads\/2021\/10\/2021-10-05-11_57_11-Veeam_All_In_One_v10_VAC4_VBO4_VCSP.pptx-PowerPoint.png","contentUrl":"https:\/\/baptistetellier.fr\/wp-content\/uploads\/2021\/10\/2021-10-05-11_57_11-Veeam_All_In_One_v10_VAC4_VBO4_VCSP.pptx-PowerPoint.png","width":1029,"height":509},{"@type":"BreadcrumbList","@id":"https:\/\/baptistetellier.fr\/index.php\/2022\/01\/27\/vspc-gestion-des-alarmes-et-notifications\/#breadcrumb","itemListElement":[{"@type":"ListItem","position":1,"name":"Accueil","item":"https:\/\/baptistetellier.fr\/"},{"@type":"ListItem","position":2,"name":"VSPC &#8211; Gestion des alarmes et notifications"}]},{"@type":"WebSite","@id":"https:\/\/baptistetellier.fr\/#website","url":"https:\/\/baptistetellier.fr\/","name":"Baptiste Tellier","description":"","publisher":{"@id":"https:\/\/baptistetellier.fr\/#\/schema\/person\/0e3e43784261c58dd916e9f0a1673541"},"potentialAction":[{"@type":"SearchAction","target":{"@type":"EntryPoint","urlTemplate":"https:\/\/baptistetellier.fr\/?s={search_term_string}"},"query-input":{"@type":"PropertyValueSpecification","valueRequired":true,"valueName":"search_term_string"}}],"inLanguage":"fr-FR"},{"@type":["Person","Organization"],"@id":"https:\/\/baptistetellier.fr\/#\/schema\/person\/0e3e43784261c58dd916e9f0a1673541","name":"Baptiste Tellier","image":{"@type":"ImageObject","inLanguage":"fr-FR","@id":"https:\/\/baptistetellier.fr\/wp-content\/uploads\/2020\/09\/20190315_110256-2.jpg","url":"https:\/\/baptistetellier.fr\/wp-content\/uploads\/2020\/09\/20190315_110256-2.jpg","contentUrl":"https:\/\/baptistetellier.fr\/wp-content\/uploads\/2020\/09\/20190315_110256-2.jpg","width":2025,"height":1562,"caption":"Baptiste Tellier"},"logo":{"@id":"https:\/\/baptistetellier.fr\/wp-content\/uploads\/2020\/09\/20190315_110256-2.jpg"}}]}},"_links":{"self":[{"href":"https:\/\/baptistetellier.fr\/index.php\/wp-json\/wp\/v2\/posts\/599","targetHints":{"allow":["GET"]}}],"collection":[{"href":"https:\/\/baptistetellier.fr\/index.php\/wp-json\/wp\/v2\/posts"}],"about":[{"href":"https:\/\/baptistetellier.fr\/index.php\/wp-json\/wp\/v2\/types\/post"}],"author":[{"embeddable":true,"href":"https:\/\/baptistetellier.fr\/index.php\/wp-json\/wp\/v2\/users\/1"}],"replies":[{"embeddable":true,"href":"https:\/\/baptistetellier.fr\/index.php\/wp-json\/wp\/v2\/comments?post=599"}],"version-history":[{"count":1,"href":"https:\/\/baptistetellier.fr\/index.php\/wp-json\/wp\/v2\/posts\/599\/revisions"}],"predecessor-version":[{"id":600,"href":"https:\/\/baptistetellier.fr\/index.php\/wp-json\/wp\/v2\/posts\/599\/revisions\/600"}],"wp:featuredmedia":[{"embeddable":true,"href":"https:\/\/baptistetellier.fr\/index.php\/wp-json\/wp\/v2\/media\/567"}],"wp:attachment":[{"href":"https:\/\/baptistetellier.fr\/index.php\/wp-json\/wp\/v2\/media?parent=599"}],"wp:term":[{"taxonomy":"category","embeddable":true,"href":"https:\/\/baptistetellier.fr\/index.php\/wp-json\/wp\/v2\/categories?post=599"},{"taxonomy":"post_tag","embeddable":true,"href":"https:\/\/baptistetellier.fr\/index.php\/wp-json\/wp\/v2\/tags?post=599"}],"curies":[{"name":"wp","href":"https:\/\/api.w.org\/{rel}","templated":true}]}}