{"id":574,"date":"2021-10-06T17:26:27","date_gmt":"2021-10-06T15:26:27","guid":{"rendered":"https:\/\/baptistetellier.fr\/?p=574"},"modified":"2021-10-06T17:26:27","modified_gmt":"2021-10-06T15:26:27","slug":"video-integration-de-pulse-dans-la-vspc","status":"publish","type":"post","link":"https:\/\/baptistetellier.fr\/index.php\/2021\/10\/06\/video-integration-de-pulse-dans-la-vspc\/","title":{"rendered":"Vid\u00e9o &#8211; int\u00e9gration de Pulse dans la VSPC"},"content":{"rendered":"<p>Si vous l&rsquo;avez manqu\u00e9,<a href=\"https:\/\/baptistetellier.fr\/index.php\/2021\/10\/05\/quoi-de-neuf-avec-la-vspc-v6\/\"> la Veeam Service Provider Console en V6 permet d&rsquo;int\u00e9grer directement PULSE<\/a> pour la gestion et la cr\u00e9ation des licences ainsi que l&rsquo;affectation des licences aux diff\u00e9rents tenants pour VBR, VBO, VONE.<\/p>\n<p>Je vous propose dans cette vid\u00e9o de r\u00e9aliser l&rsquo;int\u00e9gration pas \u00e0 pas dans la VSPC :<\/p>\n<p><iframe loading=\"lazy\" title=\"YouTube video player\" src=\"https:\/\/www.youtube.com\/embed\/qsEmM1tdM1w\" width=\"560\" height=\"315\" frameborder=\"0\" allowfullscreen=\"allowfullscreen\"><span data-mce-type=\"bookmark\" style=\"display: inline-block; width: 0px; overflow: hidden; line-height: 0;\" class=\"mce_SELRES_start\">\ufeff<\/span><\/iframe><\/p>\n<p>Et on n&rsquo;oublie pas <a href=\"https:\/\/baptistetellier.fr\/index.php\/2020\/05\/26\/veeam-service-provider-console-en-5-videos-de-formation\/\" target=\"_blank\" rel=\"noopener\">la s\u00e9rie compl\u00e8te sur la VSPC ici !<\/a><\/p>\n<p>A bient\u00f4t !<\/p>\n","protected":false},"excerpt":{"rendered":"<p>Si vous l&rsquo;avez manqu\u00e9, la Veeam Service Provider Console en V6 permet d&rsquo;int\u00e9grer directement PULSE pour la gestion et la cr\u00e9ation des licences ainsi que l&rsquo;affectation des licences aux diff\u00e9rents tenants pour VBR, VBO, VONE. Je vous propose dans cette vid\u00e9o de r\u00e9aliser l&rsquo;int\u00e9gration pas \u00e0 pas dans la VSPC : \ufeff Et on n&rsquo;oublie pas la s\u00e9rie compl\u00e8te sur la VSPC ici ! A bient\u00f4t !<\/p>\n","protected":false},"author":1,"featured_media":575,"comment_status":"open","ping_status":"open","sticky":false,"template":"","format":"standard","meta":{"_monsterinsights_skip_tracking":false,"_monsterinsights_sitenote_active":false,"_monsterinsights_sitenote_note":"","_monsterinsights_sitenote_category":0,"footnotes":""},"categories":[2,4],"tags":[26,13,19,33,32,12,18,17,25,15,11],"class_list":["post-574","post","type-post","status-publish","format-standard","has-post-thumbnail","hentry","category-veeam","category-vspc","tag-backup-replication","tag-cloud-connect","tag-cloud-provider","tag-office-365","tag-vbo","tag-vcc","tag-vcsp","tag-veeam","tag-veeam-backup","tag-veeam-service-provider-console","tag-vspc"],"yoast_head":"<!-- This site is optimized with the Yoast SEO plugin v27.5 - https:\/\/yoast.com\/product\/yoast-seo-wordpress\/ -->\n<title>Vid\u00e9o - int\u00e9gration de Pulse dans la VSPC - Baptiste Tellier<\/title>\n<meta name=\"description\" content=\"Baptiste Tellier Vid\u00e9o - int\u00e9gration de Pulse dans la VSPC - Veeam - Focus sur les VCSP - Veeam Cloud Service Provider about Veeam Cloud Connect and more !\" \/>\n<meta name=\"robots\" content=\"index, follow, max-snippet:-1, max-image-preview:large, max-video-preview:-1\" \/>\n<link rel=\"canonical\" href=\"https:\/\/baptistetellier.fr\/index.php\/2021\/10\/06\/video-integration-de-pulse-dans-la-vspc\/\" \/>\n<meta property=\"og:locale\" content=\"fr_FR\" \/>\n<meta property=\"og:type\" content=\"article\" \/>\n<meta property=\"og:title\" content=\"Vid\u00e9o - int\u00e9gration de Pulse dans la VSPC - Baptiste Tellier\" \/>\n<meta property=\"og:description\" content=\"Baptiste Tellier Vid\u00e9o - int\u00e9gration de Pulse dans la VSPC - Veeam - Focus sur les VCSP - Veeam Cloud Service Provider about Veeam Cloud Connect and more !\" \/>\n<meta property=\"og:url\" content=\"https:\/\/baptistetellier.fr\/index.php\/2021\/10\/06\/video-integration-de-pulse-dans-la-vspc\/\" \/>\n<meta property=\"og:site_name\" content=\"Baptiste Tellier\" \/>\n<meta property=\"article:published_time\" content=\"2021-10-06T15:26:27+00:00\" \/>\n<meta property=\"og:image\" content=\"https:\/\/baptistetellier.fr\/wp-content\/uploads\/2021\/10\/2021-10-06-17_23_47-Veeam_All_In_One_v10_VAC4_VBO4_VCSP.pptx-PowerPoint.png\" \/>\n\t<meta property=\"og:image:width\" content=\"1196\" \/>\n\t<meta property=\"og:image:height\" content=\"676\" \/>\n\t<meta property=\"og:image:type\" content=\"image\/png\" \/>\n<meta name=\"author\" content=\"Baptiste Tellier\" \/>\n<meta name=\"twitter:card\" content=\"summary_large_image\" \/>\n<meta name=\"twitter:label1\" content=\"\u00c9crit par\" \/>\n\t<meta name=\"twitter:data1\" content=\"Baptiste Tellier\" \/>\n<script type=\"application\/ld+json\" class=\"yoast-schema-graph\">{\"@context\":\"https:\\\/\\\/schema.org\",\"@graph\":[{\"@type\":\"Article\",\"@id\":\"https:\\\/\\\/baptistetellier.fr\\\/index.php\\\/2021\\\/10\\\/06\\\/video-integration-de-pulse-dans-la-vspc\\\/#article\",\"isPartOf\":{\"@id\":\"https:\\\/\\\/baptistetellier.fr\\\/index.php\\\/2021\\\/10\\\/06\\\/video-integration-de-pulse-dans-la-vspc\\\/\"},\"author\":{\"name\":\"Baptiste Tellier\",\"@id\":\"https:\\\/\\\/baptistetellier.fr\\\/#\\\/schema\\\/person\\\/0e3e43784261c58dd916e9f0a1673541\"},\"headline\":\"Vid\u00e9o &#8211; int\u00e9gration de Pulse dans la VSPC\",\"datePublished\":\"2021-10-06T15:26:27+00:00\",\"mainEntityOfPage\":{\"@id\":\"https:\\\/\\\/baptistetellier.fr\\\/index.php\\\/2021\\\/10\\\/06\\\/video-integration-de-pulse-dans-la-vspc\\\/\"},\"wordCount\":86,\"commentCount\":3,\"publisher\":{\"@id\":\"https:\\\/\\\/baptistetellier.fr\\\/#\\\/schema\\\/person\\\/0e3e43784261c58dd916e9f0a1673541\"},\"image\":{\"@id\":\"https:\\\/\\\/baptistetellier.fr\\\/index.php\\\/2021\\\/10\\\/06\\\/video-integration-de-pulse-dans-la-vspc\\\/#primaryimage\"},\"thumbnailUrl\":\"https:\\\/\\\/baptistetellier.fr\\\/wp-content\\\/uploads\\\/2021\\\/10\\\/2021-10-06-17_23_47-Veeam_All_In_One_v10_VAC4_VBO4_VCSP.pptx-PowerPoint.png\",\"keywords\":[\"backup &amp; replication\",\"Cloud Connect\",\"Cloud provider\",\"Office 365\",\"VBO\",\"VCC\",\"VCSP\",\"Veeam\",\"Veeam Backup\",\"Veeam service provider console\",\"VSPC\"],\"articleSection\":[\"Veeam\",\"VSPC\"],\"inLanguage\":\"fr-FR\",\"potentialAction\":[{\"@type\":\"CommentAction\",\"name\":\"Comment\",\"target\":[\"https:\\\/\\\/baptistetellier.fr\\\/index.php\\\/2021\\\/10\\\/06\\\/video-integration-de-pulse-dans-la-vspc\\\/#respond\"]}]},{\"@type\":\"WebPage\",\"@id\":\"https:\\\/\\\/baptistetellier.fr\\\/index.php\\\/2021\\\/10\\\/06\\\/video-integration-de-pulse-dans-la-vspc\\\/\",\"url\":\"https:\\\/\\\/baptistetellier.fr\\\/index.php\\\/2021\\\/10\\\/06\\\/video-integration-de-pulse-dans-la-vspc\\\/\",\"name\":\"Vid\u00e9o - int\u00e9gration de Pulse dans la VSPC - Baptiste Tellier\",\"isPartOf\":{\"@id\":\"https:\\\/\\\/baptistetellier.fr\\\/#website\"},\"primaryImageOfPage\":{\"@id\":\"https:\\\/\\\/baptistetellier.fr\\\/index.php\\\/2021\\\/10\\\/06\\\/video-integration-de-pulse-dans-la-vspc\\\/#primaryimage\"},\"image\":{\"@id\":\"https:\\\/\\\/baptistetellier.fr\\\/index.php\\\/2021\\\/10\\\/06\\\/video-integration-de-pulse-dans-la-vspc\\\/#primaryimage\"},\"thumbnailUrl\":\"https:\\\/\\\/baptistetellier.fr\\\/wp-content\\\/uploads\\\/2021\\\/10\\\/2021-10-06-17_23_47-Veeam_All_In_One_v10_VAC4_VBO4_VCSP.pptx-PowerPoint.png\",\"datePublished\":\"2021-10-06T15:26:27+00:00\",\"description\":\"Baptiste Tellier Vid\u00e9o - int\u00e9gration de Pulse dans la VSPC - Veeam - Focus sur les VCSP - Veeam Cloud Service Provider about Veeam Cloud Connect and more !\",\"breadcrumb\":{\"@id\":\"https:\\\/\\\/baptistetellier.fr\\\/index.php\\\/2021\\\/10\\\/06\\\/video-integration-de-pulse-dans-la-vspc\\\/#breadcrumb\"},\"inLanguage\":\"fr-FR\",\"potentialAction\":[{\"@type\":\"ReadAction\",\"target\":[\"https:\\\/\\\/baptistetellier.fr\\\/index.php\\\/2021\\\/10\\\/06\\\/video-integration-de-pulse-dans-la-vspc\\\/\"]}]},{\"@type\":\"ImageObject\",\"inLanguage\":\"fr-FR\",\"@id\":\"https:\\\/\\\/baptistetellier.fr\\\/index.php\\\/2021\\\/10\\\/06\\\/video-integration-de-pulse-dans-la-vspc\\\/#primaryimage\",\"url\":\"https:\\\/\\\/baptistetellier.fr\\\/wp-content\\\/uploads\\\/2021\\\/10\\\/2021-10-06-17_23_47-Veeam_All_In_One_v10_VAC4_VBO4_VCSP.pptx-PowerPoint.png\",\"contentUrl\":\"https:\\\/\\\/baptistetellier.fr\\\/wp-content\\\/uploads\\\/2021\\\/10\\\/2021-10-06-17_23_47-Veeam_All_In_One_v10_VAC4_VBO4_VCSP.pptx-PowerPoint.png\",\"width\":1196,\"height\":676},{\"@type\":\"BreadcrumbList\",\"@id\":\"https:\\\/\\\/baptistetellier.fr\\\/index.php\\\/2021\\\/10\\\/06\\\/video-integration-de-pulse-dans-la-vspc\\\/#breadcrumb\",\"itemListElement\":[{\"@type\":\"ListItem\",\"position\":1,\"name\":\"Accueil\",\"item\":\"https:\\\/\\\/baptistetellier.fr\\\/\"},{\"@type\":\"ListItem\",\"position\":2,\"name\":\"Vid\u00e9o &#8211; int\u00e9gration de Pulse dans la VSPC\"}]},{\"@type\":\"WebSite\",\"@id\":\"https:\\\/\\\/baptistetellier.fr\\\/#website\",\"url\":\"https:\\\/\\\/baptistetellier.fr\\\/\",\"name\":\"Baptiste Tellier\",\"description\":\"\",\"publisher\":{\"@id\":\"https:\\\/\\\/baptistetellier.fr\\\/#\\\/schema\\\/person\\\/0e3e43784261c58dd916e9f0a1673541\"},\"potentialAction\":[{\"@type\":\"SearchAction\",\"target\":{\"@type\":\"EntryPoint\",\"urlTemplate\":\"https:\\\/\\\/baptistetellier.fr\\\/?s={search_term_string}\"},\"query-input\":{\"@type\":\"PropertyValueSpecification\",\"valueRequired\":true,\"valueName\":\"search_term_string\"}}],\"inLanguage\":\"fr-FR\"},{\"@type\":[\"Person\",\"Organization\"],\"@id\":\"https:\\\/\\\/baptistetellier.fr\\\/#\\\/schema\\\/person\\\/0e3e43784261c58dd916e9f0a1673541\",\"name\":\"Baptiste Tellier\",\"image\":{\"@type\":\"ImageObject\",\"inLanguage\":\"fr-FR\",\"@id\":\"https:\\\/\\\/baptistetellier.fr\\\/wp-content\\\/uploads\\\/2020\\\/09\\\/20190315_110256-2.jpg\",\"url\":\"https:\\\/\\\/baptistetellier.fr\\\/wp-content\\\/uploads\\\/2020\\\/09\\\/20190315_110256-2.jpg\",\"contentUrl\":\"https:\\\/\\\/baptistetellier.fr\\\/wp-content\\\/uploads\\\/2020\\\/09\\\/20190315_110256-2.jpg\",\"width\":2025,\"height\":1562,\"caption\":\"Baptiste Tellier\"},\"logo\":{\"@id\":\"https:\\\/\\\/baptistetellier.fr\\\/wp-content\\\/uploads\\\/2020\\\/09\\\/20190315_110256-2.jpg\"}}]}<\/script>\n<!-- \/ Yoast SEO plugin. -->","yoast_head_json":{"title":"Vid\u00e9o - int\u00e9gration de Pulse dans la VSPC - Baptiste Tellier","description":"Baptiste Tellier Vid\u00e9o - int\u00e9gration de Pulse dans la VSPC - Veeam - Focus sur les VCSP - Veeam Cloud Service Provider about Veeam Cloud Connect and more !","robots":{"index":"index","follow":"follow","max-snippet":"max-snippet:-1","max-image-preview":"max-image-preview:large","max-video-preview":"max-video-preview:-1"},"canonical":"https:\/\/baptistetellier.fr\/index.php\/2021\/10\/06\/video-integration-de-pulse-dans-la-vspc\/","og_locale":"fr_FR","og_type":"article","og_title":"Vid\u00e9o - int\u00e9gration de Pulse dans la VSPC - Baptiste Tellier","og_description":"Baptiste Tellier Vid\u00e9o - int\u00e9gration de Pulse dans la VSPC - Veeam - Focus sur les VCSP - Veeam Cloud Service Provider about Veeam Cloud Connect and more !","og_url":"https:\/\/baptistetellier.fr\/index.php\/2021\/10\/06\/video-integration-de-pulse-dans-la-vspc\/","og_site_name":"Baptiste Tellier","article_published_time":"2021-10-06T15:26:27+00:00","og_image":[{"width":1196,"height":676,"url":"https:\/\/baptistetellier.fr\/wp-content\/uploads\/2021\/10\/2021-10-06-17_23_47-Veeam_All_In_One_v10_VAC4_VBO4_VCSP.pptx-PowerPoint.png","type":"image\/png"}],"author":"Baptiste Tellier","twitter_card":"summary_large_image","twitter_misc":{"\u00c9crit par":"Baptiste Tellier"},"schema":{"@context":"https:\/\/schema.org","@graph":[{"@type":"Article","@id":"https:\/\/baptistetellier.fr\/index.php\/2021\/10\/06\/video-integration-de-pulse-dans-la-vspc\/#article","isPartOf":{"@id":"https:\/\/baptistetellier.fr\/index.php\/2021\/10\/06\/video-integration-de-pulse-dans-la-vspc\/"},"author":{"name":"Baptiste Tellier","@id":"https:\/\/baptistetellier.fr\/#\/schema\/person\/0e3e43784261c58dd916e9f0a1673541"},"headline":"Vid\u00e9o &#8211; int\u00e9gration de Pulse dans la VSPC","datePublished":"2021-10-06T15:26:27+00:00","mainEntityOfPage":{"@id":"https:\/\/baptistetellier.fr\/index.php\/2021\/10\/06\/video-integration-de-pulse-dans-la-vspc\/"},"wordCount":86,"commentCount":3,"publisher":{"@id":"https:\/\/baptistetellier.fr\/#\/schema\/person\/0e3e43784261c58dd916e9f0a1673541"},"image":{"@id":"https:\/\/baptistetellier.fr\/index.php\/2021\/10\/06\/video-integration-de-pulse-dans-la-vspc\/#primaryimage"},"thumbnailUrl":"https:\/\/baptistetellier.fr\/wp-content\/uploads\/2021\/10\/2021-10-06-17_23_47-Veeam_All_In_One_v10_VAC4_VBO4_VCSP.pptx-PowerPoint.png","keywords":["backup &amp; replication","Cloud Connect","Cloud provider","Office 365","VBO","VCC","VCSP","Veeam","Veeam Backup","Veeam service provider console","VSPC"],"articleSection":["Veeam","VSPC"],"inLanguage":"fr-FR","potentialAction":[{"@type":"CommentAction","name":"Comment","target":["https:\/\/baptistetellier.fr\/index.php\/2021\/10\/06\/video-integration-de-pulse-dans-la-vspc\/#respond"]}]},{"@type":"WebPage","@id":"https:\/\/baptistetellier.fr\/index.php\/2021\/10\/06\/video-integration-de-pulse-dans-la-vspc\/","url":"https:\/\/baptistetellier.fr\/index.php\/2021\/10\/06\/video-integration-de-pulse-dans-la-vspc\/","name":"Vid\u00e9o - int\u00e9gration de Pulse dans la VSPC - Baptiste Tellier","isPartOf":{"@id":"https:\/\/baptistetellier.fr\/#website"},"primaryImageOfPage":{"@id":"https:\/\/baptistetellier.fr\/index.php\/2021\/10\/06\/video-integration-de-pulse-dans-la-vspc\/#primaryimage"},"image":{"@id":"https:\/\/baptistetellier.fr\/index.php\/2021\/10\/06\/video-integration-de-pulse-dans-la-vspc\/#primaryimage"},"thumbnailUrl":"https:\/\/baptistetellier.fr\/wp-content\/uploads\/2021\/10\/2021-10-06-17_23_47-Veeam_All_In_One_v10_VAC4_VBO4_VCSP.pptx-PowerPoint.png","datePublished":"2021-10-06T15:26:27+00:00","description":"Baptiste Tellier Vid\u00e9o - int\u00e9gration de Pulse dans la VSPC - Veeam - Focus sur les VCSP - Veeam Cloud Service Provider about Veeam Cloud Connect and more !","breadcrumb":{"@id":"https:\/\/baptistetellier.fr\/index.php\/2021\/10\/06\/video-integration-de-pulse-dans-la-vspc\/#breadcrumb"},"inLanguage":"fr-FR","potentialAction":[{"@type":"ReadAction","target":["https:\/\/baptistetellier.fr\/index.php\/2021\/10\/06\/video-integration-de-pulse-dans-la-vspc\/"]}]},{"@type":"ImageObject","inLanguage":"fr-FR","@id":"https:\/\/baptistetellier.fr\/index.php\/2021\/10\/06\/video-integration-de-pulse-dans-la-vspc\/#primaryimage","url":"https:\/\/baptistetellier.fr\/wp-content\/uploads\/2021\/10\/2021-10-06-17_23_47-Veeam_All_In_One_v10_VAC4_VBO4_VCSP.pptx-PowerPoint.png","contentUrl":"https:\/\/baptistetellier.fr\/wp-content\/uploads\/2021\/10\/2021-10-06-17_23_47-Veeam_All_In_One_v10_VAC4_VBO4_VCSP.pptx-PowerPoint.png","width":1196,"height":676},{"@type":"BreadcrumbList","@id":"https:\/\/baptistetellier.fr\/index.php\/2021\/10\/06\/video-integration-de-pulse-dans-la-vspc\/#breadcrumb","itemListElement":[{"@type":"ListItem","position":1,"name":"Accueil","item":"https:\/\/baptistetellier.fr\/"},{"@type":"ListItem","position":2,"name":"Vid\u00e9o &#8211; int\u00e9gration de Pulse dans la VSPC"}]},{"@type":"WebSite","@id":"https:\/\/baptistetellier.fr\/#website","url":"https:\/\/baptistetellier.fr\/","name":"Baptiste Tellier","description":"","publisher":{"@id":"https:\/\/baptistetellier.fr\/#\/schema\/person\/0e3e43784261c58dd916e9f0a1673541"},"potentialAction":[{"@type":"SearchAction","target":{"@type":"EntryPoint","urlTemplate":"https:\/\/baptistetellier.fr\/?s={search_term_string}"},"query-input":{"@type":"PropertyValueSpecification","valueRequired":true,"valueName":"search_term_string"}}],"inLanguage":"fr-FR"},{"@type":["Person","Organization"],"@id":"https:\/\/baptistetellier.fr\/#\/schema\/person\/0e3e43784261c58dd916e9f0a1673541","name":"Baptiste Tellier","image":{"@type":"ImageObject","inLanguage":"fr-FR","@id":"https:\/\/baptistetellier.fr\/wp-content\/uploads\/2020\/09\/20190315_110256-2.jpg","url":"https:\/\/baptistetellier.fr\/wp-content\/uploads\/2020\/09\/20190315_110256-2.jpg","contentUrl":"https:\/\/baptistetellier.fr\/wp-content\/uploads\/2020\/09\/20190315_110256-2.jpg","width":2025,"height":1562,"caption":"Baptiste Tellier"},"logo":{"@id":"https:\/\/baptistetellier.fr\/wp-content\/uploads\/2020\/09\/20190315_110256-2.jpg"}}]}},"_links":{"self":[{"href":"https:\/\/baptistetellier.fr\/index.php\/wp-json\/wp\/v2\/posts\/574","targetHints":{"allow":["GET"]}}],"collection":[{"href":"https:\/\/baptistetellier.fr\/index.php\/wp-json\/wp\/v2\/posts"}],"about":[{"href":"https:\/\/baptistetellier.fr\/index.php\/wp-json\/wp\/v2\/types\/post"}],"author":[{"embeddable":true,"href":"https:\/\/baptistetellier.fr\/index.php\/wp-json\/wp\/v2\/users\/1"}],"replies":[{"embeddable":true,"href":"https:\/\/baptistetellier.fr\/index.php\/wp-json\/wp\/v2\/comments?post=574"}],"version-history":[{"count":1,"href":"https:\/\/baptistetellier.fr\/index.php\/wp-json\/wp\/v2\/posts\/574\/revisions"}],"predecessor-version":[{"id":576,"href":"https:\/\/baptistetellier.fr\/index.php\/wp-json\/wp\/v2\/posts\/574\/revisions\/576"}],"wp:featuredmedia":[{"embeddable":true,"href":"https:\/\/baptistetellier.fr\/index.php\/wp-json\/wp\/v2\/media\/575"}],"wp:attachment":[{"href":"https:\/\/baptistetellier.fr\/index.php\/wp-json\/wp\/v2\/media?parent=574"}],"wp:term":[{"taxonomy":"category","embeddable":true,"href":"https:\/\/baptistetellier.fr\/index.php\/wp-json\/wp\/v2\/categories?post=574"},{"taxonomy":"post_tag","embeddable":true,"href":"https:\/\/baptistetellier.fr\/index.php\/wp-json\/wp\/v2\/tags?post=574"}],"curies":[{"name":"wp","href":"https:\/\/api.w.org\/{rel}","templated":true}]}}