{"id":469,"date":"2021-07-16T14:00:27","date_gmt":"2021-07-16T12:00:27","guid":{"rendered":"https:\/\/baptistetellier.fr\/?p=469"},"modified":"2022-11-15T13:33:01","modified_gmt":"2022-11-15T12:33:01","slug":"veeam-cloud-connect-en-formation-video","status":"publish","type":"post","link":"https:\/\/baptistetellier.fr\/index.php\/2021\/07\/16\/veeam-cloud-connect-en-formation-video\/","title":{"rendered":"Veeam Cloud Connect Backup en formation vid\u00e9o !"},"content":{"rendered":"<p>Bonjour \u00e0 tous,<\/p>\n<p>J&rsquo;ai eu beaucoup de retour positif sur <a href=\"https:\/\/baptistetellier.fr\/index.php\/2020\/05\/26\/veeam-service-provider-console-en-5-videos-de-formation\/\" target=\"_blank\" rel=\"noopener\">les vid\u00e9os de formation de la VSPC<\/a>, il me semblait donc pertinent de faire de m\u00eame avec son moteur : Cloud Connect !<\/p>\n<div>Je pr\u00e9vois le step by step d&rsquo;installation et configuration apr\u00e8s mes vacances ainsi que la partie r\u00e9plication et pourquoi pas de nouvelles vid\u00e9os sur la VSPC : Gestion des alarmes, MFA, facturation de l&rsquo;insider protection etc&#8230;<\/div>\n<div><\/div>\n<div>Sans plus attendre, voici les vid\u00e9os et en commentaire l&rsquo;horodatage si besoin.<\/div>\n<p><iframe loading=\"lazy\" title=\"YouTube video player\" src=\"https:\/\/www.youtube.com\/embed\/-VeRsaOX6EE\" width=\"560\" height=\"315\" frameborder=\"0\" allowfullscreen=\"allowfullscreen\"><\/iframe><\/p>\n<p><strong>New 16\/07 : voici la vid\u00e9o de formation N\u00b02 sur la configuration de Cloud Connect Backup \ud83d\ude09<\/strong><\/p>\n<p><iframe loading=\"lazy\" title=\"YouTube video player\" src=\"https:\/\/www.youtube.com\/embed\/5cLeCa6lCfc\" width=\"560\" height=\"315\" frameborder=\"0\" allowfullscreen=\"allowfullscreen\"><\/iframe><\/p>\n<p>Vous pourriez aimer :<\/p>\n<p><a href=\"https:\/\/baptistetellier.fr\/index.php\/2022\/11\/15\/veeam-cloud-connect-replication-fonctionnement-et-sizing\/\" target=\"_blank\" rel=\"noopener\">VEEAM CLOUD CONNECT REPLICATION : FONCTIONNEMENT ET SIZING<\/a><\/p>\n<p>Prenez soin de vous !<\/p>\n<p>&nbsp;<\/p>\n","protected":false},"excerpt":{"rendered":"<p>Bonjour \u00e0 tous, J&rsquo;ai eu beaucoup de retour positif sur les vid\u00e9os de formation de la VSPC, il me semblait donc pertinent de faire de m\u00eame avec son moteur : Cloud Connect ! Je pr\u00e9vois le step by step d&rsquo;installation et configuration apr\u00e8s mes vacances ainsi que la partie r\u00e9plication et pourquoi pas de nouvelles vid\u00e9os sur la VSPC : Gestion des alarmes, MFA, facturation de l&rsquo;insider protection etc&#8230; Sans plus attendre, voici les vid\u00e9os et en commentaire l&rsquo;horodatage si&#8230;<\/p>\n<p class=\"read-more\"><a class=\"btn btn-default\" href=\"https:\/\/baptistetellier.fr\/index.php\/2021\/07\/16\/veeam-cloud-connect-en-formation-video\/\">Lire la suite<span class=\"screen-reader-text\"> Lire la suite<\/span><\/a><\/p>\n","protected":false},"author":1,"featured_media":474,"comment_status":"open","ping_status":"open","sticky":false,"template":"","format":"standard","meta":{"_monsterinsights_skip_tracking":false,"_monsterinsights_sitenote_active":false,"_monsterinsights_sitenote_note":"","_monsterinsights_sitenote_category":0,"footnotes":""},"categories":[49,2],"tags":[16,13,19,36,12,18,17,25],"class_list":["post-469","post","type-post","status-publish","format-standard","has-post-thumbnail","hentry","category-vcc","category-veeam","tag-cloud","tag-cloud-connect","tag-cloud-provider","tag-repository","tag-vcc","tag-vcsp","tag-veeam","tag-veeam-backup"],"yoast_head":"<!-- This site is optimized with the Yoast SEO plugin v27.4 - https:\/\/yoast.com\/product\/yoast-seo-wordpress\/ -->\n<title>Veeam Cloud Connect Backup en formation vid\u00e9o ! - Baptiste Tellier<\/title>\n<meta name=\"description\" content=\"Baptiste Tellier Veeam Cloud Connect Backup en formation vid\u00e9o ! - VCC - Focus sur les VCSP - Veeam Cloud Service Provider about Veeam Cloud Connect and more !\" \/>\n<meta name=\"robots\" content=\"index, follow, max-snippet:-1, max-image-preview:large, max-video-preview:-1\" \/>\n<link rel=\"canonical\" href=\"https:\/\/baptistetellier.fr\/index.php\/2021\/07\/16\/veeam-cloud-connect-en-formation-video\/\" \/>\n<meta property=\"og:locale\" content=\"fr_FR\" \/>\n<meta property=\"og:type\" content=\"article\" \/>\n<meta property=\"og:title\" content=\"Veeam Cloud Connect Backup en formation vid\u00e9o ! - Baptiste Tellier\" \/>\n<meta property=\"og:description\" content=\"Baptiste Tellier Veeam Cloud Connect Backup en formation vid\u00e9o ! - VCC - Focus sur les VCSP - Veeam Cloud Service Provider about Veeam Cloud Connect and more !\" \/>\n<meta property=\"og:url\" content=\"https:\/\/baptistetellier.fr\/index.php\/2021\/07\/16\/veeam-cloud-connect-en-formation-video\/\" \/>\n<meta property=\"og:site_name\" content=\"Baptiste Tellier\" \/>\n<meta property=\"article:published_time\" content=\"2021-07-16T12:00:27+00:00\" \/>\n<meta property=\"article:modified_time\" content=\"2022-11-15T12:33:01+00:00\" \/>\n<meta property=\"og:image\" content=\"https:\/\/baptistetellier.fr\/wp-content\/uploads\/2021\/04\/2021-04-29-12_24_36-VCC-Formation-N\u00b01-Presentation-et-Sizing-de-Veeam-Cloud-Connect-Backup-YouTu-1.png\" \/>\n\t<meta property=\"og:image:width\" content=\"1272\" \/>\n\t<meta property=\"og:image:height\" content=\"706\" \/>\n\t<meta property=\"og:image:type\" content=\"image\/png\" \/>\n<meta name=\"author\" content=\"Baptiste Tellier\" \/>\n<meta name=\"twitter:card\" content=\"summary_large_image\" \/>\n<meta name=\"twitter:label1\" content=\"\u00c9crit par\" \/>\n\t<meta name=\"twitter:data1\" content=\"Baptiste Tellier\" \/>\n\t<meta name=\"twitter:label2\" content=\"Dur\u00e9e de lecture estim\u00e9e\" \/>\n\t<meta name=\"twitter:data2\" content=\"1 minute\" \/>\n<script type=\"application\/ld+json\" class=\"yoast-schema-graph\">{\"@context\":\"https:\\\/\\\/schema.org\",\"@graph\":[{\"@type\":\"Article\",\"@id\":\"https:\\\/\\\/baptistetellier.fr\\\/index.php\\\/2021\\\/07\\\/16\\\/veeam-cloud-connect-en-formation-video\\\/#article\",\"isPartOf\":{\"@id\":\"https:\\\/\\\/baptistetellier.fr\\\/index.php\\\/2021\\\/07\\\/16\\\/veeam-cloud-connect-en-formation-video\\\/\"},\"author\":{\"name\":\"Baptiste Tellier\",\"@id\":\"https:\\\/\\\/baptistetellier.fr\\\/#\\\/schema\\\/person\\\/0e3e43784261c58dd916e9f0a1673541\"},\"headline\":\"Veeam Cloud Connect Backup en formation vid\u00e9o !\",\"datePublished\":\"2021-07-16T12:00:27+00:00\",\"dateModified\":\"2022-11-15T12:33:01+00:00\",\"mainEntityOfPage\":{\"@id\":\"https:\\\/\\\/baptistetellier.fr\\\/index.php\\\/2021\\\/07\\\/16\\\/veeam-cloud-connect-en-formation-video\\\/\"},\"wordCount\":126,\"commentCount\":7,\"publisher\":{\"@id\":\"https:\\\/\\\/baptistetellier.fr\\\/#\\\/schema\\\/person\\\/0e3e43784261c58dd916e9f0a1673541\"},\"image\":{\"@id\":\"https:\\\/\\\/baptistetellier.fr\\\/index.php\\\/2021\\\/07\\\/16\\\/veeam-cloud-connect-en-formation-video\\\/#primaryimage\"},\"thumbnailUrl\":\"https:\\\/\\\/baptistetellier.fr\\\/wp-content\\\/uploads\\\/2021\\\/04\\\/2021-04-29-12_24_36-VCC-Formation-N\u00b01-Presentation-et-Sizing-de-Veeam-Cloud-Connect-Backup-YouTu-1.png\",\"keywords\":[\"Cloud\",\"Cloud Connect\",\"Cloud provider\",\"repository\",\"VCC\",\"VCSP\",\"Veeam\",\"Veeam Backup\"],\"articleSection\":[\"VCC\",\"Veeam\"],\"inLanguage\":\"fr-FR\",\"potentialAction\":[{\"@type\":\"CommentAction\",\"name\":\"Comment\",\"target\":[\"https:\\\/\\\/baptistetellier.fr\\\/index.php\\\/2021\\\/07\\\/16\\\/veeam-cloud-connect-en-formation-video\\\/#respond\"]}]},{\"@type\":\"WebPage\",\"@id\":\"https:\\\/\\\/baptistetellier.fr\\\/index.php\\\/2021\\\/07\\\/16\\\/veeam-cloud-connect-en-formation-video\\\/\",\"url\":\"https:\\\/\\\/baptistetellier.fr\\\/index.php\\\/2021\\\/07\\\/16\\\/veeam-cloud-connect-en-formation-video\\\/\",\"name\":\"Veeam Cloud Connect Backup en formation vid\u00e9o ! - Baptiste Tellier\",\"isPartOf\":{\"@id\":\"https:\\\/\\\/baptistetellier.fr\\\/#website\"},\"primaryImageOfPage\":{\"@id\":\"https:\\\/\\\/baptistetellier.fr\\\/index.php\\\/2021\\\/07\\\/16\\\/veeam-cloud-connect-en-formation-video\\\/#primaryimage\"},\"image\":{\"@id\":\"https:\\\/\\\/baptistetellier.fr\\\/index.php\\\/2021\\\/07\\\/16\\\/veeam-cloud-connect-en-formation-video\\\/#primaryimage\"},\"thumbnailUrl\":\"https:\\\/\\\/baptistetellier.fr\\\/wp-content\\\/uploads\\\/2021\\\/04\\\/2021-04-29-12_24_36-VCC-Formation-N\u00b01-Presentation-et-Sizing-de-Veeam-Cloud-Connect-Backup-YouTu-1.png\",\"datePublished\":\"2021-07-16T12:00:27+00:00\",\"dateModified\":\"2022-11-15T12:33:01+00:00\",\"description\":\"Baptiste Tellier Veeam Cloud Connect Backup en formation vid\u00e9o ! - VCC - Focus sur les VCSP - Veeam Cloud Service Provider about Veeam Cloud Connect and more !\",\"breadcrumb\":{\"@id\":\"https:\\\/\\\/baptistetellier.fr\\\/index.php\\\/2021\\\/07\\\/16\\\/veeam-cloud-connect-en-formation-video\\\/#breadcrumb\"},\"inLanguage\":\"fr-FR\",\"potentialAction\":[{\"@type\":\"ReadAction\",\"target\":[\"https:\\\/\\\/baptistetellier.fr\\\/index.php\\\/2021\\\/07\\\/16\\\/veeam-cloud-connect-en-formation-video\\\/\"]}]},{\"@type\":\"ImageObject\",\"inLanguage\":\"fr-FR\",\"@id\":\"https:\\\/\\\/baptistetellier.fr\\\/index.php\\\/2021\\\/07\\\/16\\\/veeam-cloud-connect-en-formation-video\\\/#primaryimage\",\"url\":\"https:\\\/\\\/baptistetellier.fr\\\/wp-content\\\/uploads\\\/2021\\\/04\\\/2021-04-29-12_24_36-VCC-Formation-N\u00b01-Presentation-et-Sizing-de-Veeam-Cloud-Connect-Backup-YouTu-1.png\",\"contentUrl\":\"https:\\\/\\\/baptistetellier.fr\\\/wp-content\\\/uploads\\\/2021\\\/04\\\/2021-04-29-12_24_36-VCC-Formation-N\u00b01-Presentation-et-Sizing-de-Veeam-Cloud-Connect-Backup-YouTu-1.png\",\"width\":1272,\"height\":706},{\"@type\":\"BreadcrumbList\",\"@id\":\"https:\\\/\\\/baptistetellier.fr\\\/index.php\\\/2021\\\/07\\\/16\\\/veeam-cloud-connect-en-formation-video\\\/#breadcrumb\",\"itemListElement\":[{\"@type\":\"ListItem\",\"position\":1,\"name\":\"Accueil\",\"item\":\"https:\\\/\\\/baptistetellier.fr\\\/\"},{\"@type\":\"ListItem\",\"position\":2,\"name\":\"Veeam Cloud Connect Backup en formation vid\u00e9o !\"}]},{\"@type\":\"WebSite\",\"@id\":\"https:\\\/\\\/baptistetellier.fr\\\/#website\",\"url\":\"https:\\\/\\\/baptistetellier.fr\\\/\",\"name\":\"Baptiste Tellier\",\"description\":\"\",\"publisher\":{\"@id\":\"https:\\\/\\\/baptistetellier.fr\\\/#\\\/schema\\\/person\\\/0e3e43784261c58dd916e9f0a1673541\"},\"potentialAction\":[{\"@type\":\"SearchAction\",\"target\":{\"@type\":\"EntryPoint\",\"urlTemplate\":\"https:\\\/\\\/baptistetellier.fr\\\/?s={search_term_string}\"},\"query-input\":{\"@type\":\"PropertyValueSpecification\",\"valueRequired\":true,\"valueName\":\"search_term_string\"}}],\"inLanguage\":\"fr-FR\"},{\"@type\":[\"Person\",\"Organization\"],\"@id\":\"https:\\\/\\\/baptistetellier.fr\\\/#\\\/schema\\\/person\\\/0e3e43784261c58dd916e9f0a1673541\",\"name\":\"Baptiste Tellier\",\"image\":{\"@type\":\"ImageObject\",\"inLanguage\":\"fr-FR\",\"@id\":\"https:\\\/\\\/baptistetellier.fr\\\/wp-content\\\/uploads\\\/2020\\\/09\\\/20190315_110256-2.jpg\",\"url\":\"https:\\\/\\\/baptistetellier.fr\\\/wp-content\\\/uploads\\\/2020\\\/09\\\/20190315_110256-2.jpg\",\"contentUrl\":\"https:\\\/\\\/baptistetellier.fr\\\/wp-content\\\/uploads\\\/2020\\\/09\\\/20190315_110256-2.jpg\",\"width\":2025,\"height\":1562,\"caption\":\"Baptiste Tellier\"},\"logo\":{\"@id\":\"https:\\\/\\\/baptistetellier.fr\\\/wp-content\\\/uploads\\\/2020\\\/09\\\/20190315_110256-2.jpg\"}}]}<\/script>\n<!-- \/ Yoast SEO plugin. -->","yoast_head_json":{"title":"Veeam Cloud Connect Backup en formation vid\u00e9o ! - Baptiste Tellier","description":"Baptiste Tellier Veeam Cloud Connect Backup en formation vid\u00e9o ! - VCC - Focus sur les VCSP - Veeam Cloud Service Provider about Veeam Cloud Connect and more !","robots":{"index":"index","follow":"follow","max-snippet":"max-snippet:-1","max-image-preview":"max-image-preview:large","max-video-preview":"max-video-preview:-1"},"canonical":"https:\/\/baptistetellier.fr\/index.php\/2021\/07\/16\/veeam-cloud-connect-en-formation-video\/","og_locale":"fr_FR","og_type":"article","og_title":"Veeam Cloud Connect Backup en formation vid\u00e9o ! - Baptiste Tellier","og_description":"Baptiste Tellier Veeam Cloud Connect Backup en formation vid\u00e9o ! - VCC - Focus sur les VCSP - Veeam Cloud Service Provider about Veeam Cloud Connect and more !","og_url":"https:\/\/baptistetellier.fr\/index.php\/2021\/07\/16\/veeam-cloud-connect-en-formation-video\/","og_site_name":"Baptiste Tellier","article_published_time":"2021-07-16T12:00:27+00:00","article_modified_time":"2022-11-15T12:33:01+00:00","og_image":[{"width":1272,"height":706,"url":"https:\/\/baptistetellier.fr\/wp-content\/uploads\/2021\/04\/2021-04-29-12_24_36-VCC-Formation-N\u00b01-Presentation-et-Sizing-de-Veeam-Cloud-Connect-Backup-YouTu-1.png","type":"image\/png"}],"author":"Baptiste Tellier","twitter_card":"summary_large_image","twitter_misc":{"\u00c9crit par":"Baptiste Tellier","Dur\u00e9e de lecture estim\u00e9e":"1 minute"},"schema":{"@context":"https:\/\/schema.org","@graph":[{"@type":"Article","@id":"https:\/\/baptistetellier.fr\/index.php\/2021\/07\/16\/veeam-cloud-connect-en-formation-video\/#article","isPartOf":{"@id":"https:\/\/baptistetellier.fr\/index.php\/2021\/07\/16\/veeam-cloud-connect-en-formation-video\/"},"author":{"name":"Baptiste Tellier","@id":"https:\/\/baptistetellier.fr\/#\/schema\/person\/0e3e43784261c58dd916e9f0a1673541"},"headline":"Veeam Cloud Connect Backup en formation vid\u00e9o !","datePublished":"2021-07-16T12:00:27+00:00","dateModified":"2022-11-15T12:33:01+00:00","mainEntityOfPage":{"@id":"https:\/\/baptistetellier.fr\/index.php\/2021\/07\/16\/veeam-cloud-connect-en-formation-video\/"},"wordCount":126,"commentCount":7,"publisher":{"@id":"https:\/\/baptistetellier.fr\/#\/schema\/person\/0e3e43784261c58dd916e9f0a1673541"},"image":{"@id":"https:\/\/baptistetellier.fr\/index.php\/2021\/07\/16\/veeam-cloud-connect-en-formation-video\/#primaryimage"},"thumbnailUrl":"https:\/\/baptistetellier.fr\/wp-content\/uploads\/2021\/04\/2021-04-29-12_24_36-VCC-Formation-N\u00b01-Presentation-et-Sizing-de-Veeam-Cloud-Connect-Backup-YouTu-1.png","keywords":["Cloud","Cloud Connect","Cloud provider","repository","VCC","VCSP","Veeam","Veeam Backup"],"articleSection":["VCC","Veeam"],"inLanguage":"fr-FR","potentialAction":[{"@type":"CommentAction","name":"Comment","target":["https:\/\/baptistetellier.fr\/index.php\/2021\/07\/16\/veeam-cloud-connect-en-formation-video\/#respond"]}]},{"@type":"WebPage","@id":"https:\/\/baptistetellier.fr\/index.php\/2021\/07\/16\/veeam-cloud-connect-en-formation-video\/","url":"https:\/\/baptistetellier.fr\/index.php\/2021\/07\/16\/veeam-cloud-connect-en-formation-video\/","name":"Veeam Cloud Connect Backup en formation vid\u00e9o ! - Baptiste Tellier","isPartOf":{"@id":"https:\/\/baptistetellier.fr\/#website"},"primaryImageOfPage":{"@id":"https:\/\/baptistetellier.fr\/index.php\/2021\/07\/16\/veeam-cloud-connect-en-formation-video\/#primaryimage"},"image":{"@id":"https:\/\/baptistetellier.fr\/index.php\/2021\/07\/16\/veeam-cloud-connect-en-formation-video\/#primaryimage"},"thumbnailUrl":"https:\/\/baptistetellier.fr\/wp-content\/uploads\/2021\/04\/2021-04-29-12_24_36-VCC-Formation-N\u00b01-Presentation-et-Sizing-de-Veeam-Cloud-Connect-Backup-YouTu-1.png","datePublished":"2021-07-16T12:00:27+00:00","dateModified":"2022-11-15T12:33:01+00:00","description":"Baptiste Tellier Veeam Cloud Connect Backup en formation vid\u00e9o ! - VCC - Focus sur les VCSP - Veeam Cloud Service Provider about Veeam Cloud Connect and more !","breadcrumb":{"@id":"https:\/\/baptistetellier.fr\/index.php\/2021\/07\/16\/veeam-cloud-connect-en-formation-video\/#breadcrumb"},"inLanguage":"fr-FR","potentialAction":[{"@type":"ReadAction","target":["https:\/\/baptistetellier.fr\/index.php\/2021\/07\/16\/veeam-cloud-connect-en-formation-video\/"]}]},{"@type":"ImageObject","inLanguage":"fr-FR","@id":"https:\/\/baptistetellier.fr\/index.php\/2021\/07\/16\/veeam-cloud-connect-en-formation-video\/#primaryimage","url":"https:\/\/baptistetellier.fr\/wp-content\/uploads\/2021\/04\/2021-04-29-12_24_36-VCC-Formation-N\u00b01-Presentation-et-Sizing-de-Veeam-Cloud-Connect-Backup-YouTu-1.png","contentUrl":"https:\/\/baptistetellier.fr\/wp-content\/uploads\/2021\/04\/2021-04-29-12_24_36-VCC-Formation-N\u00b01-Presentation-et-Sizing-de-Veeam-Cloud-Connect-Backup-YouTu-1.png","width":1272,"height":706},{"@type":"BreadcrumbList","@id":"https:\/\/baptistetellier.fr\/index.php\/2021\/07\/16\/veeam-cloud-connect-en-formation-video\/#breadcrumb","itemListElement":[{"@type":"ListItem","position":1,"name":"Accueil","item":"https:\/\/baptistetellier.fr\/"},{"@type":"ListItem","position":2,"name":"Veeam Cloud Connect Backup en formation vid\u00e9o !"}]},{"@type":"WebSite","@id":"https:\/\/baptistetellier.fr\/#website","url":"https:\/\/baptistetellier.fr\/","name":"Baptiste Tellier","description":"","publisher":{"@id":"https:\/\/baptistetellier.fr\/#\/schema\/person\/0e3e43784261c58dd916e9f0a1673541"},"potentialAction":[{"@type":"SearchAction","target":{"@type":"EntryPoint","urlTemplate":"https:\/\/baptistetellier.fr\/?s={search_term_string}"},"query-input":{"@type":"PropertyValueSpecification","valueRequired":true,"valueName":"search_term_string"}}],"inLanguage":"fr-FR"},{"@type":["Person","Organization"],"@id":"https:\/\/baptistetellier.fr\/#\/schema\/person\/0e3e43784261c58dd916e9f0a1673541","name":"Baptiste Tellier","image":{"@type":"ImageObject","inLanguage":"fr-FR","@id":"https:\/\/baptistetellier.fr\/wp-content\/uploads\/2020\/09\/20190315_110256-2.jpg","url":"https:\/\/baptistetellier.fr\/wp-content\/uploads\/2020\/09\/20190315_110256-2.jpg","contentUrl":"https:\/\/baptistetellier.fr\/wp-content\/uploads\/2020\/09\/20190315_110256-2.jpg","width":2025,"height":1562,"caption":"Baptiste Tellier"},"logo":{"@id":"https:\/\/baptistetellier.fr\/wp-content\/uploads\/2020\/09\/20190315_110256-2.jpg"}}]}},"_links":{"self":[{"href":"https:\/\/baptistetellier.fr\/index.php\/wp-json\/wp\/v2\/posts\/469","targetHints":{"allow":["GET"]}}],"collection":[{"href":"https:\/\/baptistetellier.fr\/index.php\/wp-json\/wp\/v2\/posts"}],"about":[{"href":"https:\/\/baptistetellier.fr\/index.php\/wp-json\/wp\/v2\/types\/post"}],"author":[{"embeddable":true,"href":"https:\/\/baptistetellier.fr\/index.php\/wp-json\/wp\/v2\/users\/1"}],"replies":[{"embeddable":true,"href":"https:\/\/baptistetellier.fr\/index.php\/wp-json\/wp\/v2\/comments?post=469"}],"version-history":[{"count":12,"href":"https:\/\/baptistetellier.fr\/index.php\/wp-json\/wp\/v2\/posts\/469\/revisions"}],"predecessor-version":[{"id":777,"href":"https:\/\/baptistetellier.fr\/index.php\/wp-json\/wp\/v2\/posts\/469\/revisions\/777"}],"wp:featuredmedia":[{"embeddable":true,"href":"https:\/\/baptistetellier.fr\/index.php\/wp-json\/wp\/v2\/media\/474"}],"wp:attachment":[{"href":"https:\/\/baptistetellier.fr\/index.php\/wp-json\/wp\/v2\/media?parent=469"}],"wp:term":[{"taxonomy":"category","embeddable":true,"href":"https:\/\/baptistetellier.fr\/index.php\/wp-json\/wp\/v2\/categories?post=469"},{"taxonomy":"post_tag","embeddable":true,"href":"https:\/\/baptistetellier.fr\/index.php\/wp-json\/wp\/v2\/tags?post=469"}],"curies":[{"name":"wp","href":"https:\/\/api.w.org\/{rel}","templated":true}]}}