{"id":432,"date":"2021-04-07T13:40:58","date_gmt":"2021-04-07T11:40:58","guid":{"rendered":"https:\/\/baptistetellier.fr\/?p=432"},"modified":"2021-04-09T10:23:39","modified_gmt":"2021-04-09T08:23:39","slug":"comment-faire-de-la-veille-technologique-sur-veeam","status":"publish","type":"post","link":"https:\/\/baptistetellier.fr\/index.php\/2021\/04\/07\/comment-faire-de-la-veille-technologique-sur-veeam\/","title":{"rendered":"Comment faire de la veille technologique sur Veeam ?"},"content":{"rendered":"<p>Bonjour \u00e0 tous,<\/p>\n<p>Un sujet un peu moins technique pour cet article mais tout aussi important puisqu&rsquo;on va parler des diff\u00e9rents relais de communications disponibles pour suivre l&rsquo;activit\u00e9s et les sorties produits de Veeam.<\/p>\n<p>Pourquoi c&rsquo;est important de faire de la veille technologique :<\/p>\n<ul>\n<li>D&rsquo;un point de vue s\u00e9curit\u00e9 des donn\u00e9es, une infrastructure Veeam avec le dernier niveau de patch limite le risque de perte de donn\u00e9es<\/li>\n<li>Connaitre les nouvelles fonctionnalit\u00e9s peut permet d&rsquo;am\u00e9liorer la qualit\u00e9 de service tout en r\u00e9duisant les t\u00e2ches de maintient en condition op\u00e9rationnel<\/li>\n<li>Suivre les nouveaut\u00e9s logiciels permet de proposer de nouvelles offres au catalogue et r\u00e9pondre \u00e0 de nouveaux besoins client<\/li>\n<\/ul>\n<p>Maintenant, \u00e0 vos favoris !<\/p>\n<h3>1 &#8211; Le forum de la R&amp;D :<\/h3>\n<p style=\"text-align: left;\"><a href=\"https:\/\/forums.veeam.com\/\" target=\"_blank\" rel=\"noopener\">https:\/\/forums.veeam.com\/<\/a><\/p>\n<p style=\"text-align: left;\">Saint Graal pour \u00e9changer directement avec les chefs produits et poser diverses questions techniques au sachant de Veeam, il faut imp\u00e9rativement vous y inscrire car certain \u00ab\u00a0sticky thread\u00a0\u00bb sont tr\u00e8s importants.<\/p>\n<p>De plus, lorsque vous vous inscrivez au forum, vous allez recevoir tous les lundis matin la newsletter d&rsquo;Anton Gostev le VP R&amp;D de Veeam sur plein de sujet int\u00e9ressant.<\/p>\n<p style=\"text-align: left;\"><strong>Ultimate FAQ<\/strong> (mise \u00e0 jours v11) : <a href=\"https:\/\/forums.veeam.com\/veeam-backup-replication-f2\/read-this-first-frequently-asked-questions-v7-t17633.html\" target=\"_blank\" rel=\"noopener\">https:\/\/forums.veeam.com\/veeam-backup-replication-f2\/read-this-first-frequently-asked-questions-v7-t17633.html<\/a><\/p>\n<p style=\"text-align: left;\"><strong>Suivie de version<\/strong> : <a href=\"https:\/\/forums.veeam.com\/veeam-backup-replication-f2\/current-version-t9456.html\" target=\"_blank\" rel=\"noopener\">https:\/\/forums.veeam.com\/veeam-backup-replication-f2\/current-version-t9456.html<\/a><\/p>\n<p style=\"text-align: left;\"><strong>Top issue tracker v11<\/strong> : <a href=\"https:\/\/forums.veeam.com\/veeam-backup-replication-f2\/top-issues-tracker-t72418.html\" target=\"_blank\" rel=\"noopener\">https:\/\/forums.veeam.com\/veeam-backup-replication-f2\/top-issues-tracker-t72418.html<\/a><\/p>\n<p style=\"text-align: left;\">De m\u00eame pour <strong>les autres produits comme AHV<\/strong> : <a href=\"https:\/\/forums.veeam.com\/nutanix-ahv-f51\/current-version-is-2-1-396-t54885.html\" target=\"_blank\" rel=\"noopener\">https:\/\/forums.veeam.com\/nutanix-ahv-f51\/current-version-is-2-1-396-t54885.html<\/a><\/p>\n<h3>2 &#8211; Le sous-forum exclusif VCSP<\/h3>\n<p>Si vous n&rsquo;en faite pas encore parti, il faut se rendre sur : \u00ab\u00a0User Control Panel\u00a0\u00bb au niveau de votre pseudo<\/p>\n<p><a href=\"https:\/\/baptistetellier.fr\/wp-content\/uploads\/2021\/04\/2021-04-07-12_56_42-Veeam-RD-Forums.png\"><img loading=\"lazy\" decoding=\"async\" class=\"alignnone wp-image-433 size-medium\" src=\"https:\/\/baptistetellier.fr\/wp-content\/uploads\/2021\/04\/2021-04-07-12_56_42-Veeam-RD-Forums-300x110.png\" alt=\"\" width=\"300\" height=\"110\" srcset=\"https:\/\/baptistetellier.fr\/wp-content\/uploads\/2021\/04\/2021-04-07-12_56_42-Veeam-RD-Forums-300x110.png 300w, https:\/\/baptistetellier.fr\/wp-content\/uploads\/2021\/04\/2021-04-07-12_56_42-Veeam-RD-Forums.png 570w\" sizes=\"auto, (max-width: 300px) 100vw, 300px\" \/><\/a><\/p>\n<p>Puis \u00ab\u00a0Usergroupe\u00a0\u00bb et joint \u00ab\u00a0Cloud &amp; Service Providers\u00a0\u00bb<\/p>\n<p><a href=\"https:\/\/baptistetellier.fr\/wp-content\/uploads\/2021\/04\/2021-04-07-12_57_44-Veeam-RD-ForumsUser-Control-Panel-.png\"><img loading=\"lazy\" decoding=\"async\" class=\"alignnone wp-image-434 size-large\" src=\"https:\/\/baptistetellier.fr\/wp-content\/uploads\/2021\/04\/2021-04-07-12_57_44-Veeam-RD-ForumsUser-Control-Panel--1024x484.png\" alt=\"\" width=\"640\" height=\"303\" srcset=\"https:\/\/baptistetellier.fr\/wp-content\/uploads\/2021\/04\/2021-04-07-12_57_44-Veeam-RD-ForumsUser-Control-Panel--1024x484.png 1024w, https:\/\/baptistetellier.fr\/wp-content\/uploads\/2021\/04\/2021-04-07-12_57_44-Veeam-RD-ForumsUser-Control-Panel--300x142.png 300w, https:\/\/baptistetellier.fr\/wp-content\/uploads\/2021\/04\/2021-04-07-12_57_44-Veeam-RD-ForumsUser-Control-Panel--768x363.png 768w, https:\/\/baptistetellier.fr\/wp-content\/uploads\/2021\/04\/2021-04-07-12_57_44-Veeam-RD-ForumsUser-Control-Panel--1536x726.png 1536w, https:\/\/baptistetellier.fr\/wp-content\/uploads\/2021\/04\/2021-04-07-12_57_44-Veeam-RD-ForumsUser-Control-Panel--2048x968.png 2048w, https:\/\/baptistetellier.fr\/wp-content\/uploads\/2021\/04\/2021-04-07-12_57_44-Veeam-RD-ForumsUser-Control-Panel--571x270.png 571w\" sizes=\"auto, (max-width: 640px) 100vw, 640px\" \/><\/a><\/p>\n<p style=\"text-align: left;\"><strong>VCC Top issues tracker &amp; versions :<\/strong> <a href=\"https:\/\/forums.veeam.com\/veeam-cloud-providers-forum-f34\/cloud-connect-known-issues-and-fixes-t72046.html\" target=\"_blank\" rel=\"noopener\">https:\/\/forums.veeam.com\/veeam-cloud-providers-forum-f34\/cloud-connect-known-issues-and-fixes-t72046.html<\/a><\/p>\n<p style=\"text-align: left;\"><strong>VSPC patch lists<\/strong> : <a href=\"https:\/\/forums.veeam.com\/veeam-service-provider-console-f42\/latest-patch-march-4-2021-t72566.html\" target=\"_blank\" rel=\"noopener\">https:\/\/forums.veeam.com\/veeam-service-provider-console-f42\/latest-patch-march-4-2021-t72566.html<\/a><\/p>\n<h3>3 &#8211; La base de connaissance de KB<\/h3>\n<p><a href=\"https:\/\/www.veeam.com\/knowledge-base.html\" target=\"_blank\" rel=\"noopener\">https:\/\/www.veeam.com\/knowledge-base.html<\/a><\/p>\n<p>Et figur\u00e9 vous que cette page existe en <strong>flux RSS<\/strong> ! <a href=\"https:\/\/www.veeam.com\/services\/open\/kb\/rss-feed\" target=\"_blank\" rel=\"noopener\">https:\/\/www.veeam.com\/services\/open\/kb\/rss-feed<\/a><\/p>\n<p>Le kb de la v11 r\u00e9f\u00e9rence en continue les patchs qui y sont appliqu\u00e9 : <a href=\"https:\/\/www.veeam.com\/kb4126\" target=\"_blank\" rel=\"noopener\">https:\/\/www.veeam.com\/kb4126<\/a><\/p>\n<p>Cette page r\u00e9f\u00e9rence tous les KBs disponibles pour les diff\u00e9rents produits.<\/p>\n<h3><strong>4 &#8211; Veeam User Group<\/strong><\/h3>\n<p><a href=\"https:\/\/community.veeam.com\/groups\/vug-france-72\" target=\"_blank\" rel=\"noopener\">https:\/\/community.veeam.com\/groups\/vug-france-72<\/a><\/p>\n<p>Moins technique que le forum de la R&amp;D et plus ax\u00e9 sur les retours d&rsquo;experiences et les modes op\u00e9ratoires, je vous ai mis le lien vers la section France mais n&rsquo;h\u00e9sitez pas \u00e0 vous balader \ud83d\ude09<\/p>\n<h3><strong>5 &#8211; Les webinaires enregistr\u00e9s<\/strong><\/h3>\n<p><a href=\"https:\/\/propartner.veeam.com\/webinars\/\" target=\"_blank\" rel=\"noopener\">https:\/\/propartner.veeam.com\/webinars\/<\/a><\/p>\n<p>En tant que partenaire Veeam, vous avez acc\u00e8s a un catalogue tr\u00e8s fourni de webinaires enregistr\u00e9es pour vous former sur certaines fonctionnalit\u00e9s.<\/p>\n<h3>6 &#8211; les blogs de l&rsquo;\u00e9cosyst\u00e8me Veeam<\/h3>\n<p>Je vous recommande d&rsquo;agr\u00e9ger les flux RSS ;).<\/p>\n<p><a href=\"https:\/\/www.virtualtothecore.com\/\" target=\"_blank\" rel=\"noopener\">https:\/\/www.virtualtothecore.com\/<\/a><\/p>\n<p><a href=\"https:\/\/jorgedelacruz.uk\/\" target=\"_blank\" rel=\"noopener\">https:\/\/jorgedelacruz.uk\/<\/a><\/p>\n<p><a href=\"https:\/\/rhyshammond.com\/\" target=\"_blank\" rel=\"noopener\">https:\/\/rhyshammond.com\/<\/a><\/p>\n<p><a href=\"https:\/\/anthonyspiteri.net\/\" target=\"_blank\" rel=\"noopener\">https:\/\/anthonyspiteri.net\/<\/a><\/p>\n<p><a href=\"https:\/\/original-network.com\/\" target=\"_blank\" rel=\"noopener\">https:\/\/original-network.com\/<\/a><\/p>\n<p><a href=\"http:\/\/blog.dewin.me\/\" target=\"_blank\" rel=\"noopener\">http:\/\/blog.dewin.me\/<\/a><\/p>\n<p><a href=\"https:\/\/cloudoasis.com.au\/\" target=\"_blank\" rel=\"noopener\">https:\/\/cloudoasis.com.au\/<\/a><\/p>\n<p><a href=\"https:\/\/stevenonofaro.com\/category\/veeam\/\" target=\"_blank\" rel=\"noopener\">https:\/\/stevenonofaro.com\/category\/veeam\/<\/a><\/p>\n<p><a href=\"https:\/\/www.running-system.com\/category\/veeam\/\" target=\"_blank\" rel=\"noopener\">https:\/\/www.running-system.com\/category\/veeam\/<\/a><\/p>\n<p><a href=\"http:\/\/www.mritsurgeon.co.za\/\" target=\"_blank\" rel=\"noopener\">http:\/\/www.mritsurgeon.co.za\/\u00a0<\/a><\/p>\n<p><a href=\"https:\/\/foonet.be\/\" target=\"_blank\" rel=\"noopener\">https:\/\/foonet.be\/<\/a><\/p>\n<p><a href=\"https:\/\/vmiss.net\/\" target=\"_blank\" rel=\"noopener\">https:\/\/vmiss.net\/<\/a><\/p>\n<p>&nbsp;<\/p>\n<p>A tr\u00e8s bient\u00f4t pour une video sur la protection des donn\u00e9es contre les attaques \ud83d\ude09 !<\/p>\n","protected":false},"excerpt":{"rendered":"<p>Bonjour \u00e0 tous, Un sujet un peu moins technique pour cet article mais tout aussi important puisqu&rsquo;on va parler des diff\u00e9rents relais de communications disponibles pour suivre l&rsquo;activit\u00e9s et les sorties produits de Veeam. Pourquoi c&rsquo;est important de faire de la veille technologique : D&rsquo;un point de vue s\u00e9curit\u00e9 des donn\u00e9es, une infrastructure Veeam avec le dernier niveau de patch limite le risque de perte de donn\u00e9es Connaitre les nouvelles fonctionnalit\u00e9s peut permet d&rsquo;am\u00e9liorer la qualit\u00e9 de service tout en&#8230;<\/p>\n<p class=\"read-more\"><a class=\"btn btn-default\" href=\"https:\/\/baptistetellier.fr\/index.php\/2021\/04\/07\/comment-faire-de-la-veille-technologique-sur-veeam\/\">Lire la suite<span class=\"screen-reader-text\"> Lire la suite<\/span><\/a><\/p>\n","protected":false},"author":1,"featured_media":436,"comment_status":"open","ping_status":"open","sticky":false,"template":"","format":"standard","meta":{"_monsterinsights_skip_tracking":false,"_monsterinsights_sitenote_active":false,"_monsterinsights_sitenote_note":"","_monsterinsights_sitenote_category":0,"footnotes":""},"categories":[2],"tags":[26,16,13,19,41,42,38,18,17,25,15,39,40],"class_list":["post-432","post","type-post","status-publish","format-standard","has-post-thumbnail","hentry","category-veeam","tag-backup-replication","tag-cloud","tag-cloud-connect","tag-cloud-provider","tag-patch","tag-update","tag-v11","tag-vcsp","tag-veeam","tag-veeam-backup","tag-veeam-service-provider-console","tag-veille-techno","tag-veille-technologique"],"yoast_head":"<!-- This site is optimized with the Yoast SEO plugin v27.5 - https:\/\/yoast.com\/product\/yoast-seo-wordpress\/ -->\n<title>Comment faire de la veille technologique sur Veeam ? - Baptiste Tellier<\/title>\n<meta name=\"description\" content=\"Baptiste Tellier Comment faire de la veille technologique sur Veeam ? - Veeam - Focus sur les VCSP - Veeam Cloud Service Provider about Veeam Cloud Connect and more !\" \/>\n<meta name=\"robots\" content=\"index, follow, max-snippet:-1, max-image-preview:large, max-video-preview:-1\" \/>\n<link rel=\"canonical\" href=\"https:\/\/baptistetellier.fr\/index.php\/2021\/04\/07\/comment-faire-de-la-veille-technologique-sur-veeam\/\" \/>\n<meta property=\"og:locale\" content=\"fr_FR\" \/>\n<meta property=\"og:type\" content=\"article\" \/>\n<meta property=\"og:title\" content=\"Comment faire de la veille technologique sur Veeam ? - Baptiste Tellier\" \/>\n<meta property=\"og:description\" content=\"Baptiste Tellier Comment faire de la veille technologique sur Veeam ? - Veeam - Focus sur les VCSP - Veeam Cloud Service Provider about Veeam Cloud Connect and more !\" \/>\n<meta property=\"og:url\" content=\"https:\/\/baptistetellier.fr\/index.php\/2021\/04\/07\/comment-faire-de-la-veille-technologique-sur-veeam\/\" \/>\n<meta property=\"og:site_name\" content=\"Baptiste Tellier\" \/>\n<meta property=\"article:published_time\" content=\"2021-04-07T11:40:58+00:00\" \/>\n<meta property=\"article:modified_time\" content=\"2021-04-09T08:23:39+00:00\" \/>\n<meta property=\"og:image\" content=\"https:\/\/baptistetellier.fr\/wp-content\/uploads\/2021\/04\/news-1172463_1920.jpg\" \/>\n\t<meta property=\"og:image:width\" content=\"1920\" \/>\n\t<meta property=\"og:image:height\" content=\"1440\" \/>\n\t<meta property=\"og:image:type\" content=\"image\/jpeg\" \/>\n<meta name=\"author\" content=\"Baptiste Tellier\" \/>\n<meta name=\"twitter:card\" content=\"summary_large_image\" \/>\n<meta name=\"twitter:label1\" content=\"\u00c9crit par\" \/>\n\t<meta name=\"twitter:data1\" content=\"Baptiste Tellier\" \/>\n\t<meta name=\"twitter:label2\" content=\"Dur\u00e9e de lecture estim\u00e9e\" \/>\n\t<meta name=\"twitter:data2\" content=\"3 minutes\" \/>\n<script type=\"application\/ld+json\" class=\"yoast-schema-graph\">{\"@context\":\"https:\\\/\\\/schema.org\",\"@graph\":[{\"@type\":\"Article\",\"@id\":\"https:\\\/\\\/baptistetellier.fr\\\/index.php\\\/2021\\\/04\\\/07\\\/comment-faire-de-la-veille-technologique-sur-veeam\\\/#article\",\"isPartOf\":{\"@id\":\"https:\\\/\\\/baptistetellier.fr\\\/index.php\\\/2021\\\/04\\\/07\\\/comment-faire-de-la-veille-technologique-sur-veeam\\\/\"},\"author\":{\"name\":\"Baptiste Tellier\",\"@id\":\"https:\\\/\\\/baptistetellier.fr\\\/#\\\/schema\\\/person\\\/0e3e43784261c58dd916e9f0a1673541\"},\"headline\":\"Comment faire de la veille technologique sur Veeam ?\",\"datePublished\":\"2021-04-07T11:40:58+00:00\",\"dateModified\":\"2021-04-09T08:23:39+00:00\",\"mainEntityOfPage\":{\"@id\":\"https:\\\/\\\/baptistetellier.fr\\\/index.php\\\/2021\\\/04\\\/07\\\/comment-faire-de-la-veille-technologique-sur-veeam\\\/\"},\"wordCount\":555,\"commentCount\":0,\"publisher\":{\"@id\":\"https:\\\/\\\/baptistetellier.fr\\\/#\\\/schema\\\/person\\\/0e3e43784261c58dd916e9f0a1673541\"},\"image\":{\"@id\":\"https:\\\/\\\/baptistetellier.fr\\\/index.php\\\/2021\\\/04\\\/07\\\/comment-faire-de-la-veille-technologique-sur-veeam\\\/#primaryimage\"},\"thumbnailUrl\":\"https:\\\/\\\/baptistetellier.fr\\\/wp-content\\\/uploads\\\/2021\\\/04\\\/news-1172463_1920.jpg\",\"keywords\":[\"backup &amp; replication\",\"Cloud\",\"Cloud Connect\",\"Cloud provider\",\"patch\",\"update\",\"v11\",\"VCSP\",\"Veeam\",\"Veeam Backup\",\"Veeam service provider console\",\"Veille techno\",\"veille technologique\"],\"articleSection\":[\"Veeam\"],\"inLanguage\":\"fr-FR\",\"potentialAction\":[{\"@type\":\"CommentAction\",\"name\":\"Comment\",\"target\":[\"https:\\\/\\\/baptistetellier.fr\\\/index.php\\\/2021\\\/04\\\/07\\\/comment-faire-de-la-veille-technologique-sur-veeam\\\/#respond\"]}]},{\"@type\":\"WebPage\",\"@id\":\"https:\\\/\\\/baptistetellier.fr\\\/index.php\\\/2021\\\/04\\\/07\\\/comment-faire-de-la-veille-technologique-sur-veeam\\\/\",\"url\":\"https:\\\/\\\/baptistetellier.fr\\\/index.php\\\/2021\\\/04\\\/07\\\/comment-faire-de-la-veille-technologique-sur-veeam\\\/\",\"name\":\"Comment faire de la veille technologique sur Veeam ? - Baptiste Tellier\",\"isPartOf\":{\"@id\":\"https:\\\/\\\/baptistetellier.fr\\\/#website\"},\"primaryImageOfPage\":{\"@id\":\"https:\\\/\\\/baptistetellier.fr\\\/index.php\\\/2021\\\/04\\\/07\\\/comment-faire-de-la-veille-technologique-sur-veeam\\\/#primaryimage\"},\"image\":{\"@id\":\"https:\\\/\\\/baptistetellier.fr\\\/index.php\\\/2021\\\/04\\\/07\\\/comment-faire-de-la-veille-technologique-sur-veeam\\\/#primaryimage\"},\"thumbnailUrl\":\"https:\\\/\\\/baptistetellier.fr\\\/wp-content\\\/uploads\\\/2021\\\/04\\\/news-1172463_1920.jpg\",\"datePublished\":\"2021-04-07T11:40:58+00:00\",\"dateModified\":\"2021-04-09T08:23:39+00:00\",\"description\":\"Baptiste Tellier Comment faire de la veille technologique sur Veeam ? - Veeam - Focus sur les VCSP - Veeam Cloud Service Provider about Veeam Cloud Connect and more !\",\"breadcrumb\":{\"@id\":\"https:\\\/\\\/baptistetellier.fr\\\/index.php\\\/2021\\\/04\\\/07\\\/comment-faire-de-la-veille-technologique-sur-veeam\\\/#breadcrumb\"},\"inLanguage\":\"fr-FR\",\"potentialAction\":[{\"@type\":\"ReadAction\",\"target\":[\"https:\\\/\\\/baptistetellier.fr\\\/index.php\\\/2021\\\/04\\\/07\\\/comment-faire-de-la-veille-technologique-sur-veeam\\\/\"]}]},{\"@type\":\"ImageObject\",\"inLanguage\":\"fr-FR\",\"@id\":\"https:\\\/\\\/baptistetellier.fr\\\/index.php\\\/2021\\\/04\\\/07\\\/comment-faire-de-la-veille-technologique-sur-veeam\\\/#primaryimage\",\"url\":\"https:\\\/\\\/baptistetellier.fr\\\/wp-content\\\/uploads\\\/2021\\\/04\\\/news-1172463_1920.jpg\",\"contentUrl\":\"https:\\\/\\\/baptistetellier.fr\\\/wp-content\\\/uploads\\\/2021\\\/04\\\/news-1172463_1920.jpg\",\"width\":1920,\"height\":1440},{\"@type\":\"BreadcrumbList\",\"@id\":\"https:\\\/\\\/baptistetellier.fr\\\/index.php\\\/2021\\\/04\\\/07\\\/comment-faire-de-la-veille-technologique-sur-veeam\\\/#breadcrumb\",\"itemListElement\":[{\"@type\":\"ListItem\",\"position\":1,\"name\":\"Accueil\",\"item\":\"https:\\\/\\\/baptistetellier.fr\\\/\"},{\"@type\":\"ListItem\",\"position\":2,\"name\":\"Comment faire de la veille technologique sur Veeam ?\"}]},{\"@type\":\"WebSite\",\"@id\":\"https:\\\/\\\/baptistetellier.fr\\\/#website\",\"url\":\"https:\\\/\\\/baptistetellier.fr\\\/\",\"name\":\"Baptiste Tellier\",\"description\":\"\",\"publisher\":{\"@id\":\"https:\\\/\\\/baptistetellier.fr\\\/#\\\/schema\\\/person\\\/0e3e43784261c58dd916e9f0a1673541\"},\"potentialAction\":[{\"@type\":\"SearchAction\",\"target\":{\"@type\":\"EntryPoint\",\"urlTemplate\":\"https:\\\/\\\/baptistetellier.fr\\\/?s={search_term_string}\"},\"query-input\":{\"@type\":\"PropertyValueSpecification\",\"valueRequired\":true,\"valueName\":\"search_term_string\"}}],\"inLanguage\":\"fr-FR\"},{\"@type\":[\"Person\",\"Organization\"],\"@id\":\"https:\\\/\\\/baptistetellier.fr\\\/#\\\/schema\\\/person\\\/0e3e43784261c58dd916e9f0a1673541\",\"name\":\"Baptiste Tellier\",\"image\":{\"@type\":\"ImageObject\",\"inLanguage\":\"fr-FR\",\"@id\":\"https:\\\/\\\/baptistetellier.fr\\\/wp-content\\\/uploads\\\/2020\\\/09\\\/20190315_110256-2.jpg\",\"url\":\"https:\\\/\\\/baptistetellier.fr\\\/wp-content\\\/uploads\\\/2020\\\/09\\\/20190315_110256-2.jpg\",\"contentUrl\":\"https:\\\/\\\/baptistetellier.fr\\\/wp-content\\\/uploads\\\/2020\\\/09\\\/20190315_110256-2.jpg\",\"width\":2025,\"height\":1562,\"caption\":\"Baptiste Tellier\"},\"logo\":{\"@id\":\"https:\\\/\\\/baptistetellier.fr\\\/wp-content\\\/uploads\\\/2020\\\/09\\\/20190315_110256-2.jpg\"}}]}<\/script>\n<!-- \/ Yoast SEO plugin. -->","yoast_head_json":{"title":"Comment faire de la veille technologique sur Veeam ? - Baptiste Tellier","description":"Baptiste Tellier Comment faire de la veille technologique sur Veeam ? - Veeam - Focus sur les VCSP - Veeam Cloud Service Provider about Veeam Cloud Connect and more !","robots":{"index":"index","follow":"follow","max-snippet":"max-snippet:-1","max-image-preview":"max-image-preview:large","max-video-preview":"max-video-preview:-1"},"canonical":"https:\/\/baptistetellier.fr\/index.php\/2021\/04\/07\/comment-faire-de-la-veille-technologique-sur-veeam\/","og_locale":"fr_FR","og_type":"article","og_title":"Comment faire de la veille technologique sur Veeam ? - Baptiste Tellier","og_description":"Baptiste Tellier Comment faire de la veille technologique sur Veeam ? - Veeam - Focus sur les VCSP - Veeam Cloud Service Provider about Veeam Cloud Connect and more !","og_url":"https:\/\/baptistetellier.fr\/index.php\/2021\/04\/07\/comment-faire-de-la-veille-technologique-sur-veeam\/","og_site_name":"Baptiste Tellier","article_published_time":"2021-04-07T11:40:58+00:00","article_modified_time":"2021-04-09T08:23:39+00:00","og_image":[{"width":1920,"height":1440,"url":"https:\/\/baptistetellier.fr\/wp-content\/uploads\/2021\/04\/news-1172463_1920.jpg","type":"image\/jpeg"}],"author":"Baptiste Tellier","twitter_card":"summary_large_image","twitter_misc":{"\u00c9crit par":"Baptiste Tellier","Dur\u00e9e de lecture estim\u00e9e":"3 minutes"},"schema":{"@context":"https:\/\/schema.org","@graph":[{"@type":"Article","@id":"https:\/\/baptistetellier.fr\/index.php\/2021\/04\/07\/comment-faire-de-la-veille-technologique-sur-veeam\/#article","isPartOf":{"@id":"https:\/\/baptistetellier.fr\/index.php\/2021\/04\/07\/comment-faire-de-la-veille-technologique-sur-veeam\/"},"author":{"name":"Baptiste Tellier","@id":"https:\/\/baptistetellier.fr\/#\/schema\/person\/0e3e43784261c58dd916e9f0a1673541"},"headline":"Comment faire de la veille technologique sur Veeam ?","datePublished":"2021-04-07T11:40:58+00:00","dateModified":"2021-04-09T08:23:39+00:00","mainEntityOfPage":{"@id":"https:\/\/baptistetellier.fr\/index.php\/2021\/04\/07\/comment-faire-de-la-veille-technologique-sur-veeam\/"},"wordCount":555,"commentCount":0,"publisher":{"@id":"https:\/\/baptistetellier.fr\/#\/schema\/person\/0e3e43784261c58dd916e9f0a1673541"},"image":{"@id":"https:\/\/baptistetellier.fr\/index.php\/2021\/04\/07\/comment-faire-de-la-veille-technologique-sur-veeam\/#primaryimage"},"thumbnailUrl":"https:\/\/baptistetellier.fr\/wp-content\/uploads\/2021\/04\/news-1172463_1920.jpg","keywords":["backup &amp; replication","Cloud","Cloud Connect","Cloud provider","patch","update","v11","VCSP","Veeam","Veeam Backup","Veeam service provider console","Veille techno","veille technologique"],"articleSection":["Veeam"],"inLanguage":"fr-FR","potentialAction":[{"@type":"CommentAction","name":"Comment","target":["https:\/\/baptistetellier.fr\/index.php\/2021\/04\/07\/comment-faire-de-la-veille-technologique-sur-veeam\/#respond"]}]},{"@type":"WebPage","@id":"https:\/\/baptistetellier.fr\/index.php\/2021\/04\/07\/comment-faire-de-la-veille-technologique-sur-veeam\/","url":"https:\/\/baptistetellier.fr\/index.php\/2021\/04\/07\/comment-faire-de-la-veille-technologique-sur-veeam\/","name":"Comment faire de la veille technologique sur Veeam ? - Baptiste Tellier","isPartOf":{"@id":"https:\/\/baptistetellier.fr\/#website"},"primaryImageOfPage":{"@id":"https:\/\/baptistetellier.fr\/index.php\/2021\/04\/07\/comment-faire-de-la-veille-technologique-sur-veeam\/#primaryimage"},"image":{"@id":"https:\/\/baptistetellier.fr\/index.php\/2021\/04\/07\/comment-faire-de-la-veille-technologique-sur-veeam\/#primaryimage"},"thumbnailUrl":"https:\/\/baptistetellier.fr\/wp-content\/uploads\/2021\/04\/news-1172463_1920.jpg","datePublished":"2021-04-07T11:40:58+00:00","dateModified":"2021-04-09T08:23:39+00:00","description":"Baptiste Tellier Comment faire de la veille technologique sur Veeam ? - Veeam - Focus sur les VCSP - Veeam Cloud Service Provider about Veeam Cloud Connect and more !","breadcrumb":{"@id":"https:\/\/baptistetellier.fr\/index.php\/2021\/04\/07\/comment-faire-de-la-veille-technologique-sur-veeam\/#breadcrumb"},"inLanguage":"fr-FR","potentialAction":[{"@type":"ReadAction","target":["https:\/\/baptistetellier.fr\/index.php\/2021\/04\/07\/comment-faire-de-la-veille-technologique-sur-veeam\/"]}]},{"@type":"ImageObject","inLanguage":"fr-FR","@id":"https:\/\/baptistetellier.fr\/index.php\/2021\/04\/07\/comment-faire-de-la-veille-technologique-sur-veeam\/#primaryimage","url":"https:\/\/baptistetellier.fr\/wp-content\/uploads\/2021\/04\/news-1172463_1920.jpg","contentUrl":"https:\/\/baptistetellier.fr\/wp-content\/uploads\/2021\/04\/news-1172463_1920.jpg","width":1920,"height":1440},{"@type":"BreadcrumbList","@id":"https:\/\/baptistetellier.fr\/index.php\/2021\/04\/07\/comment-faire-de-la-veille-technologique-sur-veeam\/#breadcrumb","itemListElement":[{"@type":"ListItem","position":1,"name":"Accueil","item":"https:\/\/baptistetellier.fr\/"},{"@type":"ListItem","position":2,"name":"Comment faire de la veille technologique sur Veeam ?"}]},{"@type":"WebSite","@id":"https:\/\/baptistetellier.fr\/#website","url":"https:\/\/baptistetellier.fr\/","name":"Baptiste Tellier","description":"","publisher":{"@id":"https:\/\/baptistetellier.fr\/#\/schema\/person\/0e3e43784261c58dd916e9f0a1673541"},"potentialAction":[{"@type":"SearchAction","target":{"@type":"EntryPoint","urlTemplate":"https:\/\/baptistetellier.fr\/?s={search_term_string}"},"query-input":{"@type":"PropertyValueSpecification","valueRequired":true,"valueName":"search_term_string"}}],"inLanguage":"fr-FR"},{"@type":["Person","Organization"],"@id":"https:\/\/baptistetellier.fr\/#\/schema\/person\/0e3e43784261c58dd916e9f0a1673541","name":"Baptiste Tellier","image":{"@type":"ImageObject","inLanguage":"fr-FR","@id":"https:\/\/baptistetellier.fr\/wp-content\/uploads\/2020\/09\/20190315_110256-2.jpg","url":"https:\/\/baptistetellier.fr\/wp-content\/uploads\/2020\/09\/20190315_110256-2.jpg","contentUrl":"https:\/\/baptistetellier.fr\/wp-content\/uploads\/2020\/09\/20190315_110256-2.jpg","width":2025,"height":1562,"caption":"Baptiste Tellier"},"logo":{"@id":"https:\/\/baptistetellier.fr\/wp-content\/uploads\/2020\/09\/20190315_110256-2.jpg"}}]}},"_links":{"self":[{"href":"https:\/\/baptistetellier.fr\/index.php\/wp-json\/wp\/v2\/posts\/432","targetHints":{"allow":["GET"]}}],"collection":[{"href":"https:\/\/baptistetellier.fr\/index.php\/wp-json\/wp\/v2\/posts"}],"about":[{"href":"https:\/\/baptistetellier.fr\/index.php\/wp-json\/wp\/v2\/types\/post"}],"author":[{"embeddable":true,"href":"https:\/\/baptistetellier.fr\/index.php\/wp-json\/wp\/v2\/users\/1"}],"replies":[{"embeddable":true,"href":"https:\/\/baptistetellier.fr\/index.php\/wp-json\/wp\/v2\/comments?post=432"}],"version-history":[{"count":10,"href":"https:\/\/baptistetellier.fr\/index.php\/wp-json\/wp\/v2\/posts\/432\/revisions"}],"predecessor-version":[{"id":449,"href":"https:\/\/baptistetellier.fr\/index.php\/wp-json\/wp\/v2\/posts\/432\/revisions\/449"}],"wp:featuredmedia":[{"embeddable":true,"href":"https:\/\/baptistetellier.fr\/index.php\/wp-json\/wp\/v2\/media\/436"}],"wp:attachment":[{"href":"https:\/\/baptistetellier.fr\/index.php\/wp-json\/wp\/v2\/media?parent=432"}],"wp:term":[{"taxonomy":"category","embeddable":true,"href":"https:\/\/baptistetellier.fr\/index.php\/wp-json\/wp\/v2\/categories?post=432"},{"taxonomy":"post_tag","embeddable":true,"href":"https:\/\/baptistetellier.fr\/index.php\/wp-json\/wp\/v2\/tags?post=432"}],"curies":[{"name":"wp","href":"https:\/\/api.w.org\/{rel}","templated":true}]}}