{"id":326,"date":"2020-09-28T17:23:34","date_gmt":"2020-09-28T15:23:34","guid":{"rendered":"https:\/\/baptistetellier.fr\/?p=326"},"modified":"2021-02-02T17:01:07","modified_gmt":"2021-02-02T16:01:07","slug":"veeam-backup-o365-dimensionnement-de-votre-plateforme-vcsp","status":"publish","type":"post","link":"https:\/\/baptistetellier.fr\/index.php\/2020\/09\/28\/veeam-backup-o365-dimensionnement-de-votre-plateforme-vcsp\/","title":{"rendered":"Veeam Backup O365 &#8211; Dimensionnement de votre plateforme VCSP"},"content":{"rendered":"<p>Apr\u00e8s les videos de formation sur la Veeam Service Provider Console, nous allons nous attaquer \u00e0 d\u00e9mystifier Veeam Backup for O365 et c&rsquo;est plus simple que de d\u00e9chiffrer la Matrice \ud83e\udd13 !<\/p>\n<p>Avant de rentrer dans la technique, je vous invite \u00e0 regarder la vid\u00e9o de la part 1 : <a href=\"https:\/\/baptistetellier.fr\/index.php\/2020\/09\/24\/pourquoi-la-sauvegarde-de-vos-donnees-offices-365-est-essentielle\/\" target=\"_blank\" rel=\"noopener noreferrer\">Pourquoi la sauvegarde d&rsquo;Office 365 est essentielle<\/a><\/p>\n<h2>Veeam Backup for O365 Serveur et Proxy<\/h2>\n<p>Rentrons dans le c\u0153ur du sujet ! VBO, c&rsquo;est un produit totalement ind\u00e9pendant de VBR, <strong>pas de mutualisation de ressources<\/strong> que ce soit proxy ou repository avec VBR.<\/p>\n<p>C&rsquo;est possible de l&rsquo;installer en All-in-One et il peut traiter au maximum 3000 users (Hypoth\u00e8se de 4 services par Users &#8211; Exchange, Archive, Sharepoint, OneDrive). C&rsquo;est large mais au del\u00e0 de 3000 users, il faut rajouter une nouvelle VM Windows avec comme r\u00f4le proxy.<\/p>\n<ul>\n<li>Le minimum (1 \u00e0 300 users) c&rsquo;est : 4 c\u0153urs et 8 Go de RAM<\/li>\n<li>Recommand\u00e9 (300 \u00e0 1500 users) c&rsquo;est : 6 c\u0153urs et 16 Go de RAM<\/li>\n<li>Maxxxxx (1500 \u00e0 3000 users) c&rsquo;est : 8 c\u0153urs et 32 Go de RAM<\/li>\n<\/ul>\n<p>Si vous avez besoin de diff\u00e9rents proxy, <span style=\"color: #ff0000;\">attention<\/span>, ils doivent \u00eatre dans le m\u00eame domaine que le serveur VBO. Vous pouvez faire un domain AD d\u00e9di\u00e9 \u00e0 VBO pour r\u00e9duire la fen\u00eatre d&rsquo;exposition aux attaques.<\/p>\n<p><img loading=\"lazy\" decoding=\"async\" class=\"alignnone wp-image-291 size-full\" src=\"https:\/\/baptistetellier.fr\/wp-content\/uploads\/2020\/09\/2020-09-22-17_08_27-Window.png\" alt=\"\" width=\"1800\" height=\"1042\" srcset=\"https:\/\/baptistetellier.fr\/wp-content\/uploads\/2020\/09\/2020-09-22-17_08_27-Window.png 1800w, https:\/\/baptistetellier.fr\/wp-content\/uploads\/2020\/09\/2020-09-22-17_08_27-Window-300x174.png 300w, https:\/\/baptistetellier.fr\/wp-content\/uploads\/2020\/09\/2020-09-22-17_08_27-Window-1024x593.png 1024w, https:\/\/baptistetellier.fr\/wp-content\/uploads\/2020\/09\/2020-09-22-17_08_27-Window-768x445.png 768w, https:\/\/baptistetellier.fr\/wp-content\/uploads\/2020\/09\/2020-09-22-17_08_27-Window-1536x889.png 1536w, https:\/\/baptistetellier.fr\/wp-content\/uploads\/2020\/09\/2020-09-22-17_08_27-Window-466x270.png 466w\" sizes=\"auto, (max-width: 1800px) 100vw, 1800px\" \/><\/p>\n<p><em>On reviendra en d\u00e9tail dans un prochain article sur les consid\u00e9rations et outils dans le cadre des VCSP<\/em><\/p>\n<h2>Stockage pour VBO<\/h2>\n<p>A la diff\u00e9rence d&rsquo;un VBR, <strong>le proxy de VBO est celui auquel est attach\u00e9e le stockage<\/strong>. Si vous d\u00e9ployez plusieurs volumes, ils seront d\u00e9di\u00e9es au proxy.<\/p>\n<p>Vous avez comme possibilit\u00e9s deux types de stockage :<\/p>\n<ul>\n<li>Stockage bloc\n<ul>\n<li>SAN, DAS<\/li>\n<\/ul>\n<\/li>\n<li>Stockage objet\n<ul>\n<li>AWS, Azure, S3 compatible<\/li>\n<\/ul>\n<\/li>\n<\/ul>\n<h3>Stockage Bloc<\/h3>\n<ul>\n<li>NTFS 4K allocation units<\/li>\n<li>S\u00e9paration des repositories par type de donn\u00e9es (Exchange, OneDrive, Sharepoint)<\/li>\n<li>10% d&rsquo;espace libre de travail<\/li>\n<li>Pas de volume sup\u00e9rieur \u00e0 64 TB<\/li>\n<li>D\u00e9duplication hardware fortement d\u00e9conseill\u00e9<\/li>\n<li>Encryption BitLocker si besoin<\/li>\n<\/ul>\n<p>Ce sont des bases JetBlue .adb qui sont cr\u00e9e par jobs VBO : ce type de stockage a pour but initial les petites et moyennes structures autour de 500-1000 Users max. Pour chaque ann\u00e9e, VBO cr\u00e9e un .adb donc le nombre de DB jetblue peut rapidement grossir&#8230;<\/p>\n<h3>Stockage Object<\/h3>\n<p><strong>Must Have<\/strong> pour les providers car plus flexible, performant et gain d&rsquo;espace.<\/p>\n<ul>\n<li>Un bucket par tenant<\/li>\n<li>Pas de tiering support\u00e9 vers du stockage plus froid<\/li>\n<li>1% de local cache sur le disque du proxy<\/li>\n<li>Meilleurs ratio de \u00ab\u00a0d\u00e9duplication\u00a0\u00bb donc moins de volum\u00e9trie consomm\u00e9e<\/li>\n<li>Encryption native<\/li>\n<\/ul>\n<h3>Et la r\u00e9tention ?<\/h3>\n<p>La r\u00e9tention est appliqu\u00e9e par le repository (et non par le job comme VBR) ! Il y a deux types de r\u00e9tention et pour faire simple :<\/p>\n<ul>\n<li><strong>Item level retention :<\/strong> Ne sauvegarde pas les objets au del\u00e0 de la r\u00e9tention. Utile pour Exchange pour ne pas polluer les sauvegardes de vieux mails, beaucoup moins pour Sharepoint\/OneDrive<\/li>\n<li><strong>Snapshot Based :\u00a0<\/strong>Sauvegarde toutes les versions des objets pendant la r\u00e9tention puis ne garde que la derni\u00e8re version, utile pour la restauration compl\u00e8te d&rsquo;un SP\/OD<\/li>\n<\/ul>\n<p>Dans l&rsquo;ensemble c&rsquo;est la r\u00e9tention <strong>Snapshop Based<\/strong> qui est utilis\u00e9e. Si vous avez besoin de diff\u00e9rentes r\u00e9tentions, il faut plusieurs repository (encore un +1 pour l&rsquo;object storage \ud83d\ude09).<\/p>\n<h2>Best practice jobs et configurations<\/h2>\n<p>Malgr\u00e9 une apparence \u00e9pur\u00e9 et facile \u00e0 prendre en main, il y a quelques trucs importants \u00e0 connaitre sur VBO :<\/p>\n<ul>\n<li>Faites imp\u00e9rativement <strong>un job par Service<\/strong> &#8211; soit 3 jobs &#8211; Exchange+Archive, Sharepoint, OneDrive\n<ul>\n<li>Pour le faire : Back up the following objects &gt; customer organization &gt; edit &gt; ne cocher que le service n\u00e9cessaire. Comme cela le job reste dynamique \ud83d\ude42<\/li>\n<\/ul>\n<\/li>\n<\/ul>\n<p><a href=\"https:\/\/baptistetellier.fr\/wp-content\/uploads\/2020\/09\/2020-09-28-15_52_11-Window.png\"><img loading=\"lazy\" decoding=\"async\" class=\"alignnone size-full wp-image-347\" src=\"https:\/\/baptistetellier.fr\/wp-content\/uploads\/2020\/09\/2020-09-28-15_52_11-Window.png\" alt=\"\" width=\"891\" height=\"423\" srcset=\"https:\/\/baptistetellier.fr\/wp-content\/uploads\/2020\/09\/2020-09-28-15_52_11-Window.png 891w, https:\/\/baptistetellier.fr\/wp-content\/uploads\/2020\/09\/2020-09-28-15_52_11-Window-300x142.png 300w, https:\/\/baptistetellier.fr\/wp-content\/uploads\/2020\/09\/2020-09-28-15_52_11-Window-768x365.png 768w, https:\/\/baptistetellier.fr\/wp-content\/uploads\/2020\/09\/2020-09-28-15_52_11-Window-569x270.png 569w\" sizes=\"auto, (max-width: 891px) 100vw, 891px\" \/><\/a><\/p>\n<ul>\n<li>Rajoutez des <strong>Backups Accounts<\/strong> pour la parall\u00e9lisation des backups SharePoint et OneDrive\n<ul>\n<li>Cela ne require aucune license O365 suppl\u00e9mentaire. Juste des comptes ajouter dans un compte de s\u00e9curit\u00e9 O365<\/li>\n<li><a href=\"https:\/\/helpcenter.veeam.com\/docs\/vbo365\/guide\/adding_backup_accounts.html?ver=40\" target=\"_blank\" rel=\"noopener noreferrer\">https:\/\/helpcenter.veeam.com\/docs\/vbo365\/guide\/adding_backup_accounts.html?ver=40\u00a0<\/a><\/li>\n<\/ul>\n<\/li>\n<\/ul>\n<p><a href=\"https:\/\/baptistetellier.fr\/wp-content\/uploads\/2020\/09\/2020-09-28-15_52_44-Window.png\"><img loading=\"lazy\" decoding=\"async\" class=\"alignnone size-full wp-image-348\" src=\"https:\/\/baptistetellier.fr\/wp-content\/uploads\/2020\/09\/2020-09-28-15_52_44-Window.png\" alt=\"\" width=\"382\" height=\"303\" srcset=\"https:\/\/baptistetellier.fr\/wp-content\/uploads\/2020\/09\/2020-09-28-15_52_44-Window.png 382w, https:\/\/baptistetellier.fr\/wp-content\/uploads\/2020\/09\/2020-09-28-15_52_44-Window-300x238.png 300w, https:\/\/baptistetellier.fr\/wp-content\/uploads\/2020\/09\/2020-09-28-15_52_44-Window-340x270.png 340w\" sizes=\"auto, (max-width: 382px) 100vw, 382px\" \/><\/a><\/p>\n<ul>\n<li style=\"list-style-type: none;\">\n<ul>\n<li>Si vous avez ajout\u00e9 votre organisation avec du MFA, il faudra plut\u00f4t cr\u00e9er <strong>des Backup Applications<\/strong><\/li>\n<\/ul>\n<\/li>\n<\/ul>\n<p>&nbsp;<\/p>\n<ul>\n<li>Pour finir, si vous avez 6 ou 8 c\u0153urs sur votre proxy et qu&rsquo;il d\u00e9borde d&rsquo;\u00e9nergie, vous pouvez ajouter des <strong>proxy threads<\/strong>. Respectivement 128 et 256.<\/li>\n<\/ul>\n<p><a href=\"https:\/\/baptistetellier.fr\/wp-content\/uploads\/2020\/09\/2020-09-28-15_59_30-Window.png\"><img loading=\"lazy\" decoding=\"async\" class=\"alignnone size-full wp-image-349\" src=\"https:\/\/baptistetellier.fr\/wp-content\/uploads\/2020\/09\/2020-09-28-15_59_30-Window.png\" alt=\"\" width=\"413\" height=\"625\" srcset=\"https:\/\/baptistetellier.fr\/wp-content\/uploads\/2020\/09\/2020-09-28-15_59_30-Window.png 413w, https:\/\/baptistetellier.fr\/wp-content\/uploads\/2020\/09\/2020-09-28-15_59_30-Window-198x300.png 198w, https:\/\/baptistetellier.fr\/wp-content\/uploads\/2020\/09\/2020-09-28-15_59_30-Window-178x270.png 178w\" sizes=\"auto, (max-width: 413px) 100vw, 413px\" \/><\/a><\/p>\n<h2>La suite ?<\/h2>\n<p>Si vous voulez creuser profond, il y a le Best Practice Guide de VBO :<a href=\"https:\/\/bp.veeam.com\/vbo\/\" target=\"_blank\" rel=\"noopener noreferrer\">\u00a0<strong>https:\/\/bp.veeam.com\/vbo\/<\/strong><\/a><\/p>\n<p>Sinon, dans les prochains articles je vous proposerai de voir les consid\u00e9rations et les outils pour les VCSP : multi-tenant ? Self Service ? Reporting ? Usages ? Et un peu de debug\u00a0 \ud83d\ude0e<\/p>\n<p>Edit : <a href=\"https:\/\/baptistetellier.fr\/index.php\/2020\/11\/03\/veeam-backup-o365-offre-vcsp-a-emporter\/\">La suite de l&rsquo;article dispo ici<\/a><\/p>\n<p>D&rsquo;ici la, prenez soin de vous !<\/p>\n","protected":false},"excerpt":{"rendered":"<p>Apr\u00e8s les videos de formation sur la Veeam Service Provider Console, nous allons nous attaquer \u00e0 d\u00e9mystifier Veeam Backup for O365 et c&rsquo;est plus simple que de d\u00e9chiffrer la Matrice \ud83e\udd13 ! Avant de rentrer dans la technique, je vous invite \u00e0 regarder la vid\u00e9o de la part 1 : Pourquoi la sauvegarde d&rsquo;Office 365 est essentielle Veeam Backup for O365 Serveur et Proxy Rentrons dans le c\u0153ur du sujet ! VBO, c&rsquo;est un produit totalement ind\u00e9pendant de VBR, pas&#8230;<\/p>\n<p class=\"read-more\"><a class=\"btn btn-default\" href=\"https:\/\/baptistetellier.fr\/index.php\/2020\/09\/28\/veeam-backup-o365-dimensionnement-de-votre-plateforme-vcsp\/\">Lire la suite<span class=\"screen-reader-text\"> Lire la suite<\/span><\/a><\/p>\n","protected":false},"author":1,"featured_media":351,"comment_status":"open","ping_status":"open","sticky":false,"template":"","format":"standard","meta":{"_monsterinsights_skip_tracking":false,"_monsterinsights_sitenote_active":false,"_monsterinsights_sitenote_note":"","_monsterinsights_sitenote_category":0,"footnotes":""},"categories":[30,2],"tags":[26,16,34,33,35,36,37,32,18,17],"class_list":["post-326","post","type-post","status-publish","format-standard","has-post-thumbnail","hentry","category-vbo","category-veeam","tag-backup-replication","tag-cloud","tag-microsoft","tag-office-365","tag-proxy","tag-repository","tag-stockage-objet","tag-vbo","tag-vcsp","tag-veeam"],"yoast_head":"<!-- This site is optimized with the Yoast SEO plugin v27.4 - https:\/\/yoast.com\/product\/yoast-seo-wordpress\/ -->\n<title>Veeam Backup O365 - Dimensionnement de votre plateforme VCSP - Baptiste Tellier<\/title>\n<meta name=\"description\" content=\"Baptiste Tellier Veeam Backup O365 - Dimensionnement de votre plateforme VCSP - VBO - Focus sur les VCSP - Veeam Cloud Service Provider about Veeam Cloud Connect and more !\" \/>\n<meta name=\"robots\" content=\"index, follow, max-snippet:-1, max-image-preview:large, max-video-preview:-1\" \/>\n<link rel=\"canonical\" href=\"https:\/\/baptistetellier.fr\/index.php\/2020\/09\/28\/veeam-backup-o365-dimensionnement-de-votre-plateforme-vcsp\/\" \/>\n<meta property=\"og:locale\" content=\"fr_FR\" \/>\n<meta property=\"og:type\" content=\"article\" \/>\n<meta property=\"og:title\" content=\"Veeam Backup O365 - Dimensionnement de votre plateforme VCSP - Baptiste Tellier\" \/>\n<meta property=\"og:description\" content=\"Baptiste Tellier Veeam Backup O365 - Dimensionnement de votre plateforme VCSP - VBO - Focus sur les VCSP - Veeam Cloud Service Provider about Veeam Cloud Connect and more !\" \/>\n<meta property=\"og:url\" content=\"https:\/\/baptistetellier.fr\/index.php\/2020\/09\/28\/veeam-backup-o365-dimensionnement-de-votre-plateforme-vcsp\/\" \/>\n<meta property=\"og:site_name\" content=\"Baptiste Tellier\" \/>\n<meta property=\"article:published_time\" content=\"2020-09-28T15:23:34+00:00\" \/>\n<meta property=\"article:modified_time\" content=\"2021-02-02T16:01:07+00:00\" \/>\n<meta property=\"og:image\" content=\"https:\/\/baptistetellier.fr\/wp-content\/uploads\/2020\/09\/neo-urban-1808082_1920.jpg\" \/>\n\t<meta property=\"og:image:width\" content=\"1920\" \/>\n\t<meta property=\"og:image:height\" content=\"1280\" \/>\n\t<meta property=\"og:image:type\" content=\"image\/jpeg\" \/>\n<meta name=\"author\" content=\"Baptiste Tellier\" \/>\n<meta name=\"twitter:card\" content=\"summary_large_image\" \/>\n<meta name=\"twitter:label1\" content=\"\u00c9crit par\" \/>\n\t<meta name=\"twitter:data1\" content=\"Baptiste Tellier\" \/>\n\t<meta name=\"twitter:label2\" content=\"Dur\u00e9e de lecture estim\u00e9e\" \/>\n\t<meta name=\"twitter:data2\" content=\"4 minutes\" \/>\n<script type=\"application\/ld+json\" class=\"yoast-schema-graph\">{\"@context\":\"https:\\\/\\\/schema.org\",\"@graph\":[{\"@type\":\"Article\",\"@id\":\"https:\\\/\\\/baptistetellier.fr\\\/index.php\\\/2020\\\/09\\\/28\\\/veeam-backup-o365-dimensionnement-de-votre-plateforme-vcsp\\\/#article\",\"isPartOf\":{\"@id\":\"https:\\\/\\\/baptistetellier.fr\\\/index.php\\\/2020\\\/09\\\/28\\\/veeam-backup-o365-dimensionnement-de-votre-plateforme-vcsp\\\/\"},\"author\":{\"name\":\"Baptiste Tellier\",\"@id\":\"https:\\\/\\\/baptistetellier.fr\\\/#\\\/schema\\\/person\\\/0e3e43784261c58dd916e9f0a1673541\"},\"headline\":\"Veeam Backup O365 &#8211; Dimensionnement de votre plateforme VCSP\",\"datePublished\":\"2020-09-28T15:23:34+00:00\",\"dateModified\":\"2021-02-02T16:01:07+00:00\",\"mainEntityOfPage\":{\"@id\":\"https:\\\/\\\/baptistetellier.fr\\\/index.php\\\/2020\\\/09\\\/28\\\/veeam-backup-o365-dimensionnement-de-votre-plateforme-vcsp\\\/\"},\"wordCount\":776,\"commentCount\":2,\"publisher\":{\"@id\":\"https:\\\/\\\/baptistetellier.fr\\\/#\\\/schema\\\/person\\\/0e3e43784261c58dd916e9f0a1673541\"},\"image\":{\"@id\":\"https:\\\/\\\/baptistetellier.fr\\\/index.php\\\/2020\\\/09\\\/28\\\/veeam-backup-o365-dimensionnement-de-votre-plateforme-vcsp\\\/#primaryimage\"},\"thumbnailUrl\":\"https:\\\/\\\/baptistetellier.fr\\\/wp-content\\\/uploads\\\/2020\\\/09\\\/neo-urban-1808082_1920.jpg\",\"keywords\":[\"backup &amp; replication\",\"Cloud\",\"Microsoft\",\"Office 365\",\"proxy\",\"repository\",\"stockage objet\",\"VBO\",\"VCSP\",\"Veeam\"],\"articleSection\":[\"VBO\",\"Veeam\"],\"inLanguage\":\"fr-FR\",\"potentialAction\":[{\"@type\":\"CommentAction\",\"name\":\"Comment\",\"target\":[\"https:\\\/\\\/baptistetellier.fr\\\/index.php\\\/2020\\\/09\\\/28\\\/veeam-backup-o365-dimensionnement-de-votre-plateforme-vcsp\\\/#respond\"]}]},{\"@type\":\"WebPage\",\"@id\":\"https:\\\/\\\/baptistetellier.fr\\\/index.php\\\/2020\\\/09\\\/28\\\/veeam-backup-o365-dimensionnement-de-votre-plateforme-vcsp\\\/\",\"url\":\"https:\\\/\\\/baptistetellier.fr\\\/index.php\\\/2020\\\/09\\\/28\\\/veeam-backup-o365-dimensionnement-de-votre-plateforme-vcsp\\\/\",\"name\":\"Veeam Backup O365 - Dimensionnement de votre plateforme VCSP - Baptiste Tellier\",\"isPartOf\":{\"@id\":\"https:\\\/\\\/baptistetellier.fr\\\/#website\"},\"primaryImageOfPage\":{\"@id\":\"https:\\\/\\\/baptistetellier.fr\\\/index.php\\\/2020\\\/09\\\/28\\\/veeam-backup-o365-dimensionnement-de-votre-plateforme-vcsp\\\/#primaryimage\"},\"image\":{\"@id\":\"https:\\\/\\\/baptistetellier.fr\\\/index.php\\\/2020\\\/09\\\/28\\\/veeam-backup-o365-dimensionnement-de-votre-plateforme-vcsp\\\/#primaryimage\"},\"thumbnailUrl\":\"https:\\\/\\\/baptistetellier.fr\\\/wp-content\\\/uploads\\\/2020\\\/09\\\/neo-urban-1808082_1920.jpg\",\"datePublished\":\"2020-09-28T15:23:34+00:00\",\"dateModified\":\"2021-02-02T16:01:07+00:00\",\"description\":\"Baptiste Tellier Veeam Backup O365 - Dimensionnement de votre plateforme VCSP - VBO - Focus sur les VCSP - Veeam Cloud Service Provider about Veeam Cloud Connect and more !\",\"breadcrumb\":{\"@id\":\"https:\\\/\\\/baptistetellier.fr\\\/index.php\\\/2020\\\/09\\\/28\\\/veeam-backup-o365-dimensionnement-de-votre-plateforme-vcsp\\\/#breadcrumb\"},\"inLanguage\":\"fr-FR\",\"potentialAction\":[{\"@type\":\"ReadAction\",\"target\":[\"https:\\\/\\\/baptistetellier.fr\\\/index.php\\\/2020\\\/09\\\/28\\\/veeam-backup-o365-dimensionnement-de-votre-plateforme-vcsp\\\/\"]}]},{\"@type\":\"ImageObject\",\"inLanguage\":\"fr-FR\",\"@id\":\"https:\\\/\\\/baptistetellier.fr\\\/index.php\\\/2020\\\/09\\\/28\\\/veeam-backup-o365-dimensionnement-de-votre-plateforme-vcsp\\\/#primaryimage\",\"url\":\"https:\\\/\\\/baptistetellier.fr\\\/wp-content\\\/uploads\\\/2020\\\/09\\\/neo-urban-1808082_1920.jpg\",\"contentUrl\":\"https:\\\/\\\/baptistetellier.fr\\\/wp-content\\\/uploads\\\/2020\\\/09\\\/neo-urban-1808082_1920.jpg\",\"width\":1920,\"height\":1280},{\"@type\":\"BreadcrumbList\",\"@id\":\"https:\\\/\\\/baptistetellier.fr\\\/index.php\\\/2020\\\/09\\\/28\\\/veeam-backup-o365-dimensionnement-de-votre-plateforme-vcsp\\\/#breadcrumb\",\"itemListElement\":[{\"@type\":\"ListItem\",\"position\":1,\"name\":\"Accueil\",\"item\":\"https:\\\/\\\/baptistetellier.fr\\\/\"},{\"@type\":\"ListItem\",\"position\":2,\"name\":\"Veeam Backup O365 &#8211; Dimensionnement de votre plateforme VCSP\"}]},{\"@type\":\"WebSite\",\"@id\":\"https:\\\/\\\/baptistetellier.fr\\\/#website\",\"url\":\"https:\\\/\\\/baptistetellier.fr\\\/\",\"name\":\"Baptiste Tellier\",\"description\":\"\",\"publisher\":{\"@id\":\"https:\\\/\\\/baptistetellier.fr\\\/#\\\/schema\\\/person\\\/0e3e43784261c58dd916e9f0a1673541\"},\"potentialAction\":[{\"@type\":\"SearchAction\",\"target\":{\"@type\":\"EntryPoint\",\"urlTemplate\":\"https:\\\/\\\/baptistetellier.fr\\\/?s={search_term_string}\"},\"query-input\":{\"@type\":\"PropertyValueSpecification\",\"valueRequired\":true,\"valueName\":\"search_term_string\"}}],\"inLanguage\":\"fr-FR\"},{\"@type\":[\"Person\",\"Organization\"],\"@id\":\"https:\\\/\\\/baptistetellier.fr\\\/#\\\/schema\\\/person\\\/0e3e43784261c58dd916e9f0a1673541\",\"name\":\"Baptiste Tellier\",\"image\":{\"@type\":\"ImageObject\",\"inLanguage\":\"fr-FR\",\"@id\":\"https:\\\/\\\/baptistetellier.fr\\\/wp-content\\\/uploads\\\/2020\\\/09\\\/20190315_110256-2.jpg\",\"url\":\"https:\\\/\\\/baptistetellier.fr\\\/wp-content\\\/uploads\\\/2020\\\/09\\\/20190315_110256-2.jpg\",\"contentUrl\":\"https:\\\/\\\/baptistetellier.fr\\\/wp-content\\\/uploads\\\/2020\\\/09\\\/20190315_110256-2.jpg\",\"width\":2025,\"height\":1562,\"caption\":\"Baptiste Tellier\"},\"logo\":{\"@id\":\"https:\\\/\\\/baptistetellier.fr\\\/wp-content\\\/uploads\\\/2020\\\/09\\\/20190315_110256-2.jpg\"}}]}<\/script>\n<!-- \/ Yoast SEO plugin. -->","yoast_head_json":{"title":"Veeam Backup O365 - Dimensionnement de votre plateforme VCSP - Baptiste Tellier","description":"Baptiste Tellier Veeam Backup O365 - Dimensionnement de votre plateforme VCSP - VBO - Focus sur les VCSP - Veeam Cloud Service Provider about Veeam Cloud Connect and more !","robots":{"index":"index","follow":"follow","max-snippet":"max-snippet:-1","max-image-preview":"max-image-preview:large","max-video-preview":"max-video-preview:-1"},"canonical":"https:\/\/baptistetellier.fr\/index.php\/2020\/09\/28\/veeam-backup-o365-dimensionnement-de-votre-plateforme-vcsp\/","og_locale":"fr_FR","og_type":"article","og_title":"Veeam Backup O365 - Dimensionnement de votre plateforme VCSP - Baptiste Tellier","og_description":"Baptiste Tellier Veeam Backup O365 - Dimensionnement de votre plateforme VCSP - VBO - Focus sur les VCSP - Veeam Cloud Service Provider about Veeam Cloud Connect and more !","og_url":"https:\/\/baptistetellier.fr\/index.php\/2020\/09\/28\/veeam-backup-o365-dimensionnement-de-votre-plateforme-vcsp\/","og_site_name":"Baptiste Tellier","article_published_time":"2020-09-28T15:23:34+00:00","article_modified_time":"2021-02-02T16:01:07+00:00","og_image":[{"width":1920,"height":1280,"url":"https:\/\/baptistetellier.fr\/wp-content\/uploads\/2020\/09\/neo-urban-1808082_1920.jpg","type":"image\/jpeg"}],"author":"Baptiste Tellier","twitter_card":"summary_large_image","twitter_misc":{"\u00c9crit par":"Baptiste Tellier","Dur\u00e9e de lecture estim\u00e9e":"4 minutes"},"schema":{"@context":"https:\/\/schema.org","@graph":[{"@type":"Article","@id":"https:\/\/baptistetellier.fr\/index.php\/2020\/09\/28\/veeam-backup-o365-dimensionnement-de-votre-plateforme-vcsp\/#article","isPartOf":{"@id":"https:\/\/baptistetellier.fr\/index.php\/2020\/09\/28\/veeam-backup-o365-dimensionnement-de-votre-plateforme-vcsp\/"},"author":{"name":"Baptiste Tellier","@id":"https:\/\/baptistetellier.fr\/#\/schema\/person\/0e3e43784261c58dd916e9f0a1673541"},"headline":"Veeam Backup O365 &#8211; Dimensionnement de votre plateforme VCSP","datePublished":"2020-09-28T15:23:34+00:00","dateModified":"2021-02-02T16:01:07+00:00","mainEntityOfPage":{"@id":"https:\/\/baptistetellier.fr\/index.php\/2020\/09\/28\/veeam-backup-o365-dimensionnement-de-votre-plateforme-vcsp\/"},"wordCount":776,"commentCount":2,"publisher":{"@id":"https:\/\/baptistetellier.fr\/#\/schema\/person\/0e3e43784261c58dd916e9f0a1673541"},"image":{"@id":"https:\/\/baptistetellier.fr\/index.php\/2020\/09\/28\/veeam-backup-o365-dimensionnement-de-votre-plateforme-vcsp\/#primaryimage"},"thumbnailUrl":"https:\/\/baptistetellier.fr\/wp-content\/uploads\/2020\/09\/neo-urban-1808082_1920.jpg","keywords":["backup &amp; replication","Cloud","Microsoft","Office 365","proxy","repository","stockage objet","VBO","VCSP","Veeam"],"articleSection":["VBO","Veeam"],"inLanguage":"fr-FR","potentialAction":[{"@type":"CommentAction","name":"Comment","target":["https:\/\/baptistetellier.fr\/index.php\/2020\/09\/28\/veeam-backup-o365-dimensionnement-de-votre-plateforme-vcsp\/#respond"]}]},{"@type":"WebPage","@id":"https:\/\/baptistetellier.fr\/index.php\/2020\/09\/28\/veeam-backup-o365-dimensionnement-de-votre-plateforme-vcsp\/","url":"https:\/\/baptistetellier.fr\/index.php\/2020\/09\/28\/veeam-backup-o365-dimensionnement-de-votre-plateforme-vcsp\/","name":"Veeam Backup O365 - Dimensionnement de votre plateforme VCSP - Baptiste Tellier","isPartOf":{"@id":"https:\/\/baptistetellier.fr\/#website"},"primaryImageOfPage":{"@id":"https:\/\/baptistetellier.fr\/index.php\/2020\/09\/28\/veeam-backup-o365-dimensionnement-de-votre-plateforme-vcsp\/#primaryimage"},"image":{"@id":"https:\/\/baptistetellier.fr\/index.php\/2020\/09\/28\/veeam-backup-o365-dimensionnement-de-votre-plateforme-vcsp\/#primaryimage"},"thumbnailUrl":"https:\/\/baptistetellier.fr\/wp-content\/uploads\/2020\/09\/neo-urban-1808082_1920.jpg","datePublished":"2020-09-28T15:23:34+00:00","dateModified":"2021-02-02T16:01:07+00:00","description":"Baptiste Tellier Veeam Backup O365 - Dimensionnement de votre plateforme VCSP - VBO - Focus sur les VCSP - Veeam Cloud Service Provider about Veeam Cloud Connect and more !","breadcrumb":{"@id":"https:\/\/baptistetellier.fr\/index.php\/2020\/09\/28\/veeam-backup-o365-dimensionnement-de-votre-plateforme-vcsp\/#breadcrumb"},"inLanguage":"fr-FR","potentialAction":[{"@type":"ReadAction","target":["https:\/\/baptistetellier.fr\/index.php\/2020\/09\/28\/veeam-backup-o365-dimensionnement-de-votre-plateforme-vcsp\/"]}]},{"@type":"ImageObject","inLanguage":"fr-FR","@id":"https:\/\/baptistetellier.fr\/index.php\/2020\/09\/28\/veeam-backup-o365-dimensionnement-de-votre-plateforme-vcsp\/#primaryimage","url":"https:\/\/baptistetellier.fr\/wp-content\/uploads\/2020\/09\/neo-urban-1808082_1920.jpg","contentUrl":"https:\/\/baptistetellier.fr\/wp-content\/uploads\/2020\/09\/neo-urban-1808082_1920.jpg","width":1920,"height":1280},{"@type":"BreadcrumbList","@id":"https:\/\/baptistetellier.fr\/index.php\/2020\/09\/28\/veeam-backup-o365-dimensionnement-de-votre-plateforme-vcsp\/#breadcrumb","itemListElement":[{"@type":"ListItem","position":1,"name":"Accueil","item":"https:\/\/baptistetellier.fr\/"},{"@type":"ListItem","position":2,"name":"Veeam Backup O365 &#8211; Dimensionnement de votre plateforme VCSP"}]},{"@type":"WebSite","@id":"https:\/\/baptistetellier.fr\/#website","url":"https:\/\/baptistetellier.fr\/","name":"Baptiste Tellier","description":"","publisher":{"@id":"https:\/\/baptistetellier.fr\/#\/schema\/person\/0e3e43784261c58dd916e9f0a1673541"},"potentialAction":[{"@type":"SearchAction","target":{"@type":"EntryPoint","urlTemplate":"https:\/\/baptistetellier.fr\/?s={search_term_string}"},"query-input":{"@type":"PropertyValueSpecification","valueRequired":true,"valueName":"search_term_string"}}],"inLanguage":"fr-FR"},{"@type":["Person","Organization"],"@id":"https:\/\/baptistetellier.fr\/#\/schema\/person\/0e3e43784261c58dd916e9f0a1673541","name":"Baptiste Tellier","image":{"@type":"ImageObject","inLanguage":"fr-FR","@id":"https:\/\/baptistetellier.fr\/wp-content\/uploads\/2020\/09\/20190315_110256-2.jpg","url":"https:\/\/baptistetellier.fr\/wp-content\/uploads\/2020\/09\/20190315_110256-2.jpg","contentUrl":"https:\/\/baptistetellier.fr\/wp-content\/uploads\/2020\/09\/20190315_110256-2.jpg","width":2025,"height":1562,"caption":"Baptiste Tellier"},"logo":{"@id":"https:\/\/baptistetellier.fr\/wp-content\/uploads\/2020\/09\/20190315_110256-2.jpg"}}]}},"_links":{"self":[{"href":"https:\/\/baptistetellier.fr\/index.php\/wp-json\/wp\/v2\/posts\/326","targetHints":{"allow":["GET"]}}],"collection":[{"href":"https:\/\/baptistetellier.fr\/index.php\/wp-json\/wp\/v2\/posts"}],"about":[{"href":"https:\/\/baptistetellier.fr\/index.php\/wp-json\/wp\/v2\/types\/post"}],"author":[{"embeddable":true,"href":"https:\/\/baptistetellier.fr\/index.php\/wp-json\/wp\/v2\/users\/1"}],"replies":[{"embeddable":true,"href":"https:\/\/baptistetellier.fr\/index.php\/wp-json\/wp\/v2\/comments?post=326"}],"version-history":[{"count":15,"href":"https:\/\/baptistetellier.fr\/index.php\/wp-json\/wp\/v2\/posts\/326\/revisions"}],"predecessor-version":[{"id":418,"href":"https:\/\/baptistetellier.fr\/index.php\/wp-json\/wp\/v2\/posts\/326\/revisions\/418"}],"wp:featuredmedia":[{"embeddable":true,"href":"https:\/\/baptistetellier.fr\/index.php\/wp-json\/wp\/v2\/media\/351"}],"wp:attachment":[{"href":"https:\/\/baptistetellier.fr\/index.php\/wp-json\/wp\/v2\/media?parent=326"}],"wp:term":[{"taxonomy":"category","embeddable":true,"href":"https:\/\/baptistetellier.fr\/index.php\/wp-json\/wp\/v2\/categories?post=326"},{"taxonomy":"post_tag","embeddable":true,"href":"https:\/\/baptistetellier.fr\/index.php\/wp-json\/wp\/v2\/tags?post=326"}],"curies":[{"name":"wp","href":"https:\/\/api.w.org\/{rel}","templated":true}]}}