{"id":1277,"date":"2025-12-11T16:25:40","date_gmt":"2025-12-11T15:25:40","guid":{"rendered":"https:\/\/baptistetellier.fr\/?p=1277"},"modified":"2025-12-11T16:25:40","modified_gmt":"2025-12-11T15:25:40","slug":"vtcc-h2-whats-new-in-veeam-data-cloud-for-vcsp","status":"publish","type":"post","link":"https:\/\/baptistetellier.fr\/index.php\/2025\/12\/11\/vtcc-h2-whats-new-in-veeam-data-cloud-for-vcsp\/","title":{"rendered":"VTCC H2 &#8211; What&rsquo;s new in Veeam Data Cloud for VCSP"},"content":{"rendered":"<p>Lors de notre dernier VTCC, Laurent et moi avons eu le plaisir de vous pr\u00e9senter en d\u00e9tail <b>Veeam Data Cloud (VDC)<\/b>, une solution qui change compl\u00e8tement la donne pour les fournisseurs de services cloud. Laissez-moi vous partager ce que j&rsquo;ai appris et pourquoi je suis enthousiaste \u00e0 ce sujet.<\/p>\n<p><iframe loading=\"lazy\" src=\"\/\/www.youtube.com\/embed\/wfvRSAFmMQw\" width=\"480\" height=\"270\" frameborder=\"0\" allowfullscreen=\"allowfullscreen\"><\/iframe><\/p>\n<h2>Qu&rsquo;est-ce que Veeam Data Cloud ?<\/h2>\n<p>VDC est une <b>plateforme SaaS compl\u00e8te<\/b> qui permet de prot\u00e9ger vos donn\u00e9es sans avoir \u00e0 g\u00e9rer l&rsquo;infrastructure en interne. Le syst\u00e8me fonctionne sur l&rsquo;infrastructure Azure, g\u00e9r\u00e9e enti\u00e8rement par Veeam. Concr\u00e8tement, cela signifie que vous pouvez offrir \u00e0 vos clients une protection de donn\u00e9es de classe mondiale sans les maux de t\u00eate li\u00e9s \u00e0 la maintenance sur site.<\/p>\n<p>Ce qui rend VDC particuli\u00e8rement attractif, c&rsquo;est le mod\u00e8le de licence <b>flexible et pr\u00e9visible<\/b>. Fini les investissements lourds en infrastructure ! Vous pouvez maintenant commencer imm\u00e9diatement avec vos clients le premier jour.<\/p>\n<h2>Les Modules Disponibles<\/h2>\n<p>Actuellement, j&rsquo;ai acc\u00e8s \u00e0 trois modules principaux :<\/p>\n<p><b>VDC M365<\/b> : C&rsquo;est le c\u0153ur de l&rsquo;offre. Il prot\u00e8ge vos donn\u00e9es Microsoft 365 avec un stockage illimit\u00e9 et des fonctionnalit\u00e9s de s\u00e9curit\u00e9 int\u00e9gr\u00e9es, y compris l&rsquo;authentification multifacteur et l&rsquo;immuabilit\u00e9 des donn\u00e9es. Pour les VCSP, seule l&rsquo;\u00e9dition Flex est disponible pour le moment, mais d&rsquo;autres suivront.<\/p>\n<p><b>VDC Entra ID<\/b> : Souvent oubli\u00e9e, la protection de votre Active Directory cloud est <b>critique<\/b>. Si vous perdez votre Entra ID, c&rsquo;est toute votre organisation qui devient inaccessible. C&rsquo;est exactement comme sur un Active Directory classique \u2013 vous ne pouvez pas vous permettre de le perdre.<\/p>\n<p><b>VDC Vault<\/b> : Un syst\u00e8me de stockage immutable avec deux \u00e9ditions (Foundation et Advanced). C&rsquo;est parfait pour externaliser vos sauvegardes VBR on-premise vers Azure ou AWS avec une tarification pr\u00e9visible et sans frais d&rsquo;API surprises.<\/p>\n<p><strong>Soon* VDC For Azure<\/strong><\/p>\n<h2>Les Trois \u00c9ditions de M365<\/h2>\n<p>Aujourd&rsquo;hui, nous avons trois \u00e9ditions diff\u00e9rentes :<\/p>\n<p><b>Flex<\/b> : La sauvegarde compl\u00e8te que vous pouvez offrir d\u00e8s maintenant. Elle utilise les API Graph de Microsoft pour extraire vos donn\u00e9es de mani\u00e8re granulaire.<\/p>\n<p><b>Express<\/b> : Pensez-y comme un snapshot rapide. Si vous avez une grosse base SharePoint de 2 To, une restauration via API peut prendre des semaines \u00e0 cause de la limitation du d\u00e9bit de Microsoft. Avec Express, vous obtenez une restauration instantan\u00e9e. Cette \u00e9dition devrait arriver avant la fin de l&rsquo;ann\u00e9e.<\/p>\n<p><b>Premium<\/b> : Le meilleur des deux mondes. Cette \u00e9dition combine Express et Flex, vous donnant la flexibilit\u00e9 compl\u00e8te.<\/p>\n<h2>La Migration : Pas Si Simple<\/h2>\n<p>Soyons honn\u00eates : la migration depuis vos solutions on-premise n&rsquo;est pas simple. Il y a plusieurs <b>pr\u00e9requis stricts<\/b> :<\/p>\n<p>Le bucket ne doit <b>pas \u00eatre multi-tenant<\/b>. L&rsquo;infrastructure doit \u00eatre sur Azure. Vous devez utiliser la r\u00e9tention au niveau snapshot, pas au niveau \u00e9l\u00e9ment. Pas de sauvegarde de copie, pas de versioning, et l&rsquo;immuabilit\u00e9 doit \u00eatre activ\u00e9e.<\/p>\n<p>Mon conseil ? Si vous avez des clients existants, maintenez votre infrastructure on-premise pour eux pour le moment. Commencez les nouveaux clients directement sur VDC. C&rsquo;est plus simple et plus rapide.<\/p>\n<h2>Pourquoi Prot\u00e9ger M365 et Entra ID ?<\/h2>\n<p>Vous vous demandez peut-\u00eatre pourquoi c&rsquo;est si important. La r\u00e9alit\u00e9, c&rsquo;est que Microsoft ne garantit que l&rsquo;infrastructure. <b>Vos donn\u00e9es, c&rsquo;est votre responsabilit\u00e9<\/b>. Les menaces incluent :<\/p>\n<p>Les suppressions accidentelles, les failles dans les politiques de r\u00e9tention, les menaces de s\u00e9curit\u00e9 internes (employ\u00e9s m\u00e9contents) et externes (ransomware). Sans oublier les exigences l\u00e9gales et de conformit\u00e9.<\/p>\n<h2>L&rsquo;Interface Unifi\u00e9e : Un Plus \u00c9norme<\/h2>\n<p>Ce qui m&rsquo;a vraiment impressionn\u00e9, c&rsquo;est la nouvelle interface unifi\u00e9e appel\u00e9e <b>One UI<\/b>. Dans cette interface unique et intuitive, je peux g\u00e9rer tous mes modules : M365, Entra ID, et Vault. Un seul endroit pour tout. Les rapports s&rsquo;affichent directement dans le tableau de bord, me montrant imm\u00e9diatement ce qui est prot\u00e9g\u00e9 et ce qui ne l&rsquo;est pas.<\/p>\n<h2>Tarification et Limites d&rsquo;Utilisation<\/h2>\n<p>Pour M365, c&rsquo;est <b>2,5 points par utilisateur<\/b> pour l&rsquo;\u00e9dition Flex. Chaque utilisateur b\u00e9n\u00e9ficie de 100 Go de base, avec une limite d&rsquo;utilisation \u00e9quitable de 300 %, ce qui signifie 300 Go par utilisateur. Bien s\u00fbr, cela varie selon l&rsquo;usage r\u00e9el de vos utilisateurs.<\/p>\n<p>Pour Vault, Foundation en version core co\u00fbte 14 points par To, tandis qu&rsquo;Advanced offre une meilleure r\u00e9silience \u00e0 travers les r\u00e9gions.<\/p>\n<h2>Les Bonnes Pratiques<\/h2>\n<p>Un point important : si vous int\u00e9grez plus de 400 utilisateurs, <b>enregistrez-vous sur le calendrier Veeam<\/b> pour \u00eatre accompagn\u00e9 par leur support. Pour moins de 400 utilisateurs, vous pouvez \u00eatre autonome, mais au-del\u00e0, le support veut s&rsquo;assurer que tout se configure correctement.<\/p>\n<h2>D\u00e9mystifier les Produits<\/h2>\n<p>Je remarque qu&rsquo;il y a souvent de la confusion. Laissez-moi clarifier :<\/p>\n<p>VDC M365 = sauvegarde de Microsoft 365 uniquement<\/p>\n<p>VDC Entra ID = sauvegarde de votre annuaire cloud<\/p>\n<p>VDC Vault = stockage cloud immutable (peut \u00eatre utilis\u00e9 ind\u00e9pendamment)<\/p>\n<p>Ce ne sont pas les m\u00eames produits, m\u00eame s&rsquo;ils vivent tous sous le m\u00eame toit VDC.<\/p>\n<h2>Ce qui m&rsquo;enthousiasme<\/h2>\n<p>Honn\u00eatement, ce qui m&rsquo;enthousiasme le plus, c&rsquo;est la <b>simplicit\u00e9<\/b>. Plus besoin de g\u00e9rer votre propre infrastructure VBO, plus besoin de mises \u00e0 jour constantes, plus besoin de maintenance serveur. Tout est g\u00e9r\u00e9 par Veeam.<\/p>\n<p>Et pour vos clients ? Ils obtiennent une protection de donn\u00e9es de classe mondiale sans compliquer leur infrastructure. C&rsquo;est une <b>situation gagnant-gagnant<\/b>.<\/p>\n<p>Si vous \u00eates nouveau chez Veeam et que vous devez choisir entre on-premise et VDC, la r\u00e9ponse d\u00e9pend de vos comp\u00e9tences et de votre infrastructure. Vous avez un data center ? Allez on-premise. Vous pr\u00e9f\u00e9rez vous concentrer sur les services clients ? Choisissez VDC.<\/p>\n<h2>Prochaines \u00c9tapes<\/h2>\n<p>VDC \u00e9volue rapidement. Azure et Salesforce arriveront prochainement pour les VCSP. Les ressources disponibles incluent des d\u00e9mos interactives, des cartes de bataille pour comparer avec les concurrents, et des kits d&rsquo;outils complets.<\/p>\n<p>N&rsquo;h\u00e9sitez pas \u00e0 scanner les codes QR disponibles dans les ressources ou \u00e0 contacter directement votre responsable commercial Veeam. Nous sommes l\u00e0 pour vous aider \u00e0 construire vos offres de services autour de ces solutions.<\/p>\n<p><b>Alors, \u00eates-vous pr\u00eat \u00e0 rejoindre la r\u00e9volution SaaS ?<\/b><\/p>\n","protected":false},"excerpt":{"rendered":"<p>Lors de notre dernier VTCC, Laurent et moi avons eu le plaisir de vous pr\u00e9senter en d\u00e9tail Veeam Data Cloud (VDC), une solution qui change compl\u00e8tement la donne pour les fournisseurs de services cloud. Laissez-moi vous partager ce que j&rsquo;ai appris et pourquoi je suis enthousiaste \u00e0 ce sujet. Qu&rsquo;est-ce que Veeam Data Cloud ? VDC est une plateforme SaaS compl\u00e8te qui permet de prot\u00e9ger vos donn\u00e9es sans avoir \u00e0 g\u00e9rer l&rsquo;infrastructure en interne. Le syst\u00e8me fonctionne sur l&rsquo;infrastructure Azure,&#8230;<\/p>\n<p class=\"read-more\"><a class=\"btn btn-default\" href=\"https:\/\/baptistetellier.fr\/index.php\/2025\/12\/11\/vtcc-h2-whats-new-in-veeam-data-cloud-for-vcsp\/\">Lire la suite<span class=\"screen-reader-text\"> Lire la suite<\/span><\/a><\/p>\n","protected":false},"author":1,"featured_media":1278,"comment_status":"open","ping_status":"open","sticky":false,"template":"","format":"standard","meta":{"_monsterinsights_skip_tracking":false,"_monsterinsights_sitenote_active":false,"_monsterinsights_sitenote_note":"","_monsterinsights_sitenote_category":0,"footnotes":""},"categories":[131,2],"tags":[21,16,232,231,132,17,134],"class_list":["post-1277","post","type-post","status-publish","format-standard","has-post-thumbnail","hentry","category-vdc","category-veeam","tag-azure","tag-cloud","tag-entraid","tag-m365","tag-vdc","tag-veeam","tag-veeam-data-cloud"],"yoast_head":"<!-- This site is optimized with the Yoast SEO plugin v27.4 - https:\/\/yoast.com\/product\/yoast-seo-wordpress\/ -->\n<title>VTCC H2 - What&#039;s new in Veeam Data Cloud for VCSP - Baptiste Tellier<\/title>\n<meta name=\"description\" content=\"Baptiste Tellier VTCC H2 - What&#039;s new in Veeam Data Cloud for VCSP - VDC - Focus sur les VCSP - Veeam Cloud Service Provider about Veeam Cloud Connect and more !\" \/>\n<meta name=\"robots\" content=\"index, follow, max-snippet:-1, max-image-preview:large, max-video-preview:-1\" \/>\n<link rel=\"canonical\" href=\"https:\/\/baptistetellier.fr\/index.php\/2025\/12\/11\/vtcc-h2-whats-new-in-veeam-data-cloud-for-vcsp\/\" \/>\n<meta property=\"og:locale\" content=\"fr_FR\" \/>\n<meta property=\"og:type\" content=\"article\" \/>\n<meta property=\"og:title\" content=\"VTCC H2 - What&#039;s new in Veeam Data Cloud for VCSP - Baptiste Tellier\" \/>\n<meta property=\"og:description\" content=\"Baptiste Tellier VTCC H2 - What&#039;s new in Veeam Data Cloud for VCSP - VDC - Focus sur les VCSP - Veeam Cloud Service Provider about Veeam Cloud Connect and more !\" \/>\n<meta property=\"og:url\" content=\"https:\/\/baptistetellier.fr\/index.php\/2025\/12\/11\/vtcc-h2-whats-new-in-veeam-data-cloud-for-vcsp\/\" \/>\n<meta property=\"og:site_name\" content=\"Baptiste Tellier\" \/>\n<meta property=\"article:published_time\" content=\"2025-12-11T15:25:40+00:00\" \/>\n<meta property=\"og:image\" content=\"https:\/\/baptistetellier.fr\/wp-content\/uploads\/2025\/12\/generated-image9.png\" \/>\n\t<meta property=\"og:image:width\" content=\"1152\" \/>\n\t<meta property=\"og:image:height\" content=\"896\" \/>\n\t<meta property=\"og:image:type\" content=\"image\/png\" \/>\n<meta name=\"author\" content=\"Baptiste Tellier\" \/>\n<meta name=\"twitter:card\" content=\"summary_large_image\" \/>\n<meta name=\"twitter:label1\" content=\"\u00c9crit par\" \/>\n\t<meta name=\"twitter:data1\" content=\"Baptiste Tellier\" \/>\n\t<meta name=\"twitter:label2\" content=\"Dur\u00e9e de lecture estim\u00e9e\" \/>\n\t<meta name=\"twitter:data2\" content=\"5 minutes\" \/>\n<script type=\"application\/ld+json\" class=\"yoast-schema-graph\">{\"@context\":\"https:\\\/\\\/schema.org\",\"@graph\":[{\"@type\":\"Article\",\"@id\":\"https:\\\/\\\/baptistetellier.fr\\\/index.php\\\/2025\\\/12\\\/11\\\/vtcc-h2-whats-new-in-veeam-data-cloud-for-vcsp\\\/#article\",\"isPartOf\":{\"@id\":\"https:\\\/\\\/baptistetellier.fr\\\/index.php\\\/2025\\\/12\\\/11\\\/vtcc-h2-whats-new-in-veeam-data-cloud-for-vcsp\\\/\"},\"author\":{\"name\":\"Baptiste Tellier\",\"@id\":\"https:\\\/\\\/baptistetellier.fr\\\/#\\\/schema\\\/person\\\/0e3e43784261c58dd916e9f0a1673541\"},\"headline\":\"VTCC H2 &#8211; What&rsquo;s new in Veeam Data Cloud for VCSP\",\"datePublished\":\"2025-12-11T15:25:40+00:00\",\"mainEntityOfPage\":{\"@id\":\"https:\\\/\\\/baptistetellier.fr\\\/index.php\\\/2025\\\/12\\\/11\\\/vtcc-h2-whats-new-in-veeam-data-cloud-for-vcsp\\\/\"},\"wordCount\":1054,\"commentCount\":0,\"publisher\":{\"@id\":\"https:\\\/\\\/baptistetellier.fr\\\/#\\\/schema\\\/person\\\/0e3e43784261c58dd916e9f0a1673541\"},\"image\":{\"@id\":\"https:\\\/\\\/baptistetellier.fr\\\/index.php\\\/2025\\\/12\\\/11\\\/vtcc-h2-whats-new-in-veeam-data-cloud-for-vcsp\\\/#primaryimage\"},\"thumbnailUrl\":\"https:\\\/\\\/baptistetellier.fr\\\/wp-content\\\/uploads\\\/2025\\\/12\\\/generated-image9.png\",\"keywords\":[\"Azure\",\"Cloud\",\"EntraID\",\"M365\",\"VDC\",\"Veeam\",\"Veeam Data Cloud\"],\"articleSection\":[\"VDC\",\"Veeam\"],\"inLanguage\":\"fr-FR\",\"potentialAction\":[{\"@type\":\"CommentAction\",\"name\":\"Comment\",\"target\":[\"https:\\\/\\\/baptistetellier.fr\\\/index.php\\\/2025\\\/12\\\/11\\\/vtcc-h2-whats-new-in-veeam-data-cloud-for-vcsp\\\/#respond\"]}]},{\"@type\":\"WebPage\",\"@id\":\"https:\\\/\\\/baptistetellier.fr\\\/index.php\\\/2025\\\/12\\\/11\\\/vtcc-h2-whats-new-in-veeam-data-cloud-for-vcsp\\\/\",\"url\":\"https:\\\/\\\/baptistetellier.fr\\\/index.php\\\/2025\\\/12\\\/11\\\/vtcc-h2-whats-new-in-veeam-data-cloud-for-vcsp\\\/\",\"name\":\"VTCC H2 - What's new in Veeam Data Cloud for VCSP - Baptiste Tellier\",\"isPartOf\":{\"@id\":\"https:\\\/\\\/baptistetellier.fr\\\/#website\"},\"primaryImageOfPage\":{\"@id\":\"https:\\\/\\\/baptistetellier.fr\\\/index.php\\\/2025\\\/12\\\/11\\\/vtcc-h2-whats-new-in-veeam-data-cloud-for-vcsp\\\/#primaryimage\"},\"image\":{\"@id\":\"https:\\\/\\\/baptistetellier.fr\\\/index.php\\\/2025\\\/12\\\/11\\\/vtcc-h2-whats-new-in-veeam-data-cloud-for-vcsp\\\/#primaryimage\"},\"thumbnailUrl\":\"https:\\\/\\\/baptistetellier.fr\\\/wp-content\\\/uploads\\\/2025\\\/12\\\/generated-image9.png\",\"datePublished\":\"2025-12-11T15:25:40+00:00\",\"description\":\"Baptiste Tellier VTCC H2 - What's new in Veeam Data Cloud for VCSP - VDC - Focus sur les VCSP - Veeam Cloud Service Provider about Veeam Cloud Connect and more !\",\"breadcrumb\":{\"@id\":\"https:\\\/\\\/baptistetellier.fr\\\/index.php\\\/2025\\\/12\\\/11\\\/vtcc-h2-whats-new-in-veeam-data-cloud-for-vcsp\\\/#breadcrumb\"},\"inLanguage\":\"fr-FR\",\"potentialAction\":[{\"@type\":\"ReadAction\",\"target\":[\"https:\\\/\\\/baptistetellier.fr\\\/index.php\\\/2025\\\/12\\\/11\\\/vtcc-h2-whats-new-in-veeam-data-cloud-for-vcsp\\\/\"]}]},{\"@type\":\"ImageObject\",\"inLanguage\":\"fr-FR\",\"@id\":\"https:\\\/\\\/baptistetellier.fr\\\/index.php\\\/2025\\\/12\\\/11\\\/vtcc-h2-whats-new-in-veeam-data-cloud-for-vcsp\\\/#primaryimage\",\"url\":\"https:\\\/\\\/baptistetellier.fr\\\/wp-content\\\/uploads\\\/2025\\\/12\\\/generated-image9.png\",\"contentUrl\":\"https:\\\/\\\/baptistetellier.fr\\\/wp-content\\\/uploads\\\/2025\\\/12\\\/generated-image9.png\",\"width\":1152,\"height\":896},{\"@type\":\"BreadcrumbList\",\"@id\":\"https:\\\/\\\/baptistetellier.fr\\\/index.php\\\/2025\\\/12\\\/11\\\/vtcc-h2-whats-new-in-veeam-data-cloud-for-vcsp\\\/#breadcrumb\",\"itemListElement\":[{\"@type\":\"ListItem\",\"position\":1,\"name\":\"Accueil\",\"item\":\"https:\\\/\\\/baptistetellier.fr\\\/\"},{\"@type\":\"ListItem\",\"position\":2,\"name\":\"VTCC H2 &#8211; What&rsquo;s new in Veeam Data Cloud for VCSP\"}]},{\"@type\":\"WebSite\",\"@id\":\"https:\\\/\\\/baptistetellier.fr\\\/#website\",\"url\":\"https:\\\/\\\/baptistetellier.fr\\\/\",\"name\":\"Baptiste Tellier\",\"description\":\"\",\"publisher\":{\"@id\":\"https:\\\/\\\/baptistetellier.fr\\\/#\\\/schema\\\/person\\\/0e3e43784261c58dd916e9f0a1673541\"},\"potentialAction\":[{\"@type\":\"SearchAction\",\"target\":{\"@type\":\"EntryPoint\",\"urlTemplate\":\"https:\\\/\\\/baptistetellier.fr\\\/?s={search_term_string}\"},\"query-input\":{\"@type\":\"PropertyValueSpecification\",\"valueRequired\":true,\"valueName\":\"search_term_string\"}}],\"inLanguage\":\"fr-FR\"},{\"@type\":[\"Person\",\"Organization\"],\"@id\":\"https:\\\/\\\/baptistetellier.fr\\\/#\\\/schema\\\/person\\\/0e3e43784261c58dd916e9f0a1673541\",\"name\":\"Baptiste Tellier\",\"image\":{\"@type\":\"ImageObject\",\"inLanguage\":\"fr-FR\",\"@id\":\"https:\\\/\\\/baptistetellier.fr\\\/wp-content\\\/uploads\\\/2020\\\/09\\\/20190315_110256-2.jpg\",\"url\":\"https:\\\/\\\/baptistetellier.fr\\\/wp-content\\\/uploads\\\/2020\\\/09\\\/20190315_110256-2.jpg\",\"contentUrl\":\"https:\\\/\\\/baptistetellier.fr\\\/wp-content\\\/uploads\\\/2020\\\/09\\\/20190315_110256-2.jpg\",\"width\":2025,\"height\":1562,\"caption\":\"Baptiste Tellier\"},\"logo\":{\"@id\":\"https:\\\/\\\/baptistetellier.fr\\\/wp-content\\\/uploads\\\/2020\\\/09\\\/20190315_110256-2.jpg\"}}]}<\/script>\n<!-- \/ Yoast SEO plugin. -->","yoast_head_json":{"title":"VTCC H2 - What's new in Veeam Data Cloud for VCSP - Baptiste Tellier","description":"Baptiste Tellier VTCC H2 - What's new in Veeam Data Cloud for VCSP - VDC - Focus sur les VCSP - Veeam Cloud Service Provider about Veeam Cloud Connect and more !","robots":{"index":"index","follow":"follow","max-snippet":"max-snippet:-1","max-image-preview":"max-image-preview:large","max-video-preview":"max-video-preview:-1"},"canonical":"https:\/\/baptistetellier.fr\/index.php\/2025\/12\/11\/vtcc-h2-whats-new-in-veeam-data-cloud-for-vcsp\/","og_locale":"fr_FR","og_type":"article","og_title":"VTCC H2 - What's new in Veeam Data Cloud for VCSP - Baptiste Tellier","og_description":"Baptiste Tellier VTCC H2 - What's new in Veeam Data Cloud for VCSP - VDC - Focus sur les VCSP - Veeam Cloud Service Provider about Veeam Cloud Connect and more !","og_url":"https:\/\/baptistetellier.fr\/index.php\/2025\/12\/11\/vtcc-h2-whats-new-in-veeam-data-cloud-for-vcsp\/","og_site_name":"Baptiste Tellier","article_published_time":"2025-12-11T15:25:40+00:00","og_image":[{"width":1152,"height":896,"url":"https:\/\/baptistetellier.fr\/wp-content\/uploads\/2025\/12\/generated-image9.png","type":"image\/png"}],"author":"Baptiste Tellier","twitter_card":"summary_large_image","twitter_misc":{"\u00c9crit par":"Baptiste Tellier","Dur\u00e9e de lecture estim\u00e9e":"5 minutes"},"schema":{"@context":"https:\/\/schema.org","@graph":[{"@type":"Article","@id":"https:\/\/baptistetellier.fr\/index.php\/2025\/12\/11\/vtcc-h2-whats-new-in-veeam-data-cloud-for-vcsp\/#article","isPartOf":{"@id":"https:\/\/baptistetellier.fr\/index.php\/2025\/12\/11\/vtcc-h2-whats-new-in-veeam-data-cloud-for-vcsp\/"},"author":{"name":"Baptiste Tellier","@id":"https:\/\/baptistetellier.fr\/#\/schema\/person\/0e3e43784261c58dd916e9f0a1673541"},"headline":"VTCC H2 &#8211; What&rsquo;s new in Veeam Data Cloud for VCSP","datePublished":"2025-12-11T15:25:40+00:00","mainEntityOfPage":{"@id":"https:\/\/baptistetellier.fr\/index.php\/2025\/12\/11\/vtcc-h2-whats-new-in-veeam-data-cloud-for-vcsp\/"},"wordCount":1054,"commentCount":0,"publisher":{"@id":"https:\/\/baptistetellier.fr\/#\/schema\/person\/0e3e43784261c58dd916e9f0a1673541"},"image":{"@id":"https:\/\/baptistetellier.fr\/index.php\/2025\/12\/11\/vtcc-h2-whats-new-in-veeam-data-cloud-for-vcsp\/#primaryimage"},"thumbnailUrl":"https:\/\/baptistetellier.fr\/wp-content\/uploads\/2025\/12\/generated-image9.png","keywords":["Azure","Cloud","EntraID","M365","VDC","Veeam","Veeam Data Cloud"],"articleSection":["VDC","Veeam"],"inLanguage":"fr-FR","potentialAction":[{"@type":"CommentAction","name":"Comment","target":["https:\/\/baptistetellier.fr\/index.php\/2025\/12\/11\/vtcc-h2-whats-new-in-veeam-data-cloud-for-vcsp\/#respond"]}]},{"@type":"WebPage","@id":"https:\/\/baptistetellier.fr\/index.php\/2025\/12\/11\/vtcc-h2-whats-new-in-veeam-data-cloud-for-vcsp\/","url":"https:\/\/baptistetellier.fr\/index.php\/2025\/12\/11\/vtcc-h2-whats-new-in-veeam-data-cloud-for-vcsp\/","name":"VTCC H2 - What's new in Veeam Data Cloud for VCSP - Baptiste Tellier","isPartOf":{"@id":"https:\/\/baptistetellier.fr\/#website"},"primaryImageOfPage":{"@id":"https:\/\/baptistetellier.fr\/index.php\/2025\/12\/11\/vtcc-h2-whats-new-in-veeam-data-cloud-for-vcsp\/#primaryimage"},"image":{"@id":"https:\/\/baptistetellier.fr\/index.php\/2025\/12\/11\/vtcc-h2-whats-new-in-veeam-data-cloud-for-vcsp\/#primaryimage"},"thumbnailUrl":"https:\/\/baptistetellier.fr\/wp-content\/uploads\/2025\/12\/generated-image9.png","datePublished":"2025-12-11T15:25:40+00:00","description":"Baptiste Tellier VTCC H2 - What's new in Veeam Data Cloud for VCSP - VDC - Focus sur les VCSP - Veeam Cloud Service Provider about Veeam Cloud Connect and more !","breadcrumb":{"@id":"https:\/\/baptistetellier.fr\/index.php\/2025\/12\/11\/vtcc-h2-whats-new-in-veeam-data-cloud-for-vcsp\/#breadcrumb"},"inLanguage":"fr-FR","potentialAction":[{"@type":"ReadAction","target":["https:\/\/baptistetellier.fr\/index.php\/2025\/12\/11\/vtcc-h2-whats-new-in-veeam-data-cloud-for-vcsp\/"]}]},{"@type":"ImageObject","inLanguage":"fr-FR","@id":"https:\/\/baptistetellier.fr\/index.php\/2025\/12\/11\/vtcc-h2-whats-new-in-veeam-data-cloud-for-vcsp\/#primaryimage","url":"https:\/\/baptistetellier.fr\/wp-content\/uploads\/2025\/12\/generated-image9.png","contentUrl":"https:\/\/baptistetellier.fr\/wp-content\/uploads\/2025\/12\/generated-image9.png","width":1152,"height":896},{"@type":"BreadcrumbList","@id":"https:\/\/baptistetellier.fr\/index.php\/2025\/12\/11\/vtcc-h2-whats-new-in-veeam-data-cloud-for-vcsp\/#breadcrumb","itemListElement":[{"@type":"ListItem","position":1,"name":"Accueil","item":"https:\/\/baptistetellier.fr\/"},{"@type":"ListItem","position":2,"name":"VTCC H2 &#8211; What&rsquo;s new in Veeam Data Cloud for VCSP"}]},{"@type":"WebSite","@id":"https:\/\/baptistetellier.fr\/#website","url":"https:\/\/baptistetellier.fr\/","name":"Baptiste Tellier","description":"","publisher":{"@id":"https:\/\/baptistetellier.fr\/#\/schema\/person\/0e3e43784261c58dd916e9f0a1673541"},"potentialAction":[{"@type":"SearchAction","target":{"@type":"EntryPoint","urlTemplate":"https:\/\/baptistetellier.fr\/?s={search_term_string}"},"query-input":{"@type":"PropertyValueSpecification","valueRequired":true,"valueName":"search_term_string"}}],"inLanguage":"fr-FR"},{"@type":["Person","Organization"],"@id":"https:\/\/baptistetellier.fr\/#\/schema\/person\/0e3e43784261c58dd916e9f0a1673541","name":"Baptiste Tellier","image":{"@type":"ImageObject","inLanguage":"fr-FR","@id":"https:\/\/baptistetellier.fr\/wp-content\/uploads\/2020\/09\/20190315_110256-2.jpg","url":"https:\/\/baptistetellier.fr\/wp-content\/uploads\/2020\/09\/20190315_110256-2.jpg","contentUrl":"https:\/\/baptistetellier.fr\/wp-content\/uploads\/2020\/09\/20190315_110256-2.jpg","width":2025,"height":1562,"caption":"Baptiste Tellier"},"logo":{"@id":"https:\/\/baptistetellier.fr\/wp-content\/uploads\/2020\/09\/20190315_110256-2.jpg"}}]}},"_links":{"self":[{"href":"https:\/\/baptistetellier.fr\/index.php\/wp-json\/wp\/v2\/posts\/1277","targetHints":{"allow":["GET"]}}],"collection":[{"href":"https:\/\/baptistetellier.fr\/index.php\/wp-json\/wp\/v2\/posts"}],"about":[{"href":"https:\/\/baptistetellier.fr\/index.php\/wp-json\/wp\/v2\/types\/post"}],"author":[{"embeddable":true,"href":"https:\/\/baptistetellier.fr\/index.php\/wp-json\/wp\/v2\/users\/1"}],"replies":[{"embeddable":true,"href":"https:\/\/baptistetellier.fr\/index.php\/wp-json\/wp\/v2\/comments?post=1277"}],"version-history":[{"count":1,"href":"https:\/\/baptistetellier.fr\/index.php\/wp-json\/wp\/v2\/posts\/1277\/revisions"}],"predecessor-version":[{"id":1279,"href":"https:\/\/baptistetellier.fr\/index.php\/wp-json\/wp\/v2\/posts\/1277\/revisions\/1279"}],"wp:featuredmedia":[{"embeddable":true,"href":"https:\/\/baptistetellier.fr\/index.php\/wp-json\/wp\/v2\/media\/1278"}],"wp:attachment":[{"href":"https:\/\/baptistetellier.fr\/index.php\/wp-json\/wp\/v2\/media?parent=1277"}],"wp:term":[{"taxonomy":"category","embeddable":true,"href":"https:\/\/baptistetellier.fr\/index.php\/wp-json\/wp\/v2\/categories?post=1277"},{"taxonomy":"post_tag","embeddable":true,"href":"https:\/\/baptistetellier.fr\/index.php\/wp-json\/wp\/v2\/tags?post=1277"}],"curies":[{"name":"wp","href":"https:\/\/api.w.org\/{rel}","templated":true}]}}