{"id":1196,"date":"2025-07-28T11:17:12","date_gmt":"2025-07-28T09:17:12","guid":{"rendered":"https:\/\/baptistetellier.fr\/?p=1196"},"modified":"2025-07-28T13:39:08","modified_gmt":"2025-07-28T11:39:08","slug":"support-de-scale-computing-dans-veeam-backup-replication","status":"publish","type":"post","link":"https:\/\/baptistetellier.fr\/index.php\/2025\/07\/28\/support-de-scale-computing-dans-veeam-backup-replication\/","title":{"rendered":"Support de Scale Computing dans Veeam Backup &#038; Replication"},"content":{"rendered":"<p>Bonjour \u00e0 tous,<\/p>\n<p>Veeam continue d\u2019innover en \u00e9largissant ses capacit\u00e9s de sauvegarde et de restauration \u00e0 de nouvelles plateformes. Derni\u00e8re nouveaut\u00e9 : la prise en charge compl\u00e8te de Scale Computing et de son hyperviseur HyperCore.<\/p>\n<p>Dans ma derni\u00e8re vid\u00e9o, j\u2019ai test\u00e9 cette int\u00e9gration prometteuse avec Veeam Backup &amp; Replication (VBR) version 12.3.2 et un cluster Scale Computing. L\u2019installation du plugin HyperCore\u2014similaire \u00e0 ceux pour Nutanix et Proxmox\u2014permet une sauvegarde et une restauration transparentes entre diff\u00e9rentes plateformes. Sauvegarder des VM HyperCore, les restaurer sur Hyper-V ou migrer depuis Proxmox devient un jeu d\u2019enfant avec Veeam.<\/p>\n<p>Le plugin, actuellement disponible en installation manuelle, sera bient\u00f4t int\u00e9gr\u00e9 nativement dans la prochaine version majeure de Veeam. Lors de mes tests, le d\u00e9ploiement d\u2019un worker, la configuration des sauvegardes et la restauration des VM Linux et Windows ont \u00e9t\u00e9 rapides et efficaces. La restauration cross-plateforme a bien fonctionn\u00e9, m\u00eame si j\u2019ai rencontr\u00e9 quelques d\u00e9fis avec les outils guest et la gestion des m\u00e9dias sur Scale Computing\u2014des points \u00e0 am\u00e9liorer \u00e0 l\u2019avenir.<\/p>\n<p>Cette int\u00e9gration repr\u00e9sente une avanc\u00e9e majeure pour les organisations utilisant l\u2019infrastructure hyperconverg\u00e9e en Edge. Gr\u00e2ce \u00e0 la fiabilit\u00e9 et la flexibilit\u00e9 de Veeam, vous pouvez prot\u00e9ger sereinement vos workloads Scale Computing.<\/p>\n<p>Restez connect\u00e9s pour ma prochaine vid\u00e9o, o\u00f9 j\u2019aborderai les fonctionnalit\u00e9s avanc\u00e9es comme le scan des points de restauration et la r\u00e9cup\u00e9ration post-ransomware avec Veeam Threat Hunter.<\/p>\n<p><iframe loading=\"lazy\" title=\"YouTube video player\" src=\"https:\/\/www.youtube.com\/embed\/IujFjVEqzkY?si=1Ijj6WRJOAvP-CnO\" width=\"560\" height=\"315\" frameborder=\"0\" allowfullscreen=\"allowfullscreen\"><\/iframe><\/p>\n","protected":false},"excerpt":{"rendered":"<p>Bonjour \u00e0 tous, Veeam continue d\u2019innover en \u00e9largissant ses capacit\u00e9s de sauvegarde et de restauration \u00e0 de nouvelles plateformes. Derni\u00e8re nouveaut\u00e9 : la prise en charge compl\u00e8te de Scale Computing et de son hyperviseur HyperCore. Dans ma derni\u00e8re vid\u00e9o, j\u2019ai test\u00e9 cette int\u00e9gration prometteuse avec Veeam Backup &amp; Replication (VBR) version 12.3.2 et un cluster Scale Computing. L\u2019installation du plugin HyperCore\u2014similaire \u00e0 ceux pour Nutanix et Proxmox\u2014permet une sauvegarde et une restauration transparentes entre diff\u00e9rentes plateformes. Sauvegarder des VM HyperCore,&#8230;<\/p>\n<p class=\"read-more\"><a class=\"btn btn-default\" href=\"https:\/\/baptistetellier.fr\/index.php\/2025\/07\/28\/support-de-scale-computing-dans-veeam-backup-replication\/\">Lire la suite<span class=\"screen-reader-text\"> Lire la suite<\/span><\/a><\/p>\n","protected":false},"author":1,"featured_media":1197,"comment_status":"open","ping_status":"open","sticky":false,"template":"","format":"standard","meta":{"_monsterinsights_skip_tracking":false,"_monsterinsights_sitenote_active":false,"_monsterinsights_sitenote_note":"","_monsterinsights_sitenote_category":0,"footnotes":""},"categories":[5,2],"tags":[184,183,185,182,26,110,176,17],"class_list":["post-1196","post","type-post","status-publish","format-standard","has-post-thumbnail","hentry","category-vbr","category-veeam","tag-edgecomputing","tag-hypercore","tag-infrastructuresit","tag-scalecomputing","tag-backup-replication","tag-dataprotection","tag-sauvegarde","tag-veeam"],"yoast_head":"<!-- This site is optimized with the Yoast SEO plugin v27.5 - https:\/\/yoast.com\/product\/yoast-seo-wordpress\/ -->\n<title>Support de Scale Computing dans Veeam Backup &amp; Replication - Baptiste Tellier<\/title>\n<meta name=\"description\" content=\"Baptiste Tellier Support de Scale Computing dans Veeam Backup &amp; Replication - VBR - Focus sur les VCSP - Veeam Cloud Service Provider about Veeam Cloud Connect and more !\" \/>\n<meta name=\"robots\" content=\"index, follow, max-snippet:-1, max-image-preview:large, max-video-preview:-1\" \/>\n<link rel=\"canonical\" href=\"https:\/\/baptistetellier.fr\/index.php\/2025\/07\/28\/support-de-scale-computing-dans-veeam-backup-replication\/\" \/>\n<meta property=\"og:locale\" content=\"fr_FR\" \/>\n<meta property=\"og:type\" content=\"article\" \/>\n<meta property=\"og:title\" content=\"Support de Scale Computing dans Veeam Backup &amp; Replication - Baptiste Tellier\" \/>\n<meta property=\"og:description\" content=\"Baptiste Tellier Support de Scale Computing dans Veeam Backup &amp; Replication - VBR - Focus sur les VCSP - Veeam Cloud Service Provider about Veeam Cloud Connect and more !\" \/>\n<meta property=\"og:url\" content=\"https:\/\/baptistetellier.fr\/index.php\/2025\/07\/28\/support-de-scale-computing-dans-veeam-backup-replication\/\" \/>\n<meta property=\"og:site_name\" content=\"Baptiste Tellier\" \/>\n<meta property=\"article:published_time\" content=\"2025-07-28T09:17:12+00:00\" \/>\n<meta property=\"article:modified_time\" content=\"2025-07-28T11:39:08+00:00\" \/>\n<meta property=\"og:image\" content=\"https:\/\/baptistetellier.fr\/wp-content\/uploads\/2025\/07\/Capture-decran-2025-07-28-111247.png\" \/>\n\t<meta property=\"og:image:width\" content=\"1189\" \/>\n\t<meta property=\"og:image:height\" content=\"726\" \/>\n\t<meta property=\"og:image:type\" content=\"image\/png\" \/>\n<meta name=\"author\" content=\"Baptiste Tellier\" \/>\n<meta name=\"twitter:card\" content=\"summary_large_image\" \/>\n<meta name=\"twitter:label1\" content=\"\u00c9crit par\" \/>\n\t<meta name=\"twitter:data1\" content=\"Baptiste Tellier\" \/>\n\t<meta name=\"twitter:label2\" content=\"Dur\u00e9e de lecture estim\u00e9e\" \/>\n\t<meta name=\"twitter:data2\" content=\"2 minutes\" \/>\n<script type=\"application\/ld+json\" class=\"yoast-schema-graph\">{\"@context\":\"https:\\\/\\\/schema.org\",\"@graph\":[{\"@type\":\"Article\",\"@id\":\"https:\\\/\\\/baptistetellier.fr\\\/index.php\\\/2025\\\/07\\\/28\\\/support-de-scale-computing-dans-veeam-backup-replication\\\/#article\",\"isPartOf\":{\"@id\":\"https:\\\/\\\/baptistetellier.fr\\\/index.php\\\/2025\\\/07\\\/28\\\/support-de-scale-computing-dans-veeam-backup-replication\\\/\"},\"author\":{\"name\":\"Baptiste Tellier\",\"@id\":\"https:\\\/\\\/baptistetellier.fr\\\/#\\\/schema\\\/person\\\/0e3e43784261c58dd916e9f0a1673541\"},\"headline\":\"Support de Scale Computing dans Veeam Backup &#038; Replication\",\"datePublished\":\"2025-07-28T09:17:12+00:00\",\"dateModified\":\"2025-07-28T11:39:08+00:00\",\"mainEntityOfPage\":{\"@id\":\"https:\\\/\\\/baptistetellier.fr\\\/index.php\\\/2025\\\/07\\\/28\\\/support-de-scale-computing-dans-veeam-backup-replication\\\/\"},\"wordCount\":261,\"commentCount\":0,\"publisher\":{\"@id\":\"https:\\\/\\\/baptistetellier.fr\\\/#\\\/schema\\\/person\\\/0e3e43784261c58dd916e9f0a1673541\"},\"image\":{\"@id\":\"https:\\\/\\\/baptistetellier.fr\\\/index.php\\\/2025\\\/07\\\/28\\\/support-de-scale-computing-dans-veeam-backup-replication\\\/#primaryimage\"},\"thumbnailUrl\":\"https:\\\/\\\/baptistetellier.fr\\\/wp-content\\\/uploads\\\/2025\\\/07\\\/Capture-decran-2025-07-28-111247.png\",\"keywords\":[\"#EdgeComputing\",\"#HyperCore\",\"#InfrastructuresIT\",\"#ScaleComputing\",\"backup &amp; replication\",\"DataProtection\",\"sauvegarde\",\"Veeam\"],\"articleSection\":[\"VBR\",\"Veeam\"],\"inLanguage\":\"fr-FR\",\"potentialAction\":[{\"@type\":\"CommentAction\",\"name\":\"Comment\",\"target\":[\"https:\\\/\\\/baptistetellier.fr\\\/index.php\\\/2025\\\/07\\\/28\\\/support-de-scale-computing-dans-veeam-backup-replication\\\/#respond\"]}]},{\"@type\":\"WebPage\",\"@id\":\"https:\\\/\\\/baptistetellier.fr\\\/index.php\\\/2025\\\/07\\\/28\\\/support-de-scale-computing-dans-veeam-backup-replication\\\/\",\"url\":\"https:\\\/\\\/baptistetellier.fr\\\/index.php\\\/2025\\\/07\\\/28\\\/support-de-scale-computing-dans-veeam-backup-replication\\\/\",\"name\":\"Support de Scale Computing dans Veeam Backup & Replication - Baptiste Tellier\",\"isPartOf\":{\"@id\":\"https:\\\/\\\/baptistetellier.fr\\\/#website\"},\"primaryImageOfPage\":{\"@id\":\"https:\\\/\\\/baptistetellier.fr\\\/index.php\\\/2025\\\/07\\\/28\\\/support-de-scale-computing-dans-veeam-backup-replication\\\/#primaryimage\"},\"image\":{\"@id\":\"https:\\\/\\\/baptistetellier.fr\\\/index.php\\\/2025\\\/07\\\/28\\\/support-de-scale-computing-dans-veeam-backup-replication\\\/#primaryimage\"},\"thumbnailUrl\":\"https:\\\/\\\/baptistetellier.fr\\\/wp-content\\\/uploads\\\/2025\\\/07\\\/Capture-decran-2025-07-28-111247.png\",\"datePublished\":\"2025-07-28T09:17:12+00:00\",\"dateModified\":\"2025-07-28T11:39:08+00:00\",\"description\":\"Baptiste Tellier Support de Scale Computing dans Veeam Backup & Replication - VBR - Focus sur les VCSP - Veeam Cloud Service Provider about Veeam Cloud Connect and more !\",\"breadcrumb\":{\"@id\":\"https:\\\/\\\/baptistetellier.fr\\\/index.php\\\/2025\\\/07\\\/28\\\/support-de-scale-computing-dans-veeam-backup-replication\\\/#breadcrumb\"},\"inLanguage\":\"fr-FR\",\"potentialAction\":[{\"@type\":\"ReadAction\",\"target\":[\"https:\\\/\\\/baptistetellier.fr\\\/index.php\\\/2025\\\/07\\\/28\\\/support-de-scale-computing-dans-veeam-backup-replication\\\/\"]}]},{\"@type\":\"ImageObject\",\"inLanguage\":\"fr-FR\",\"@id\":\"https:\\\/\\\/baptistetellier.fr\\\/index.php\\\/2025\\\/07\\\/28\\\/support-de-scale-computing-dans-veeam-backup-replication\\\/#primaryimage\",\"url\":\"https:\\\/\\\/baptistetellier.fr\\\/wp-content\\\/uploads\\\/2025\\\/07\\\/Capture-decran-2025-07-28-111247.png\",\"contentUrl\":\"https:\\\/\\\/baptistetellier.fr\\\/wp-content\\\/uploads\\\/2025\\\/07\\\/Capture-decran-2025-07-28-111247.png\",\"width\":1189,\"height\":726},{\"@type\":\"BreadcrumbList\",\"@id\":\"https:\\\/\\\/baptistetellier.fr\\\/index.php\\\/2025\\\/07\\\/28\\\/support-de-scale-computing-dans-veeam-backup-replication\\\/#breadcrumb\",\"itemListElement\":[{\"@type\":\"ListItem\",\"position\":1,\"name\":\"Accueil\",\"item\":\"https:\\\/\\\/baptistetellier.fr\\\/\"},{\"@type\":\"ListItem\",\"position\":2,\"name\":\"Support de Scale Computing dans Veeam Backup &#038; Replication\"}]},{\"@type\":\"WebSite\",\"@id\":\"https:\\\/\\\/baptistetellier.fr\\\/#website\",\"url\":\"https:\\\/\\\/baptistetellier.fr\\\/\",\"name\":\"Baptiste Tellier\",\"description\":\"\",\"publisher\":{\"@id\":\"https:\\\/\\\/baptistetellier.fr\\\/#\\\/schema\\\/person\\\/0e3e43784261c58dd916e9f0a1673541\"},\"potentialAction\":[{\"@type\":\"SearchAction\",\"target\":{\"@type\":\"EntryPoint\",\"urlTemplate\":\"https:\\\/\\\/baptistetellier.fr\\\/?s={search_term_string}\"},\"query-input\":{\"@type\":\"PropertyValueSpecification\",\"valueRequired\":true,\"valueName\":\"search_term_string\"}}],\"inLanguage\":\"fr-FR\"},{\"@type\":[\"Person\",\"Organization\"],\"@id\":\"https:\\\/\\\/baptistetellier.fr\\\/#\\\/schema\\\/person\\\/0e3e43784261c58dd916e9f0a1673541\",\"name\":\"Baptiste Tellier\",\"image\":{\"@type\":\"ImageObject\",\"inLanguage\":\"fr-FR\",\"@id\":\"https:\\\/\\\/baptistetellier.fr\\\/wp-content\\\/uploads\\\/2020\\\/09\\\/20190315_110256-2.jpg\",\"url\":\"https:\\\/\\\/baptistetellier.fr\\\/wp-content\\\/uploads\\\/2020\\\/09\\\/20190315_110256-2.jpg\",\"contentUrl\":\"https:\\\/\\\/baptistetellier.fr\\\/wp-content\\\/uploads\\\/2020\\\/09\\\/20190315_110256-2.jpg\",\"width\":2025,\"height\":1562,\"caption\":\"Baptiste Tellier\"},\"logo\":{\"@id\":\"https:\\\/\\\/baptistetellier.fr\\\/wp-content\\\/uploads\\\/2020\\\/09\\\/20190315_110256-2.jpg\"}}]}<\/script>\n<!-- \/ Yoast SEO plugin. -->","yoast_head_json":{"title":"Support de Scale Computing dans Veeam Backup & Replication - Baptiste Tellier","description":"Baptiste Tellier Support de Scale Computing dans Veeam Backup & Replication - VBR - Focus sur les VCSP - Veeam Cloud Service Provider about Veeam Cloud Connect and more !","robots":{"index":"index","follow":"follow","max-snippet":"max-snippet:-1","max-image-preview":"max-image-preview:large","max-video-preview":"max-video-preview:-1"},"canonical":"https:\/\/baptistetellier.fr\/index.php\/2025\/07\/28\/support-de-scale-computing-dans-veeam-backup-replication\/","og_locale":"fr_FR","og_type":"article","og_title":"Support de Scale Computing dans Veeam Backup & Replication - Baptiste Tellier","og_description":"Baptiste Tellier Support de Scale Computing dans Veeam Backup & Replication - VBR - Focus sur les VCSP - Veeam Cloud Service Provider about Veeam Cloud Connect and more !","og_url":"https:\/\/baptistetellier.fr\/index.php\/2025\/07\/28\/support-de-scale-computing-dans-veeam-backup-replication\/","og_site_name":"Baptiste Tellier","article_published_time":"2025-07-28T09:17:12+00:00","article_modified_time":"2025-07-28T11:39:08+00:00","og_image":[{"width":1189,"height":726,"url":"https:\/\/baptistetellier.fr\/wp-content\/uploads\/2025\/07\/Capture-decran-2025-07-28-111247.png","type":"image\/png"}],"author":"Baptiste Tellier","twitter_card":"summary_large_image","twitter_misc":{"\u00c9crit par":"Baptiste Tellier","Dur\u00e9e de lecture estim\u00e9e":"2 minutes"},"schema":{"@context":"https:\/\/schema.org","@graph":[{"@type":"Article","@id":"https:\/\/baptistetellier.fr\/index.php\/2025\/07\/28\/support-de-scale-computing-dans-veeam-backup-replication\/#article","isPartOf":{"@id":"https:\/\/baptistetellier.fr\/index.php\/2025\/07\/28\/support-de-scale-computing-dans-veeam-backup-replication\/"},"author":{"name":"Baptiste Tellier","@id":"https:\/\/baptistetellier.fr\/#\/schema\/person\/0e3e43784261c58dd916e9f0a1673541"},"headline":"Support de Scale Computing dans Veeam Backup &#038; Replication","datePublished":"2025-07-28T09:17:12+00:00","dateModified":"2025-07-28T11:39:08+00:00","mainEntityOfPage":{"@id":"https:\/\/baptistetellier.fr\/index.php\/2025\/07\/28\/support-de-scale-computing-dans-veeam-backup-replication\/"},"wordCount":261,"commentCount":0,"publisher":{"@id":"https:\/\/baptistetellier.fr\/#\/schema\/person\/0e3e43784261c58dd916e9f0a1673541"},"image":{"@id":"https:\/\/baptistetellier.fr\/index.php\/2025\/07\/28\/support-de-scale-computing-dans-veeam-backup-replication\/#primaryimage"},"thumbnailUrl":"https:\/\/baptistetellier.fr\/wp-content\/uploads\/2025\/07\/Capture-decran-2025-07-28-111247.png","keywords":["#EdgeComputing","#HyperCore","#InfrastructuresIT","#ScaleComputing","backup &amp; replication","DataProtection","sauvegarde","Veeam"],"articleSection":["VBR","Veeam"],"inLanguage":"fr-FR","potentialAction":[{"@type":"CommentAction","name":"Comment","target":["https:\/\/baptistetellier.fr\/index.php\/2025\/07\/28\/support-de-scale-computing-dans-veeam-backup-replication\/#respond"]}]},{"@type":"WebPage","@id":"https:\/\/baptistetellier.fr\/index.php\/2025\/07\/28\/support-de-scale-computing-dans-veeam-backup-replication\/","url":"https:\/\/baptistetellier.fr\/index.php\/2025\/07\/28\/support-de-scale-computing-dans-veeam-backup-replication\/","name":"Support de Scale Computing dans Veeam Backup & Replication - Baptiste Tellier","isPartOf":{"@id":"https:\/\/baptistetellier.fr\/#website"},"primaryImageOfPage":{"@id":"https:\/\/baptistetellier.fr\/index.php\/2025\/07\/28\/support-de-scale-computing-dans-veeam-backup-replication\/#primaryimage"},"image":{"@id":"https:\/\/baptistetellier.fr\/index.php\/2025\/07\/28\/support-de-scale-computing-dans-veeam-backup-replication\/#primaryimage"},"thumbnailUrl":"https:\/\/baptistetellier.fr\/wp-content\/uploads\/2025\/07\/Capture-decran-2025-07-28-111247.png","datePublished":"2025-07-28T09:17:12+00:00","dateModified":"2025-07-28T11:39:08+00:00","description":"Baptiste Tellier Support de Scale Computing dans Veeam Backup & Replication - VBR - Focus sur les VCSP - Veeam Cloud Service Provider about Veeam Cloud Connect and more !","breadcrumb":{"@id":"https:\/\/baptistetellier.fr\/index.php\/2025\/07\/28\/support-de-scale-computing-dans-veeam-backup-replication\/#breadcrumb"},"inLanguage":"fr-FR","potentialAction":[{"@type":"ReadAction","target":["https:\/\/baptistetellier.fr\/index.php\/2025\/07\/28\/support-de-scale-computing-dans-veeam-backup-replication\/"]}]},{"@type":"ImageObject","inLanguage":"fr-FR","@id":"https:\/\/baptistetellier.fr\/index.php\/2025\/07\/28\/support-de-scale-computing-dans-veeam-backup-replication\/#primaryimage","url":"https:\/\/baptistetellier.fr\/wp-content\/uploads\/2025\/07\/Capture-decran-2025-07-28-111247.png","contentUrl":"https:\/\/baptistetellier.fr\/wp-content\/uploads\/2025\/07\/Capture-decran-2025-07-28-111247.png","width":1189,"height":726},{"@type":"BreadcrumbList","@id":"https:\/\/baptistetellier.fr\/index.php\/2025\/07\/28\/support-de-scale-computing-dans-veeam-backup-replication\/#breadcrumb","itemListElement":[{"@type":"ListItem","position":1,"name":"Accueil","item":"https:\/\/baptistetellier.fr\/"},{"@type":"ListItem","position":2,"name":"Support de Scale Computing dans Veeam Backup &#038; Replication"}]},{"@type":"WebSite","@id":"https:\/\/baptistetellier.fr\/#website","url":"https:\/\/baptistetellier.fr\/","name":"Baptiste Tellier","description":"","publisher":{"@id":"https:\/\/baptistetellier.fr\/#\/schema\/person\/0e3e43784261c58dd916e9f0a1673541"},"potentialAction":[{"@type":"SearchAction","target":{"@type":"EntryPoint","urlTemplate":"https:\/\/baptistetellier.fr\/?s={search_term_string}"},"query-input":{"@type":"PropertyValueSpecification","valueRequired":true,"valueName":"search_term_string"}}],"inLanguage":"fr-FR"},{"@type":["Person","Organization"],"@id":"https:\/\/baptistetellier.fr\/#\/schema\/person\/0e3e43784261c58dd916e9f0a1673541","name":"Baptiste Tellier","image":{"@type":"ImageObject","inLanguage":"fr-FR","@id":"https:\/\/baptistetellier.fr\/wp-content\/uploads\/2020\/09\/20190315_110256-2.jpg","url":"https:\/\/baptistetellier.fr\/wp-content\/uploads\/2020\/09\/20190315_110256-2.jpg","contentUrl":"https:\/\/baptistetellier.fr\/wp-content\/uploads\/2020\/09\/20190315_110256-2.jpg","width":2025,"height":1562,"caption":"Baptiste Tellier"},"logo":{"@id":"https:\/\/baptistetellier.fr\/wp-content\/uploads\/2020\/09\/20190315_110256-2.jpg"}}]}},"_links":{"self":[{"href":"https:\/\/baptistetellier.fr\/index.php\/wp-json\/wp\/v2\/posts\/1196","targetHints":{"allow":["GET"]}}],"collection":[{"href":"https:\/\/baptistetellier.fr\/index.php\/wp-json\/wp\/v2\/posts"}],"about":[{"href":"https:\/\/baptistetellier.fr\/index.php\/wp-json\/wp\/v2\/types\/post"}],"author":[{"embeddable":true,"href":"https:\/\/baptistetellier.fr\/index.php\/wp-json\/wp\/v2\/users\/1"}],"replies":[{"embeddable":true,"href":"https:\/\/baptistetellier.fr\/index.php\/wp-json\/wp\/v2\/comments?post=1196"}],"version-history":[{"count":3,"href":"https:\/\/baptistetellier.fr\/index.php\/wp-json\/wp\/v2\/posts\/1196\/revisions"}],"predecessor-version":[{"id":1200,"href":"https:\/\/baptistetellier.fr\/index.php\/wp-json\/wp\/v2\/posts\/1196\/revisions\/1200"}],"wp:featuredmedia":[{"embeddable":true,"href":"https:\/\/baptistetellier.fr\/index.php\/wp-json\/wp\/v2\/media\/1197"}],"wp:attachment":[{"href":"https:\/\/baptistetellier.fr\/index.php\/wp-json\/wp\/v2\/media?parent=1196"}],"wp:term":[{"taxonomy":"category","embeddable":true,"href":"https:\/\/baptistetellier.fr\/index.php\/wp-json\/wp\/v2\/categories?post=1196"},{"taxonomy":"post_tag","embeddable":true,"href":"https:\/\/baptistetellier.fr\/index.php\/wp-json\/wp\/v2\/tags?post=1196"}],"curies":[{"name":"wp","href":"https:\/\/api.w.org\/{rel}","templated":true}]}}