{"id":1116,"date":"2024-09-17T12:06:51","date_gmt":"2024-09-17T10:06:51","guid":{"rendered":"https:\/\/baptistetellier.fr\/?p=1116"},"modified":"2024-09-17T12:06:51","modified_gmt":"2024-09-17T10:06:51","slug":"cest-lheure-de-la-pause-veeam-6-septembre2024","status":"publish","type":"post","link":"https:\/\/baptistetellier.fr\/index.php\/2024\/09\/17\/cest-lheure-de-la-pause-veeam-6-septembre2024\/","title":{"rendered":"C\u2019est l\u2019heure de la pause Veeam #6 Septembre2024"},"content":{"rendered":"<p>Salut tout le monde, \u00e7a fait longtemps que nous n&rsquo;avons pas fais une pause caf\u00e9 ensemble \ud83d\ude42<\/p>\n<p>Je suis ravis de vous annoncer une s\u00e9rie de nouveaut\u00e9s passionnantes ! Avec des mises \u00e0 jour produits majeures, un engagement accru en mati\u00e8re de s\u00e9curit\u00e9, et des \u00e9v\u00e9nements \u00e0 ne pas manquer, cet automne s&rsquo;annonce riche en innovations. Faisons le point sur tout ce qui se passe chez Veeam.<\/p>\n<h2>\ud83c\udd95 Nouvelles Sorties : Des Solutions Toujours Plus Performantes<\/h2>\n<p>Nous avons r\u00e9cemment lanc\u00e9 plusieurs mises \u00e0 jour et nouvelles versions de nos produits phares. Ces am\u00e9liorations visent \u00e0 renforcer la r\u00e9silience de vos infrastructures, tout en facilitant la gestion de vos donn\u00e9es et en am\u00e9liorant votre exp\u00e9rience utilisateur.<\/p>\n<h3><strong>Veeam Backup &amp; Replication 12.2<\/strong><\/h3>\n<p>Une nouvelle version de notre produit phare, <strong>Veeam Backup &amp; Replication 12.2<\/strong>, est d\u00e9sormais disponible. Elle apporte des am\u00e9liorations en termes de performance, d&rsquo;int\u00e9gration et de s\u00e9curit\u00e9 pour mieux r\u00e9pondre aux besoins des entreprises modernes et notamment <strong>le support de Proxmox VE, Nutanix PRISM et Mongo DB<\/strong>. Pour plus de d\u00e9tails, consultez notre <a href=\"https:\/\/www.veeam.com\/kb4600\" target=\"_new\" rel=\"noopener\">base de connaissances<\/a>.<\/p>\n<h3><strong>Veeam Service Provider Console 8.1<\/strong><\/h3>\n<p>Nous sommes \u00e9galement heureux de vous pr\u00e9senter la version 8.1 de la <strong>Veeam Service Provider Console<\/strong>. Cette mise \u00e0 jour permet aux prestataires de services de mieux g\u00e9rer et surveiller les sauvegardes de leurs clients, avec des fonctionnalit\u00e9s avanc\u00e9es de reporting et une exp\u00e9rience utilisateur am\u00e9lior\u00e9e. Pour en savoir plus, visitez la <a href=\"https:\/\/www.veeam.com\/kb4464\" target=\"_new\" rel=\"noopener\">page officielle<\/a>.<\/p>\n<h3><strong>Veeam Backup for Microsoft 365 8<\/strong><\/h3>\n<p>Avec la croissance continue de Microsoft 365, la nouvelle version de <strong>Veeam Backup for Microsoft 365 8<\/strong> s&rsquo;impose comme une solution incontournable pour prot\u00e9ger vos donn\u00e9es critiques. Cette version offre une meilleure performance avec <strong>les pools de proxy<\/strong>, une meilleur s\u00e9curit\u00e9 avec le sauvegarde immuable sur S3 et et une gestion simplifi\u00e9e des sauvegardes cloud. D\u00e9tails suppl\u00e9mentaires <a href=\"https:\/\/www.veeam.com\/kb4656\" target=\"_new\" rel=\"noopener\">ici<\/a>.<\/p>\n<h3><strong>Veeam Backup for AHV 6<\/strong><\/h3>\n<p>Les utilisateurs de Nutanix AHV b\u00e9n\u00e9ficieront \u00e9galement de la nouvelle version <strong>Veeam Backup for AHV 6<\/strong>. Cette mise \u00e0 jour int\u00e8gre des am\u00e9liorations cl\u00e9s pour simplifier les sauvegardes et restaurations dans les environnements <strong>Nutanix PRISM avec la prise en charge des cat\u00e9gories<\/strong>, garantissant une protection continue des donn\u00e9es. Pour en savoir plus, consultez la <a href=\"https:\/\/www.veeam.com\/kb4299\" target=\"_new\" rel=\"noopener\">base de connaissances<\/a>.<\/p>\n<h2>\ud83d\udd12 S\u00e9curit\u00e9 : Priorit\u00e9 Absolue<\/h2>\n<p>Dans un monde o\u00f9 la s\u00e9curit\u00e9 des donn\u00e9es est essentielle, Veeam prend des mesures importantes pour garantir la protection de vos informations. Nous avons r\u00e9cemment corrig\u00e9 plusieurs vuln\u00e9rabilit\u00e9s (CVE) en publiant des versions s\u00e9curis\u00e9es de nos produits. Si vous n&rsquo;avez pas encore install\u00e9 les derni\u00e8res versions, nous vous encourageons fortement \u00e0 consulter cet article <a href=\"https:\/\/www.veeam.com\/kb4649\" target=\"_new\" rel=\"noopener\">ici<\/a> pour vous assurer que votre infrastructure est bien prot\u00e9g\u00e9e.<\/p>\n<h3>Pourquoi y a-t-il autant de CVE signal\u00e9es chez Veeam ?<\/h3>\n<ol>\n<li><strong>Engagement envers la transparence<\/strong> : Nous avons sign\u00e9 le <strong>CISA Pledge<\/strong>, ce qui signifie que nous nous engageons \u00e0 communiquer ouvertement toutes les vuln\u00e9rabilit\u00e9s d\u00e9couvertes, m\u00eame celles d\u00e9tect\u00e9es en interne.<\/li>\n<li><strong>Renforcement de l&rsquo;\u00e9quipe s\u00e9curit\u00e9<\/strong> : Nous avons tripl\u00e9 notre \u00e9quipe de s\u00e9curit\u00e9 d\u00e9di\u00e9e \u00e0 la recherche et d\u00e9veloppement, afin de r\u00e9pondre rapidement aux menaces \u00e9mergentes.<\/li>\n<li><strong>Programme de Bug Bounty<\/strong> : Gr\u00e2ce \u00e0 notre programme de Bug Bounty, les chercheurs en s\u00e9curit\u00e9 externes contribuent \u00e0 identifier et corriger rapidement toute vuln\u00e9rabilit\u00e9.<\/li>\n<\/ol>\n<p>Cet engagement en faveur de la transparence et de la s\u00e9curit\u00e9 t\u00e9moigne de notre volont\u00e9 de prot\u00e9ger vos donn\u00e9es de mani\u00e8re proactive.<\/p>\n<h2>\ud83d\udcc5 VeeamON Tour : Rejoignez-nous \u00e0 Bordeaux et Nantes !<\/h2>\n<p>Nous avons le plaisir de vous annoncer que le <strong>VeeamON Tour<\/strong> fait son grand retour cet automne, et cette ann\u00e9e, nous passerons par <strong>Bordeaux<\/strong> et <strong>Nantes<\/strong> ! R\u00e9servez d\u00e8s maintenant vos dates pour une exp\u00e9rience unique :<\/p>\n<ul>\n<li><strong>Bordeaux : 10 octobre<\/strong><\/li>\n<li><strong>Nantes : 15 octobre<\/strong><\/li>\n<\/ul>\n<h3>Pourquoi venir ?<\/h3>\n<p>Ces journ\u00e9es seront l&rsquo;occasion de d\u00e9couvrir les derni\u00e8res innovations en mati\u00e8re de cyber-r\u00e9silience et de protection des donn\u00e9es, avec un programme riche en informations et en interactions :<\/p>\n<ul>\n<li><strong>Keynotes<\/strong> inspirantes sur la protection des donn\u00e9es, l&rsquo;intelligence et la s\u00e9curit\u00e9<\/li>\n<li><strong>Ateliers techniques<\/strong> anim\u00e9s par nos experts pour vous plonger dans des sujets pointus<\/li>\n<li><strong>Pr\u00e9sentations de nouveaut\u00e9s<\/strong> concernant la Veeam Data Platform, le Cloud et Kubernetes<\/li>\n<li><strong>T\u00e9moignages de clients<\/strong> pour des retours d&rsquo;exp\u00e9rience concrets et enrichissants<\/li>\n<\/ul>\n<p>Ne manquez pas cet \u00e9v\u00e9nement ! <a href=\"https:\/\/www.veeam.com\/veeamon-tours\/france\" target=\"_new\" rel=\"noopener\">Inscrivez-vous d\u00e8s maintenant en suivant ce lien<\/a>.<\/p>\n<p>A bient\u00f4t !<\/p>\n","protected":false},"excerpt":{"rendered":"<p>Salut tout le monde, \u00e7a fait longtemps que nous n&rsquo;avons pas fais une pause caf\u00e9 ensemble \ud83d\ude42 Je suis ravis de vous annoncer une s\u00e9rie de nouveaut\u00e9s passionnantes ! Avec des mises \u00e0 jour produits majeures, un engagement accru en mati\u00e8re de s\u00e9curit\u00e9, et des \u00e9v\u00e9nements \u00e0 ne pas manquer, cet automne s&rsquo;annonce riche en innovations. Faisons le point sur tout ce qui se passe chez Veeam. \ud83c\udd95 Nouvelles Sorties : Des Solutions Toujours Plus Performantes Nous avons r\u00e9cemment lanc\u00e9&#8230;<\/p>\n<p class=\"read-more\"><a class=\"btn btn-default\" href=\"https:\/\/baptistetellier.fr\/index.php\/2024\/09\/17\/cest-lheure-de-la-pause-veeam-6-septembre2024\/\">Lire la suite<span class=\"screen-reader-text\"> Lire la suite<\/span><\/a><\/p>\n","protected":false},"author":1,"featured_media":460,"comment_status":"open","ping_status":"open","sticky":false,"template":"","format":"standard","meta":{"_monsterinsights_skip_tracking":false,"_monsterinsights_sitenote_active":false,"_monsterinsights_sitenote_note":"","_monsterinsights_sitenote_category":0,"footnotes":""},"categories":[30,5,2],"tags":[26,19,34,67,33,43,36,37,60,32,55,17,25,61,39,40],"class_list":["post-1116","post","type-post","status-publish","format-standard","has-post-thumbnail","hentry","category-vbo","category-vbr","category-veeam","tag-backup-replication","tag-cloud-provider","tag-microsoft","tag-microsoft-365","tag-office-365","tag-ransomware","tag-repository","tag-stockage-objet","tag-vbm365","tag-vbo","tag-vbr-v12","tag-veeam","tag-veeam-backup","tag-veeam-backup-for-microsoft-365","tag-veille-techno","tag-veille-technologique"],"yoast_head":"<!-- This site is optimized with the Yoast SEO plugin v27.5 - https:\/\/yoast.com\/product\/yoast-seo-wordpress\/ -->\n<title>C\u2019est l\u2019heure de la pause Veeam #6 Septembre2024 - Baptiste Tellier<\/title>\n<meta name=\"description\" content=\"Baptiste Tellier C\u2019est l\u2019heure de la pause Veeam #6 Septembre2024 - Veeam - Focus sur les VCSP - Veeam Cloud Service Provider about Veeam Cloud Connect and more !\" \/>\n<meta name=\"robots\" content=\"index, follow, max-snippet:-1, max-image-preview:large, max-video-preview:-1\" \/>\n<link rel=\"canonical\" href=\"https:\/\/baptistetellier.fr\/index.php\/2024\/09\/17\/cest-lheure-de-la-pause-veeam-6-septembre2024\/\" \/>\n<meta property=\"og:locale\" content=\"fr_FR\" \/>\n<meta property=\"og:type\" content=\"article\" \/>\n<meta property=\"og:title\" content=\"C\u2019est l\u2019heure de la pause Veeam #6 Septembre2024 - Baptiste Tellier\" \/>\n<meta property=\"og:description\" content=\"Baptiste Tellier C\u2019est l\u2019heure de la pause Veeam #6 Septembre2024 - Veeam - Focus sur les VCSP - Veeam Cloud Service Provider about Veeam Cloud Connect and more !\" \/>\n<meta property=\"og:url\" content=\"https:\/\/baptistetellier.fr\/index.php\/2024\/09\/17\/cest-lheure-de-la-pause-veeam-6-septembre2024\/\" \/>\n<meta property=\"og:site_name\" content=\"Baptiste Tellier\" \/>\n<meta property=\"article:published_time\" content=\"2024-09-17T10:06:51+00:00\" \/>\n<meta property=\"og:image\" content=\"https:\/\/baptistetellier.fr\/wp-content\/uploads\/2021\/04\/donut-3723751_1920-copie.jpg\" \/>\n\t<meta property=\"og:image:width\" content=\"1920\" \/>\n\t<meta property=\"og:image:height\" content=\"1280\" \/>\n\t<meta property=\"og:image:type\" content=\"image\/jpeg\" \/>\n<meta name=\"author\" content=\"Baptiste Tellier\" \/>\n<meta name=\"twitter:card\" content=\"summary_large_image\" \/>\n<meta name=\"twitter:label1\" content=\"\u00c9crit par\" \/>\n\t<meta name=\"twitter:data1\" content=\"Baptiste Tellier\" \/>\n\t<meta name=\"twitter:label2\" content=\"Dur\u00e9e de lecture estim\u00e9e\" \/>\n\t<meta name=\"twitter:data2\" content=\"4 minutes\" \/>\n<script type=\"application\/ld+json\" class=\"yoast-schema-graph\">{\"@context\":\"https:\\\/\\\/schema.org\",\"@graph\":[{\"@type\":\"Article\",\"@id\":\"https:\\\/\\\/baptistetellier.fr\\\/index.php\\\/2024\\\/09\\\/17\\\/cest-lheure-de-la-pause-veeam-6-septembre2024\\\/#article\",\"isPartOf\":{\"@id\":\"https:\\\/\\\/baptistetellier.fr\\\/index.php\\\/2024\\\/09\\\/17\\\/cest-lheure-de-la-pause-veeam-6-septembre2024\\\/\"},\"author\":{\"name\":\"Baptiste Tellier\",\"@id\":\"https:\\\/\\\/baptistetellier.fr\\\/#\\\/schema\\\/person\\\/0e3e43784261c58dd916e9f0a1673541\"},\"headline\":\"C\u2019est l\u2019heure de la pause Veeam #6 Septembre2024\",\"datePublished\":\"2024-09-17T10:06:51+00:00\",\"mainEntityOfPage\":{\"@id\":\"https:\\\/\\\/baptistetellier.fr\\\/index.php\\\/2024\\\/09\\\/17\\\/cest-lheure-de-la-pause-veeam-6-septembre2024\\\/\"},\"wordCount\":751,\"commentCount\":0,\"publisher\":{\"@id\":\"https:\\\/\\\/baptistetellier.fr\\\/#\\\/schema\\\/person\\\/0e3e43784261c58dd916e9f0a1673541\"},\"image\":{\"@id\":\"https:\\\/\\\/baptistetellier.fr\\\/index.php\\\/2024\\\/09\\\/17\\\/cest-lheure-de-la-pause-veeam-6-septembre2024\\\/#primaryimage\"},\"thumbnailUrl\":\"https:\\\/\\\/baptistetellier.fr\\\/wp-content\\\/uploads\\\/2021\\\/04\\\/donut-3723751_1920-copie.jpg\",\"keywords\":[\"backup &amp; replication\",\"Cloud provider\",\"Microsoft\",\"Microsoft 365\",\"Office 365\",\"ransomware\",\"repository\",\"stockage objet\",\"VBM365\",\"VBO\",\"VBR v12\",\"Veeam\",\"Veeam Backup\",\"Veeam Backup for Microsoft 365\",\"Veille techno\",\"veille technologique\"],\"articleSection\":[\"VBO\",\"VBR\",\"Veeam\"],\"inLanguage\":\"fr-FR\",\"potentialAction\":[{\"@type\":\"CommentAction\",\"name\":\"Comment\",\"target\":[\"https:\\\/\\\/baptistetellier.fr\\\/index.php\\\/2024\\\/09\\\/17\\\/cest-lheure-de-la-pause-veeam-6-septembre2024\\\/#respond\"]}]},{\"@type\":\"WebPage\",\"@id\":\"https:\\\/\\\/baptistetellier.fr\\\/index.php\\\/2024\\\/09\\\/17\\\/cest-lheure-de-la-pause-veeam-6-septembre2024\\\/\",\"url\":\"https:\\\/\\\/baptistetellier.fr\\\/index.php\\\/2024\\\/09\\\/17\\\/cest-lheure-de-la-pause-veeam-6-septembre2024\\\/\",\"name\":\"C\u2019est l\u2019heure de la pause Veeam #6 Septembre2024 - Baptiste Tellier\",\"isPartOf\":{\"@id\":\"https:\\\/\\\/baptistetellier.fr\\\/#website\"},\"primaryImageOfPage\":{\"@id\":\"https:\\\/\\\/baptistetellier.fr\\\/index.php\\\/2024\\\/09\\\/17\\\/cest-lheure-de-la-pause-veeam-6-septembre2024\\\/#primaryimage\"},\"image\":{\"@id\":\"https:\\\/\\\/baptistetellier.fr\\\/index.php\\\/2024\\\/09\\\/17\\\/cest-lheure-de-la-pause-veeam-6-septembre2024\\\/#primaryimage\"},\"thumbnailUrl\":\"https:\\\/\\\/baptistetellier.fr\\\/wp-content\\\/uploads\\\/2021\\\/04\\\/donut-3723751_1920-copie.jpg\",\"datePublished\":\"2024-09-17T10:06:51+00:00\",\"description\":\"Baptiste Tellier C\u2019est l\u2019heure de la pause Veeam #6 Septembre2024 - Veeam - Focus sur les VCSP - Veeam Cloud Service Provider about Veeam Cloud Connect and more !\",\"breadcrumb\":{\"@id\":\"https:\\\/\\\/baptistetellier.fr\\\/index.php\\\/2024\\\/09\\\/17\\\/cest-lheure-de-la-pause-veeam-6-septembre2024\\\/#breadcrumb\"},\"inLanguage\":\"fr-FR\",\"potentialAction\":[{\"@type\":\"ReadAction\",\"target\":[\"https:\\\/\\\/baptistetellier.fr\\\/index.php\\\/2024\\\/09\\\/17\\\/cest-lheure-de-la-pause-veeam-6-septembre2024\\\/\"]}]},{\"@type\":\"ImageObject\",\"inLanguage\":\"fr-FR\",\"@id\":\"https:\\\/\\\/baptistetellier.fr\\\/index.php\\\/2024\\\/09\\\/17\\\/cest-lheure-de-la-pause-veeam-6-septembre2024\\\/#primaryimage\",\"url\":\"https:\\\/\\\/baptistetellier.fr\\\/wp-content\\\/uploads\\\/2021\\\/04\\\/donut-3723751_1920-copie.jpg\",\"contentUrl\":\"https:\\\/\\\/baptistetellier.fr\\\/wp-content\\\/uploads\\\/2021\\\/04\\\/donut-3723751_1920-copie.jpg\",\"width\":1920,\"height\":1280},{\"@type\":\"BreadcrumbList\",\"@id\":\"https:\\\/\\\/baptistetellier.fr\\\/index.php\\\/2024\\\/09\\\/17\\\/cest-lheure-de-la-pause-veeam-6-septembre2024\\\/#breadcrumb\",\"itemListElement\":[{\"@type\":\"ListItem\",\"position\":1,\"name\":\"Accueil\",\"item\":\"https:\\\/\\\/baptistetellier.fr\\\/\"},{\"@type\":\"ListItem\",\"position\":2,\"name\":\"C\u2019est l\u2019heure de la pause Veeam #6 Septembre2024\"}]},{\"@type\":\"WebSite\",\"@id\":\"https:\\\/\\\/baptistetellier.fr\\\/#website\",\"url\":\"https:\\\/\\\/baptistetellier.fr\\\/\",\"name\":\"Baptiste Tellier\",\"description\":\"\",\"publisher\":{\"@id\":\"https:\\\/\\\/baptistetellier.fr\\\/#\\\/schema\\\/person\\\/0e3e43784261c58dd916e9f0a1673541\"},\"potentialAction\":[{\"@type\":\"SearchAction\",\"target\":{\"@type\":\"EntryPoint\",\"urlTemplate\":\"https:\\\/\\\/baptistetellier.fr\\\/?s={search_term_string}\"},\"query-input\":{\"@type\":\"PropertyValueSpecification\",\"valueRequired\":true,\"valueName\":\"search_term_string\"}}],\"inLanguage\":\"fr-FR\"},{\"@type\":[\"Person\",\"Organization\"],\"@id\":\"https:\\\/\\\/baptistetellier.fr\\\/#\\\/schema\\\/person\\\/0e3e43784261c58dd916e9f0a1673541\",\"name\":\"Baptiste Tellier\",\"image\":{\"@type\":\"ImageObject\",\"inLanguage\":\"fr-FR\",\"@id\":\"https:\\\/\\\/baptistetellier.fr\\\/wp-content\\\/uploads\\\/2020\\\/09\\\/20190315_110256-2.jpg\",\"url\":\"https:\\\/\\\/baptistetellier.fr\\\/wp-content\\\/uploads\\\/2020\\\/09\\\/20190315_110256-2.jpg\",\"contentUrl\":\"https:\\\/\\\/baptistetellier.fr\\\/wp-content\\\/uploads\\\/2020\\\/09\\\/20190315_110256-2.jpg\",\"width\":2025,\"height\":1562,\"caption\":\"Baptiste Tellier\"},\"logo\":{\"@id\":\"https:\\\/\\\/baptistetellier.fr\\\/wp-content\\\/uploads\\\/2020\\\/09\\\/20190315_110256-2.jpg\"}}]}<\/script>\n<!-- \/ Yoast SEO plugin. -->","yoast_head_json":{"title":"C\u2019est l\u2019heure de la pause Veeam #6 Septembre2024 - Baptiste Tellier","description":"Baptiste Tellier C\u2019est l\u2019heure de la pause Veeam #6 Septembre2024 - Veeam - Focus sur les VCSP - Veeam Cloud Service Provider about Veeam Cloud Connect and more !","robots":{"index":"index","follow":"follow","max-snippet":"max-snippet:-1","max-image-preview":"max-image-preview:large","max-video-preview":"max-video-preview:-1"},"canonical":"https:\/\/baptistetellier.fr\/index.php\/2024\/09\/17\/cest-lheure-de-la-pause-veeam-6-septembre2024\/","og_locale":"fr_FR","og_type":"article","og_title":"C\u2019est l\u2019heure de la pause Veeam #6 Septembre2024 - Baptiste Tellier","og_description":"Baptiste Tellier C\u2019est l\u2019heure de la pause Veeam #6 Septembre2024 - Veeam - Focus sur les VCSP - Veeam Cloud Service Provider about Veeam Cloud Connect and more !","og_url":"https:\/\/baptistetellier.fr\/index.php\/2024\/09\/17\/cest-lheure-de-la-pause-veeam-6-septembre2024\/","og_site_name":"Baptiste Tellier","article_published_time":"2024-09-17T10:06:51+00:00","og_image":[{"width":1920,"height":1280,"url":"https:\/\/baptistetellier.fr\/wp-content\/uploads\/2021\/04\/donut-3723751_1920-copie.jpg","type":"image\/jpeg"}],"author":"Baptiste Tellier","twitter_card":"summary_large_image","twitter_misc":{"\u00c9crit par":"Baptiste Tellier","Dur\u00e9e de lecture estim\u00e9e":"4 minutes"},"schema":{"@context":"https:\/\/schema.org","@graph":[{"@type":"Article","@id":"https:\/\/baptistetellier.fr\/index.php\/2024\/09\/17\/cest-lheure-de-la-pause-veeam-6-septembre2024\/#article","isPartOf":{"@id":"https:\/\/baptistetellier.fr\/index.php\/2024\/09\/17\/cest-lheure-de-la-pause-veeam-6-septembre2024\/"},"author":{"name":"Baptiste Tellier","@id":"https:\/\/baptistetellier.fr\/#\/schema\/person\/0e3e43784261c58dd916e9f0a1673541"},"headline":"C\u2019est l\u2019heure de la pause Veeam #6 Septembre2024","datePublished":"2024-09-17T10:06:51+00:00","mainEntityOfPage":{"@id":"https:\/\/baptistetellier.fr\/index.php\/2024\/09\/17\/cest-lheure-de-la-pause-veeam-6-septembre2024\/"},"wordCount":751,"commentCount":0,"publisher":{"@id":"https:\/\/baptistetellier.fr\/#\/schema\/person\/0e3e43784261c58dd916e9f0a1673541"},"image":{"@id":"https:\/\/baptistetellier.fr\/index.php\/2024\/09\/17\/cest-lheure-de-la-pause-veeam-6-septembre2024\/#primaryimage"},"thumbnailUrl":"https:\/\/baptistetellier.fr\/wp-content\/uploads\/2021\/04\/donut-3723751_1920-copie.jpg","keywords":["backup &amp; replication","Cloud provider","Microsoft","Microsoft 365","Office 365","ransomware","repository","stockage objet","VBM365","VBO","VBR v12","Veeam","Veeam Backup","Veeam Backup for Microsoft 365","Veille techno","veille technologique"],"articleSection":["VBO","VBR","Veeam"],"inLanguage":"fr-FR","potentialAction":[{"@type":"CommentAction","name":"Comment","target":["https:\/\/baptistetellier.fr\/index.php\/2024\/09\/17\/cest-lheure-de-la-pause-veeam-6-septembre2024\/#respond"]}]},{"@type":"WebPage","@id":"https:\/\/baptistetellier.fr\/index.php\/2024\/09\/17\/cest-lheure-de-la-pause-veeam-6-septembre2024\/","url":"https:\/\/baptistetellier.fr\/index.php\/2024\/09\/17\/cest-lheure-de-la-pause-veeam-6-septembre2024\/","name":"C\u2019est l\u2019heure de la pause Veeam #6 Septembre2024 - Baptiste Tellier","isPartOf":{"@id":"https:\/\/baptistetellier.fr\/#website"},"primaryImageOfPage":{"@id":"https:\/\/baptistetellier.fr\/index.php\/2024\/09\/17\/cest-lheure-de-la-pause-veeam-6-septembre2024\/#primaryimage"},"image":{"@id":"https:\/\/baptistetellier.fr\/index.php\/2024\/09\/17\/cest-lheure-de-la-pause-veeam-6-septembre2024\/#primaryimage"},"thumbnailUrl":"https:\/\/baptistetellier.fr\/wp-content\/uploads\/2021\/04\/donut-3723751_1920-copie.jpg","datePublished":"2024-09-17T10:06:51+00:00","description":"Baptiste Tellier C\u2019est l\u2019heure de la pause Veeam #6 Septembre2024 - Veeam - Focus sur les VCSP - Veeam Cloud Service Provider about Veeam Cloud Connect and more !","breadcrumb":{"@id":"https:\/\/baptistetellier.fr\/index.php\/2024\/09\/17\/cest-lheure-de-la-pause-veeam-6-septembre2024\/#breadcrumb"},"inLanguage":"fr-FR","potentialAction":[{"@type":"ReadAction","target":["https:\/\/baptistetellier.fr\/index.php\/2024\/09\/17\/cest-lheure-de-la-pause-veeam-6-septembre2024\/"]}]},{"@type":"ImageObject","inLanguage":"fr-FR","@id":"https:\/\/baptistetellier.fr\/index.php\/2024\/09\/17\/cest-lheure-de-la-pause-veeam-6-septembre2024\/#primaryimage","url":"https:\/\/baptistetellier.fr\/wp-content\/uploads\/2021\/04\/donut-3723751_1920-copie.jpg","contentUrl":"https:\/\/baptistetellier.fr\/wp-content\/uploads\/2021\/04\/donut-3723751_1920-copie.jpg","width":1920,"height":1280},{"@type":"BreadcrumbList","@id":"https:\/\/baptistetellier.fr\/index.php\/2024\/09\/17\/cest-lheure-de-la-pause-veeam-6-septembre2024\/#breadcrumb","itemListElement":[{"@type":"ListItem","position":1,"name":"Accueil","item":"https:\/\/baptistetellier.fr\/"},{"@type":"ListItem","position":2,"name":"C\u2019est l\u2019heure de la pause Veeam #6 Septembre2024"}]},{"@type":"WebSite","@id":"https:\/\/baptistetellier.fr\/#website","url":"https:\/\/baptistetellier.fr\/","name":"Baptiste Tellier","description":"","publisher":{"@id":"https:\/\/baptistetellier.fr\/#\/schema\/person\/0e3e43784261c58dd916e9f0a1673541"},"potentialAction":[{"@type":"SearchAction","target":{"@type":"EntryPoint","urlTemplate":"https:\/\/baptistetellier.fr\/?s={search_term_string}"},"query-input":{"@type":"PropertyValueSpecification","valueRequired":true,"valueName":"search_term_string"}}],"inLanguage":"fr-FR"},{"@type":["Person","Organization"],"@id":"https:\/\/baptistetellier.fr\/#\/schema\/person\/0e3e43784261c58dd916e9f0a1673541","name":"Baptiste Tellier","image":{"@type":"ImageObject","inLanguage":"fr-FR","@id":"https:\/\/baptistetellier.fr\/wp-content\/uploads\/2020\/09\/20190315_110256-2.jpg","url":"https:\/\/baptistetellier.fr\/wp-content\/uploads\/2020\/09\/20190315_110256-2.jpg","contentUrl":"https:\/\/baptistetellier.fr\/wp-content\/uploads\/2020\/09\/20190315_110256-2.jpg","width":2025,"height":1562,"caption":"Baptiste Tellier"},"logo":{"@id":"https:\/\/baptistetellier.fr\/wp-content\/uploads\/2020\/09\/20190315_110256-2.jpg"}}]}},"_links":{"self":[{"href":"https:\/\/baptistetellier.fr\/index.php\/wp-json\/wp\/v2\/posts\/1116","targetHints":{"allow":["GET"]}}],"collection":[{"href":"https:\/\/baptistetellier.fr\/index.php\/wp-json\/wp\/v2\/posts"}],"about":[{"href":"https:\/\/baptistetellier.fr\/index.php\/wp-json\/wp\/v2\/types\/post"}],"author":[{"embeddable":true,"href":"https:\/\/baptistetellier.fr\/index.php\/wp-json\/wp\/v2\/users\/1"}],"replies":[{"embeddable":true,"href":"https:\/\/baptistetellier.fr\/index.php\/wp-json\/wp\/v2\/comments?post=1116"}],"version-history":[{"count":1,"href":"https:\/\/baptistetellier.fr\/index.php\/wp-json\/wp\/v2\/posts\/1116\/revisions"}],"predecessor-version":[{"id":1117,"href":"https:\/\/baptistetellier.fr\/index.php\/wp-json\/wp\/v2\/posts\/1116\/revisions\/1117"}],"wp:featuredmedia":[{"embeddable":true,"href":"https:\/\/baptistetellier.fr\/index.php\/wp-json\/wp\/v2\/media\/460"}],"wp:attachment":[{"href":"https:\/\/baptistetellier.fr\/index.php\/wp-json\/wp\/v2\/media?parent=1116"}],"wp:term":[{"taxonomy":"category","embeddable":true,"href":"https:\/\/baptistetellier.fr\/index.php\/wp-json\/wp\/v2\/categories?post=1116"},{"taxonomy":"post_tag","embeddable":true,"href":"https:\/\/baptistetellier.fr\/index.php\/wp-json\/wp\/v2\/tags?post=1116"}],"curies":[{"name":"wp","href":"https:\/\/api.w.org\/{rel}","templated":true}]}}