{"id":1108,"date":"2024-07-31T01:00:51","date_gmt":"2024-07-30T23:00:51","guid":{"rendered":"https:\/\/baptistetellier.fr\/?p=1108"},"modified":"2024-07-31T01:00:51","modified_gmt":"2024-07-30T23:00:51","slug":"transformez-votre-sauvegarde-m365-en-baas-avec-la-vspc","status":"publish","type":"post","link":"https:\/\/baptistetellier.fr\/index.php\/2024\/07\/31\/transformez-votre-sauvegarde-m365-en-baas-avec-la-vspc\/","title":{"rendered":"Transformez votre sauvegarde M365 en BaaS avec la VSPC"},"content":{"rendered":"<p>Dans le monde num\u00e9rique actuel, la sauvegarde des donn\u00e9es est plus cruciale que jamais. Avec l&rsquo;augmentation de l&rsquo;utilisation de Microsoft 365, il est essentiel de disposer d&rsquo;un syst\u00e8me robuste et efficace pour prot\u00e9ger ces pr\u00e9cieuses informations. Je vous explique comment utiliser la Service Provider Console (vspc) pour g\u00e9rer les sauvegardes de Microsoft 365 de vos clients et la transformer en offre de Backup as a Service.<\/p>\n<p><iframe loading=\"lazy\" title=\"YouTube video player\" src=\"https:\/\/www.youtube.com\/embed\/wSHj7ptJncI?si=xxNmZK43vRN09Rtu\" width=\"560\" height=\"315\" frameborder=\"0\" allowfullscreen=\"allowfullscreen\"><\/iframe><\/p>\n<h3>Backup as a Service (BaaS)<\/h3>\n<ul>\n<li><strong>D\u00e9finition<\/strong> : Gestion des sauvegardes et des restaurations via une interface web centralis\u00e9e.<\/li>\n<li><strong>Avantages<\/strong> : Simplifie la gestion des donn\u00e9es, am\u00e9liore l&rsquo;efficacit\u00e9 et offre une meilleure protection des informations.<\/li>\n<\/ul>\n<h3>Service Provider Console (vspc)<\/h3>\n<ul>\n<li><strong>Fonctionnalit\u00e9s<\/strong> :<\/li>\n<li><strong>Gestion de l&rsquo;infrastructure<\/strong><\/li>\n<li><strong>Monitoring<\/strong><\/li>\n<li><strong>Disaster Recovery<\/strong><\/li>\n<li><strong>Gestion des licences<\/strong><\/li>\n<li><strong>Facturation (billing)<\/strong><\/li>\n<li><strong>Onboarding<\/strong><\/li>\n<li><strong>Cr\u00e9ation de tickets de support<\/strong><\/li>\n<li><strong>Gratuit\u00e9<\/strong> : La console est gratuite pour les fournisseurs de services.<\/li>\n<\/ul>\n<h3>Pulse<\/h3>\n<ul>\n<li><strong>R\u00f4le<\/strong> : Outil int\u00e9gr\u00e9 pour la cr\u00e9ation et la gestion des fichiers de licence.<\/li>\n<li><strong>Int\u00e9gration<\/strong> : Permet de g\u00e9rer directement les licences via la console.<\/li>\n<\/ul>\n<h2>Sc\u00e9narios de Sauvegarde<\/h2>\n<h3>1. Dedicated Instance<\/h3>\n<ul>\n<li><strong>Description<\/strong> : Installation d\u00e9di\u00e9e pour chaque client avec un serveur m365 par client.<\/li>\n<li><strong>Gestion<\/strong> : Centralis\u00e9e via la console.<\/li>\n<\/ul>\n<h3>2. Full Managed Service (Hosted)<\/h3>\n<ul>\n<li><strong>Description<\/strong> : Un seul serveur Veeam Backup pour m365 h\u00e9berg\u00e9 par le fournisseur.<\/li>\n<li><strong>Gestion<\/strong> : Plusieurs clients peuvent \u00eatre g\u00e9r\u00e9s avec des proxies et des repositories d\u00e9di\u00e9s.<\/li>\n<\/ul>\n<h2>Fonctionnalit\u00e9s Cl\u00e9s<\/h2>\n<h3>Int\u00e9gration avec Microsoft 365<\/h3>\n<ul>\n<li><strong>Contr\u00f4le Client<\/strong> : Permet aux clients de cr\u00e9er, monitorer et g\u00e9rer leurs propres jobs de sauvegarde et de restauration.<\/li>\n<li><strong>Autonomie<\/strong> : Les clients peuvent g\u00e9rer leurs sauvegardes sans d\u00e9pendre du fournisseur.<\/li>\n<\/ul>\n<h3>Remote Management<\/h3>\n<ul>\n<li><strong>Agent de Management<\/strong> : Permet la gestion centralis\u00e9e des serveurs m365.<\/li>\n<li><strong>Monitoring<\/strong> : Suivi en temps r\u00e9el des \u00e9tats des serveurs, des jobs et des licences.<\/li>\n<\/ul>\n<h3>Multi-tenant<\/h3>\n<ul>\n<li><strong>Gestion Multiple<\/strong> : Possibilit\u00e9 de g\u00e9rer plusieurs clients sur un m\u00eame serveur.<\/li>\n<li><strong>Configuration Sp\u00e9cifique<\/strong> : Capacit\u00e9 de configurer des repositories sp\u00e9cifiques par client.<\/li>\n<\/ul>\n<h2>Processus de Configuration<\/h2>\n<h3>\u00c9tapes Cl\u00e9s<\/h3>\n<ol>\n<li><strong>Cr\u00e9ation de Compagnies<\/strong>\n<ul>\n<li>Configuration des organisations dans la console avec les permissions n\u00e9cessaires.<\/li>\n<\/ul>\n<\/li>\n<li><strong>Assignation de Repositories<\/strong>\n<ul>\n<li>Configuration des buckets pour les clients sur le serveur m365.<\/li>\n<\/ul>\n<\/li>\n<li><strong>Onboarding des Clients<\/strong>\n<ul>\n<li>Les clients peuvent s&rsquo;enregistrer, configurer leurs organisations et g\u00e9rer leurs sauvegardes de mani\u00e8re autonome.<\/li>\n<\/ul>\n<\/li>\n<\/ol>\n<h2>Avantages de la Solution<\/h2>\n<h3>Autonomie des Clients<\/h3>\n<ul>\n<li><strong>Ind\u00e9pendance<\/strong> : Les clients peuvent g\u00e9rer leurs sauvegardes et restaurations sans d\u00e9pendre du fournisseur.<\/li>\n<li><strong>Flexibilit\u00e9<\/strong> : Choix des types de stockage, serveurs et plateformes sans restrictions.<\/li>\n<\/ul>\n<h3>Contr\u00f4le Global<\/h3>\n<ul>\n<li><strong>Vue Centralis\u00e9e<\/strong> : Gestion compl\u00e8te de l&rsquo;environnement de sauvegarde pour les fournisseurs.<\/li>\n<li><strong>\u00c9volutivit\u00e9<\/strong> : Capacit\u00e9 de scale avec l&rsquo;ajout de nouveaux serveurs et clients.<\/li>\n<\/ul>\n<h2>D\u00e9mos et Tutoriels<\/h2>\n<h3>D\u00e9monstrations<\/h3>\n<ul>\n<li><strong>Illustration<\/strong> : Pr\u00e9sentation d\u00e9taill\u00e9e de la configuration d&rsquo;une compagnie, l&rsquo;ajout de serveurs et la cr\u00e9ation de jobs de sauvegarde.<\/li>\n<li><strong>Tutoriels Vid\u00e9o<\/strong> : Disponibles pour une compr\u00e9hension approfondie de l&rsquo;utilisation de la vspc et des sc\u00e9narios de sauvegarde.<\/li>\n<\/ul>\n<h2>Ressources et Guides<\/h2>\n<h3>Guide des Meilleures Pratiques<\/h3>\n<ul>\n<li><strong>Conseils<\/strong> : Dimensionnement, conception et gestion des sauvegardes m365.<\/li>\n<li><strong>Portail Self Service<\/strong> : Documentation et vid\u00e9os expliquant l&rsquo;utilisation du portail pour la restauration par les clients eux-m\u00eames.<\/li>\n<\/ul>\n<h2>Conclusion<\/h2>\n<h3>Interactivit\u00e9<\/h3>\n<ul>\n<li><strong>Questions et R\u00e9ponses<\/strong> : Encouragement \u00e0 poser des questions via le blog ou les commentaires sous la vid\u00e9o.<\/li>\n<li><strong>Support Continu<\/strong> : Assistance et r\u00e9ponse aux questions des utilisateurs.<\/li>\n<\/ul>\n<p>La Service Provider Console de Veeam est un outil puissant pour la gestion des sauvegardes de Microsoft 365. Elle offre une autonomie consid\u00e9rable aux clients tout en permettant aux fournisseurs de services de maintenir un contr\u00f4le global sur l&rsquo;infrastructure de sauvegarde. Profitez des ressources disponibles et optimisez la protection de vos donn\u00e9es avec cette solution avanc\u00e9e.<\/p>\n","protected":false},"excerpt":{"rendered":"<p>Dans le monde num\u00e9rique actuel, la sauvegarde des donn\u00e9es est plus cruciale que jamais. Avec l&rsquo;augmentation de l&rsquo;utilisation de Microsoft 365, il est essentiel de disposer d&rsquo;un syst\u00e8me robuste et efficace pour prot\u00e9ger ces pr\u00e9cieuses informations. Je vous explique comment utiliser la Service Provider Console (vspc) pour g\u00e9rer les sauvegardes de Microsoft 365 de vos clients et la transformer en offre de Backup as a Service. Backup as a Service (BaaS) D\u00e9finition : Gestion des sauvegardes et des restaurations via&#8230;<\/p>\n<p class=\"read-more\"><a class=\"btn btn-default\" href=\"https:\/\/baptistetellier.fr\/index.php\/2024\/07\/31\/transformez-votre-sauvegarde-m365-en-baas-avec-la-vspc\/\">Lire la suite<span class=\"screen-reader-text\"> Lire la suite<\/span><\/a><\/p>\n","protected":false},"author":1,"featured_media":1110,"comment_status":"open","ping_status":"open","sticky":false,"template":"","format":"standard","meta":{"_monsterinsights_skip_tracking":false,"_monsterinsights_sitenote_active":false,"_monsterinsights_sitenote_note":"","_monsterinsights_sitenote_category":0,"footnotes":""},"categories":[30,2,4],"tags":[150,147,146,149,148,26,16,110,126,67,33,124,32,17,25,61,15,11],"class_list":["post-1108","post","type-post","status-publish","format-standard","has-post-thumbnail","hentry","category-vbo","category-veeam","category-vspc","tag-baas","tag-backup","tag-microsoft365","tag-remotemanagement","tag-serviceprovider","tag-backup-replication","tag-cloud","tag-dataprotection","tag-itmanagement","tag-microsoft-365","tag-office-365","tag-techguide","tag-vbo","tag-veeam","tag-veeam-backup","tag-veeam-backup-for-microsoft-365","tag-veeam-service-provider-console","tag-vspc"],"yoast_head":"<!-- This site is optimized with the Yoast SEO plugin v27.4 - https:\/\/yoast.com\/product\/yoast-seo-wordpress\/ -->\n<title>Transformez votre sauvegarde M365 en BaaS avec la VSPC - Baptiste Tellier<\/title>\n<meta name=\"description\" content=\"Baptiste Tellier Transformez votre sauvegarde M365 en BaaS avec la VSPC - Veeam - D\u00e9couvrez comment ma\u00eetriser la sauvegarde de Microsoft 365 gr\u00e2ce \u00e0 la Service Provider Console de Veeam.\" \/>\n<meta name=\"robots\" content=\"index, follow, max-snippet:-1, max-image-preview:large, max-video-preview:-1\" \/>\n<link rel=\"canonical\" href=\"https:\/\/baptistetellier.fr\/index.php\/2024\/07\/31\/transformez-votre-sauvegarde-m365-en-baas-avec-la-vspc\/\" \/>\n<meta property=\"og:locale\" content=\"fr_FR\" \/>\n<meta property=\"og:type\" content=\"article\" \/>\n<meta property=\"og:title\" content=\"Transformez votre sauvegarde M365 en BaaS avec la VSPC - Baptiste Tellier\" \/>\n<meta property=\"og:description\" content=\"Baptiste Tellier Transformez votre sauvegarde M365 en BaaS avec la VSPC - Veeam - D\u00e9couvrez comment ma\u00eetriser la sauvegarde de Microsoft 365 gr\u00e2ce \u00e0 la Service Provider Console de Veeam.\" \/>\n<meta property=\"og:url\" content=\"https:\/\/baptistetellier.fr\/index.php\/2024\/07\/31\/transformez-votre-sauvegarde-m365-en-baas-avec-la-vspc\/\" \/>\n<meta property=\"og:site_name\" content=\"Baptiste Tellier\" \/>\n<meta property=\"article:published_time\" content=\"2024-07-30T23:00:51+00:00\" \/>\n<meta property=\"og:image\" content=\"https:\/\/baptistetellier.fr\/wp-content\/uploads\/2024\/07\/vlcsnap-2024-07-31-00h59m44s417.png\" \/>\n\t<meta property=\"og:image:width\" content=\"1920\" \/>\n\t<meta property=\"og:image:height\" content=\"1080\" \/>\n\t<meta property=\"og:image:type\" content=\"image\/png\" \/>\n<meta name=\"author\" content=\"Baptiste Tellier\" \/>\n<meta name=\"twitter:card\" content=\"summary_large_image\" \/>\n<meta name=\"twitter:label1\" content=\"\u00c9crit par\" \/>\n\t<meta name=\"twitter:data1\" content=\"Baptiste Tellier\" \/>\n\t<meta name=\"twitter:label2\" content=\"Dur\u00e9e de lecture estim\u00e9e\" \/>\n\t<meta name=\"twitter:data2\" content=\"4 minutes\" \/>\n<script type=\"application\/ld+json\" class=\"yoast-schema-graph\">{\"@context\":\"https:\\\/\\\/schema.org\",\"@graph\":[{\"@type\":\"Article\",\"@id\":\"https:\\\/\\\/baptistetellier.fr\\\/index.php\\\/2024\\\/07\\\/31\\\/transformez-votre-sauvegarde-m365-en-baas-avec-la-vspc\\\/#article\",\"isPartOf\":{\"@id\":\"https:\\\/\\\/baptistetellier.fr\\\/index.php\\\/2024\\\/07\\\/31\\\/transformez-votre-sauvegarde-m365-en-baas-avec-la-vspc\\\/\"},\"author\":{\"name\":\"Baptiste Tellier\",\"@id\":\"https:\\\/\\\/baptistetellier.fr\\\/#\\\/schema\\\/person\\\/0e3e43784261c58dd916e9f0a1673541\"},\"headline\":\"Transformez votre sauvegarde M365 en BaaS avec la VSPC\",\"datePublished\":\"2024-07-30T23:00:51+00:00\",\"mainEntityOfPage\":{\"@id\":\"https:\\\/\\\/baptistetellier.fr\\\/index.php\\\/2024\\\/07\\\/31\\\/transformez-votre-sauvegarde-m365-en-baas-avec-la-vspc\\\/\"},\"wordCount\":632,\"commentCount\":2,\"publisher\":{\"@id\":\"https:\\\/\\\/baptistetellier.fr\\\/#\\\/schema\\\/person\\\/0e3e43784261c58dd916e9f0a1673541\"},\"image\":{\"@id\":\"https:\\\/\\\/baptistetellier.fr\\\/index.php\\\/2024\\\/07\\\/31\\\/transformez-votre-sauvegarde-m365-en-baas-avec-la-vspc\\\/#primaryimage\"},\"thumbnailUrl\":\"https:\\\/\\\/baptistetellier.fr\\\/wp-content\\\/uploads\\\/2024\\\/07\\\/vlcsnap-2024-07-31-00h59m44s417.png\",\"keywords\":[\"#BaaS\",\"#Backup\",\"#Microsoft365\",\"#RemoteManagement\",\"#ServiceProvider\",\"backup &amp; replication\",\"Cloud\",\"DataProtection\",\"ITManagement\",\"Microsoft 365\",\"Office 365\",\"TechGuide\",\"VBO\",\"Veeam\",\"Veeam Backup\",\"Veeam Backup for Microsoft 365\",\"Veeam service provider console\",\"VSPC\"],\"articleSection\":[\"VBO\",\"Veeam\",\"VSPC\"],\"inLanguage\":\"fr-FR\",\"potentialAction\":[{\"@type\":\"CommentAction\",\"name\":\"Comment\",\"target\":[\"https:\\\/\\\/baptistetellier.fr\\\/index.php\\\/2024\\\/07\\\/31\\\/transformez-votre-sauvegarde-m365-en-baas-avec-la-vspc\\\/#respond\"]}]},{\"@type\":\"WebPage\",\"@id\":\"https:\\\/\\\/baptistetellier.fr\\\/index.php\\\/2024\\\/07\\\/31\\\/transformez-votre-sauvegarde-m365-en-baas-avec-la-vspc\\\/\",\"url\":\"https:\\\/\\\/baptistetellier.fr\\\/index.php\\\/2024\\\/07\\\/31\\\/transformez-votre-sauvegarde-m365-en-baas-avec-la-vspc\\\/\",\"name\":\"Transformez votre sauvegarde M365 en BaaS avec la VSPC - Baptiste Tellier\",\"isPartOf\":{\"@id\":\"https:\\\/\\\/baptistetellier.fr\\\/#website\"},\"primaryImageOfPage\":{\"@id\":\"https:\\\/\\\/baptistetellier.fr\\\/index.php\\\/2024\\\/07\\\/31\\\/transformez-votre-sauvegarde-m365-en-baas-avec-la-vspc\\\/#primaryimage\"},\"image\":{\"@id\":\"https:\\\/\\\/baptistetellier.fr\\\/index.php\\\/2024\\\/07\\\/31\\\/transformez-votre-sauvegarde-m365-en-baas-avec-la-vspc\\\/#primaryimage\"},\"thumbnailUrl\":\"https:\\\/\\\/baptistetellier.fr\\\/wp-content\\\/uploads\\\/2024\\\/07\\\/vlcsnap-2024-07-31-00h59m44s417.png\",\"datePublished\":\"2024-07-30T23:00:51+00:00\",\"description\":\"Baptiste Tellier Transformez votre sauvegarde M365 en BaaS avec la VSPC - Veeam - D\u00e9couvrez comment ma\u00eetriser la sauvegarde de Microsoft 365 gr\u00e2ce \u00e0 la Service Provider Console de Veeam.\",\"breadcrumb\":{\"@id\":\"https:\\\/\\\/baptistetellier.fr\\\/index.php\\\/2024\\\/07\\\/31\\\/transformez-votre-sauvegarde-m365-en-baas-avec-la-vspc\\\/#breadcrumb\"},\"inLanguage\":\"fr-FR\",\"potentialAction\":[{\"@type\":\"ReadAction\",\"target\":[\"https:\\\/\\\/baptistetellier.fr\\\/index.php\\\/2024\\\/07\\\/31\\\/transformez-votre-sauvegarde-m365-en-baas-avec-la-vspc\\\/\"]}]},{\"@type\":\"ImageObject\",\"inLanguage\":\"fr-FR\",\"@id\":\"https:\\\/\\\/baptistetellier.fr\\\/index.php\\\/2024\\\/07\\\/31\\\/transformez-votre-sauvegarde-m365-en-baas-avec-la-vspc\\\/#primaryimage\",\"url\":\"https:\\\/\\\/baptistetellier.fr\\\/wp-content\\\/uploads\\\/2024\\\/07\\\/vlcsnap-2024-07-31-00h59m44s417.png\",\"contentUrl\":\"https:\\\/\\\/baptistetellier.fr\\\/wp-content\\\/uploads\\\/2024\\\/07\\\/vlcsnap-2024-07-31-00h59m44s417.png\",\"width\":1920,\"height\":1080},{\"@type\":\"BreadcrumbList\",\"@id\":\"https:\\\/\\\/baptistetellier.fr\\\/index.php\\\/2024\\\/07\\\/31\\\/transformez-votre-sauvegarde-m365-en-baas-avec-la-vspc\\\/#breadcrumb\",\"itemListElement\":[{\"@type\":\"ListItem\",\"position\":1,\"name\":\"Accueil\",\"item\":\"https:\\\/\\\/baptistetellier.fr\\\/\"},{\"@type\":\"ListItem\",\"position\":2,\"name\":\"Transformez votre sauvegarde M365 en BaaS avec la VSPC\"}]},{\"@type\":\"WebSite\",\"@id\":\"https:\\\/\\\/baptistetellier.fr\\\/#website\",\"url\":\"https:\\\/\\\/baptistetellier.fr\\\/\",\"name\":\"Baptiste Tellier\",\"description\":\"\",\"publisher\":{\"@id\":\"https:\\\/\\\/baptistetellier.fr\\\/#\\\/schema\\\/person\\\/0e3e43784261c58dd916e9f0a1673541\"},\"potentialAction\":[{\"@type\":\"SearchAction\",\"target\":{\"@type\":\"EntryPoint\",\"urlTemplate\":\"https:\\\/\\\/baptistetellier.fr\\\/?s={search_term_string}\"},\"query-input\":{\"@type\":\"PropertyValueSpecification\",\"valueRequired\":true,\"valueName\":\"search_term_string\"}}],\"inLanguage\":\"fr-FR\"},{\"@type\":[\"Person\",\"Organization\"],\"@id\":\"https:\\\/\\\/baptistetellier.fr\\\/#\\\/schema\\\/person\\\/0e3e43784261c58dd916e9f0a1673541\",\"name\":\"Baptiste Tellier\",\"image\":{\"@type\":\"ImageObject\",\"inLanguage\":\"fr-FR\",\"@id\":\"https:\\\/\\\/baptistetellier.fr\\\/wp-content\\\/uploads\\\/2020\\\/09\\\/20190315_110256-2.jpg\",\"url\":\"https:\\\/\\\/baptistetellier.fr\\\/wp-content\\\/uploads\\\/2020\\\/09\\\/20190315_110256-2.jpg\",\"contentUrl\":\"https:\\\/\\\/baptistetellier.fr\\\/wp-content\\\/uploads\\\/2020\\\/09\\\/20190315_110256-2.jpg\",\"width\":2025,\"height\":1562,\"caption\":\"Baptiste Tellier\"},\"logo\":{\"@id\":\"https:\\\/\\\/baptistetellier.fr\\\/wp-content\\\/uploads\\\/2020\\\/09\\\/20190315_110256-2.jpg\"}}]}<\/script>\n<!-- \/ Yoast SEO plugin. -->","yoast_head_json":{"title":"Transformez votre sauvegarde M365 en BaaS avec la VSPC - Baptiste Tellier","description":"Baptiste Tellier Transformez votre sauvegarde M365 en BaaS avec la VSPC - Veeam - D\u00e9couvrez comment ma\u00eetriser la sauvegarde de Microsoft 365 gr\u00e2ce \u00e0 la Service Provider Console de Veeam.","robots":{"index":"index","follow":"follow","max-snippet":"max-snippet:-1","max-image-preview":"max-image-preview:large","max-video-preview":"max-video-preview:-1"},"canonical":"https:\/\/baptistetellier.fr\/index.php\/2024\/07\/31\/transformez-votre-sauvegarde-m365-en-baas-avec-la-vspc\/","og_locale":"fr_FR","og_type":"article","og_title":"Transformez votre sauvegarde M365 en BaaS avec la VSPC - Baptiste Tellier","og_description":"Baptiste Tellier Transformez votre sauvegarde M365 en BaaS avec la VSPC - Veeam - D\u00e9couvrez comment ma\u00eetriser la sauvegarde de Microsoft 365 gr\u00e2ce \u00e0 la Service Provider Console de Veeam.","og_url":"https:\/\/baptistetellier.fr\/index.php\/2024\/07\/31\/transformez-votre-sauvegarde-m365-en-baas-avec-la-vspc\/","og_site_name":"Baptiste Tellier","article_published_time":"2024-07-30T23:00:51+00:00","og_image":[{"width":1920,"height":1080,"url":"https:\/\/baptistetellier.fr\/wp-content\/uploads\/2024\/07\/vlcsnap-2024-07-31-00h59m44s417.png","type":"image\/png"}],"author":"Baptiste Tellier","twitter_card":"summary_large_image","twitter_misc":{"\u00c9crit par":"Baptiste Tellier","Dur\u00e9e de lecture estim\u00e9e":"4 minutes"},"schema":{"@context":"https:\/\/schema.org","@graph":[{"@type":"Article","@id":"https:\/\/baptistetellier.fr\/index.php\/2024\/07\/31\/transformez-votre-sauvegarde-m365-en-baas-avec-la-vspc\/#article","isPartOf":{"@id":"https:\/\/baptistetellier.fr\/index.php\/2024\/07\/31\/transformez-votre-sauvegarde-m365-en-baas-avec-la-vspc\/"},"author":{"name":"Baptiste Tellier","@id":"https:\/\/baptistetellier.fr\/#\/schema\/person\/0e3e43784261c58dd916e9f0a1673541"},"headline":"Transformez votre sauvegarde M365 en BaaS avec la VSPC","datePublished":"2024-07-30T23:00:51+00:00","mainEntityOfPage":{"@id":"https:\/\/baptistetellier.fr\/index.php\/2024\/07\/31\/transformez-votre-sauvegarde-m365-en-baas-avec-la-vspc\/"},"wordCount":632,"commentCount":2,"publisher":{"@id":"https:\/\/baptistetellier.fr\/#\/schema\/person\/0e3e43784261c58dd916e9f0a1673541"},"image":{"@id":"https:\/\/baptistetellier.fr\/index.php\/2024\/07\/31\/transformez-votre-sauvegarde-m365-en-baas-avec-la-vspc\/#primaryimage"},"thumbnailUrl":"https:\/\/baptistetellier.fr\/wp-content\/uploads\/2024\/07\/vlcsnap-2024-07-31-00h59m44s417.png","keywords":["#BaaS","#Backup","#Microsoft365","#RemoteManagement","#ServiceProvider","backup &amp; replication","Cloud","DataProtection","ITManagement","Microsoft 365","Office 365","TechGuide","VBO","Veeam","Veeam Backup","Veeam Backup for Microsoft 365","Veeam service provider console","VSPC"],"articleSection":["VBO","Veeam","VSPC"],"inLanguage":"fr-FR","potentialAction":[{"@type":"CommentAction","name":"Comment","target":["https:\/\/baptistetellier.fr\/index.php\/2024\/07\/31\/transformez-votre-sauvegarde-m365-en-baas-avec-la-vspc\/#respond"]}]},{"@type":"WebPage","@id":"https:\/\/baptistetellier.fr\/index.php\/2024\/07\/31\/transformez-votre-sauvegarde-m365-en-baas-avec-la-vspc\/","url":"https:\/\/baptistetellier.fr\/index.php\/2024\/07\/31\/transformez-votre-sauvegarde-m365-en-baas-avec-la-vspc\/","name":"Transformez votre sauvegarde M365 en BaaS avec la VSPC - Baptiste Tellier","isPartOf":{"@id":"https:\/\/baptistetellier.fr\/#website"},"primaryImageOfPage":{"@id":"https:\/\/baptistetellier.fr\/index.php\/2024\/07\/31\/transformez-votre-sauvegarde-m365-en-baas-avec-la-vspc\/#primaryimage"},"image":{"@id":"https:\/\/baptistetellier.fr\/index.php\/2024\/07\/31\/transformez-votre-sauvegarde-m365-en-baas-avec-la-vspc\/#primaryimage"},"thumbnailUrl":"https:\/\/baptistetellier.fr\/wp-content\/uploads\/2024\/07\/vlcsnap-2024-07-31-00h59m44s417.png","datePublished":"2024-07-30T23:00:51+00:00","description":"Baptiste Tellier Transformez votre sauvegarde M365 en BaaS avec la VSPC - Veeam - D\u00e9couvrez comment ma\u00eetriser la sauvegarde de Microsoft 365 gr\u00e2ce \u00e0 la Service Provider Console de Veeam.","breadcrumb":{"@id":"https:\/\/baptistetellier.fr\/index.php\/2024\/07\/31\/transformez-votre-sauvegarde-m365-en-baas-avec-la-vspc\/#breadcrumb"},"inLanguage":"fr-FR","potentialAction":[{"@type":"ReadAction","target":["https:\/\/baptistetellier.fr\/index.php\/2024\/07\/31\/transformez-votre-sauvegarde-m365-en-baas-avec-la-vspc\/"]}]},{"@type":"ImageObject","inLanguage":"fr-FR","@id":"https:\/\/baptistetellier.fr\/index.php\/2024\/07\/31\/transformez-votre-sauvegarde-m365-en-baas-avec-la-vspc\/#primaryimage","url":"https:\/\/baptistetellier.fr\/wp-content\/uploads\/2024\/07\/vlcsnap-2024-07-31-00h59m44s417.png","contentUrl":"https:\/\/baptistetellier.fr\/wp-content\/uploads\/2024\/07\/vlcsnap-2024-07-31-00h59m44s417.png","width":1920,"height":1080},{"@type":"BreadcrumbList","@id":"https:\/\/baptistetellier.fr\/index.php\/2024\/07\/31\/transformez-votre-sauvegarde-m365-en-baas-avec-la-vspc\/#breadcrumb","itemListElement":[{"@type":"ListItem","position":1,"name":"Accueil","item":"https:\/\/baptistetellier.fr\/"},{"@type":"ListItem","position":2,"name":"Transformez votre sauvegarde M365 en BaaS avec la VSPC"}]},{"@type":"WebSite","@id":"https:\/\/baptistetellier.fr\/#website","url":"https:\/\/baptistetellier.fr\/","name":"Baptiste Tellier","description":"","publisher":{"@id":"https:\/\/baptistetellier.fr\/#\/schema\/person\/0e3e43784261c58dd916e9f0a1673541"},"potentialAction":[{"@type":"SearchAction","target":{"@type":"EntryPoint","urlTemplate":"https:\/\/baptistetellier.fr\/?s={search_term_string}"},"query-input":{"@type":"PropertyValueSpecification","valueRequired":true,"valueName":"search_term_string"}}],"inLanguage":"fr-FR"},{"@type":["Person","Organization"],"@id":"https:\/\/baptistetellier.fr\/#\/schema\/person\/0e3e43784261c58dd916e9f0a1673541","name":"Baptiste Tellier","image":{"@type":"ImageObject","inLanguage":"fr-FR","@id":"https:\/\/baptistetellier.fr\/wp-content\/uploads\/2020\/09\/20190315_110256-2.jpg","url":"https:\/\/baptistetellier.fr\/wp-content\/uploads\/2020\/09\/20190315_110256-2.jpg","contentUrl":"https:\/\/baptistetellier.fr\/wp-content\/uploads\/2020\/09\/20190315_110256-2.jpg","width":2025,"height":1562,"caption":"Baptiste Tellier"},"logo":{"@id":"https:\/\/baptistetellier.fr\/wp-content\/uploads\/2020\/09\/20190315_110256-2.jpg"}}]}},"_links":{"self":[{"href":"https:\/\/baptistetellier.fr\/index.php\/wp-json\/wp\/v2\/posts\/1108","targetHints":{"allow":["GET"]}}],"collection":[{"href":"https:\/\/baptistetellier.fr\/index.php\/wp-json\/wp\/v2\/posts"}],"about":[{"href":"https:\/\/baptistetellier.fr\/index.php\/wp-json\/wp\/v2\/types\/post"}],"author":[{"embeddable":true,"href":"https:\/\/baptistetellier.fr\/index.php\/wp-json\/wp\/v2\/users\/1"}],"replies":[{"embeddable":true,"href":"https:\/\/baptistetellier.fr\/index.php\/wp-json\/wp\/v2\/comments?post=1108"}],"version-history":[{"count":1,"href":"https:\/\/baptistetellier.fr\/index.php\/wp-json\/wp\/v2\/posts\/1108\/revisions"}],"predecessor-version":[{"id":1111,"href":"https:\/\/baptistetellier.fr\/index.php\/wp-json\/wp\/v2\/posts\/1108\/revisions\/1111"}],"wp:featuredmedia":[{"embeddable":true,"href":"https:\/\/baptistetellier.fr\/index.php\/wp-json\/wp\/v2\/media\/1110"}],"wp:attachment":[{"href":"https:\/\/baptistetellier.fr\/index.php\/wp-json\/wp\/v2\/media?parent=1108"}],"wp:term":[{"taxonomy":"category","embeddable":true,"href":"https:\/\/baptistetellier.fr\/index.php\/wp-json\/wp\/v2\/categories?post=1108"},{"taxonomy":"post_tag","embeddable":true,"href":"https:\/\/baptistetellier.fr\/index.php\/wp-json\/wp\/v2\/tags?post=1108"}],"curies":[{"name":"wp","href":"https:\/\/api.w.org\/{rel}","templated":true}]}}